{"id":7031,"date":"2019-11-11T15:00:22","date_gmt":"2019-11-11T19:00:22","guid":{"rendered":"https:\/\/www.mencare.org\/?p=7031"},"modified":"2019-11-11T18:27:26","modified_gmt":"2019-11-11T22:27:26","slug":"join-us-for-the-mencare-global-meeting-2019","status":"publish","type":"post","link":"http:\/\/www.mencare.org\/es\/join-us-for-the-mencare-global-meeting-2019\/","title":{"rendered":"\u00danase a nosotros en l\u00ednea para la Reuni\u00f3n Global MenCare 2019"},"content":{"rendered":"<p><span style=\"font-weight: 400;\"><img loading=\"lazy\" decoding=\"async\" class=\"fullwidth alignnone wp-image-7032 size-full\" src=\"https:\/\/www.mencare.org\/wp-content\/uploads\/2019\/11\/mencare-meeting-blog-banner-01.png\" alt=\"\" width=\"5000\" height=\"2625\" srcset=\"http:\/\/www.mencare.org\/wp-content\/uploads\/2019\/11\/mencare-meeting-blog-banner-01.png 5000w, http:\/\/www.mencare.org\/wp-content\/uploads\/2019\/11\/mencare-meeting-blog-banner-01-300x158.png 300w, http:\/\/www.mencare.org\/wp-content\/uploads\/2019\/11\/mencare-meeting-blog-banner-01-768x403.png 768w, http:\/\/www.mencare.org\/wp-content\/uploads\/2019\/11\/mencare-meeting-blog-banner-01-1024x538.png 1024w\" sizes=\"auto, (max-width: 5000px) 100vw, 5000px\" \/>Socios y colegas de MenCare de todo el mundo se reunir\u00e1n del 19 al 21 de noviembre en Rabat, Marruecos y mediante participaci\u00f3n remota para desarrollar una agenda conjunta para avanzar en los esfuerzos de defensa internacionales y nacionales, compartir las mejores pr\u00e1cticas y evidencia, y desarrollar formas nuevas e innovadoras de lograr la participaci\u00f3n igualitaria de los hombres en el trabajo de cuidado no remunerado.\u00a0<\/span><\/p>\n<p><b>Si no planea unirse en persona, lo invitamos a participar en la conversaci\u00f3n en l\u00ednea, utilizando #MenCareLive e interactuando con nosotros en <\/b><a href=\"https:\/\/www.facebook.com\/mencarecampaign\" target=\"_blank\" rel=\"noopener\"><b>Facebook<\/b><\/a><b> y <\/b><a href=\"https:\/\/twitter.com\/MenCareGlobal\" target=\"_blank\" rel=\"noopener\"><b>Gorjeo<\/b><\/a><b>.<\/b><\/p>\n<p><span style=\"font-weight: 400;\">Puede encontrar la sesi\u00f3n plenaria y seleccionar las transmisiones en vivo de los talleres visitando:\u00a0<a href=\"https:\/\/www.mencare.org\/es\/mencarelive\/\" target=\"_blank\" rel=\"noopener\">men-care.org\/mencarelive<\/a><\/span><\/p>\n<p><span style=\"font-weight: 400;\">Durante los tres d\u00edas que durar\u00e1 la reuni\u00f3n, los participantes (profesionales, activistas, actores gubernamentales y acad\u00e9micos) compartir\u00e1n e intercambiar\u00e1n nuevos hallazgos, lecciones aprendidas y reflexiones sobre el campo de la participaci\u00f3n de los hombres como padres y cuidadores en pos de la igualdad de g\u00e9nero, con el objetivo de crear un plan unificado para incluir la prestaci\u00f3n de cuidados por parte de los hombres en las agendas nacionales y mundiales. M\u00e1s que nunca, necesitamos crear voces unificadas en pos de la justicia social, pol\u00edtica y econ\u00f3mica.\u00a0<\/span><\/p>\n<p><span style=\"font-weight: 400;\">La reuni\u00f3n se basar\u00e1 en las recomendaciones destacadas en el\u00a0<\/span><a href=\"http:\/\/www.stateoftheworldsfathers.org\/\" target=\"_blank\" rel=\"noopener\"><i><span style=\"font-weight: 400;\">Estado de los padres del mundo<\/span><\/i><\/a><span style=\"font-weight: 400;\">\u00a0Informe de 2019, para desarrollar una hoja de ruta e identificar una agenda de defensa internacional compartida para lograr la igualdad en el cuidado y la igualdad de g\u00e9nero en general.\u00a0<\/span><\/p>\n<p><span style=\"font-weight: 400;\">Esta tercera reuni\u00f3n mundial tambi\u00e9n proporcionar\u00e1 conocimientos y estrategias para lograr un nuevo esfuerzo de MenCare:\u00a0<\/span><a href=\"https:\/\/www.mencare.org\/es\/what-we-do\/advocacy\/the-mencare-commitment\/\" target=\"_blank\" rel=\"noopener\"><i><span style=\"font-weight: 400;\">El compromiso de MenCare<\/span><\/i><\/a><span style=\"font-weight: 400;\">Este ambicioso compromiso tiene como objetivo multiplicar el poder del cuidado involucrando a 50 pa\u00edses para que tomen medidas y alcancen el objetivo nacional de que los hombres realicen el 50 por ciento del trabajo de cuidado no remunerado para 2030.<\/span><\/p>\n<p>&nbsp;<\/p>","protected":false},"excerpt":{"rendered":"<p>Socios y colegas de MenCare de todo el mundo se reunir\u00e1n del 19 al 21 de noviembre en Rabat, Marruecos y mediante participaci\u00f3n remota para desarrollar una agenda conjunta para avanzar en los esfuerzos de defensa internacionales y nacionales, compartir las mejores pr\u00e1cticas y evidencia, y desarrollar formas nuevas e innovadoras de lograr la participaci\u00f3n igualitaria de los hombres en el trabajo de cuidado no remunerado.\u00a0<\/p>","protected":false},"author":173,"featured_media":7033,"comment_status":"closed","ping_status":"closed","sticky":false,"template":"","format":"standard","meta":{"footnotes":""},"categories":[1],"tags":[786,813,800],"class_list":["post-7031","post","type-post","status-publish","format-standard","has-post-thumbnail","hentry","category-uncategorized","tag-mencare-commitment","tag-mencare-global-meeting-2019","tag-state-of-the-worlds-father","countries-morocco"],"acf":[],"yoast_head":"<!-- This site is optimized with the Yoast SEO plugin v25.9 - https:\/\/yoast.com\/wordpress\/plugins\/seo\/ -->\n<title>Join us online for the MenCare Global Meeting 2019 - MenCare<\/title>\n<meta name=\"robots\" content=\"index, follow, max-snippet:-1, max-image-preview:large, max-video-preview:-1\" \/>\n<link rel=\"canonical\" href=\"https:\/\/www.mencare.org\/es\/join-us-for-the-mencare-global-meeting-2019\/\" \/>\n<meta property=\"og:locale\" content=\"es_MX\" \/>\n<meta property=\"og:type\" content=\"article\" \/>\n<meta property=\"og:title\" content=\"Join us online for the MenCare Global Meeting 2019 - MenCare\" \/>\n<meta property=\"og:description\" content=\"MenCare partners and colleagues from around the world will come together from November 19-21 in Rabat, Morocco and via remote participation to develop a joint agenda to advance international and national advocacy efforts, share best practices and evidence, and develop new and innovative ways to achieve men\u2019s equal partnership in unpaid care work.\u00a0\" \/>\n<meta property=\"og:url\" content=\"https:\/\/www.mencare.org\/es\/join-us-for-the-mencare-global-meeting-2019\/\" \/>\n<meta property=\"og:site_name\" content=\"MenCare\" \/>\n<meta property=\"article:published_time\" content=\"2019-11-11T19:00:22+00:00\" \/>\n<meta property=\"article:modified_time\" content=\"2019-11-11T22:27:26+00:00\" \/>\n<meta property=\"og:image\" content=\"https:\/\/www.mencare.org\/wp-content\/uploads\/2019\/11\/mencare-meeting-blog-banner-01.png\" \/>\n\t<meta property=\"og:image:width\" content=\"5000\" \/>\n\t<meta property=\"og:image:height\" content=\"2625\" \/>\n\t<meta property=\"og:image:type\" content=\"image\/png\" \/>\n<meta name=\"author\" content=\"lona\" \/>\n<meta name=\"twitter:card\" content=\"summary_large_image\" \/>\n<meta name=\"twitter:image\" content=\"http:\/\/www.mencare.org\/wp-content\/uploads\/2019\/11\/mencare-meeting-blog-banner-01.png\" \/>\n<meta name=\"twitter:label1\" content=\"Written by\" \/>\n\t<meta name=\"twitter:data1\" content=\"lona\" \/>\n\t<meta name=\"twitter:label2\" content=\"Est. reading time\" \/>\n\t<meta name=\"twitter:data2\" content=\"1 minute\" \/>\n<script type=\"application\/ld+json\" class=\"yoast-schema-graph\">{\"@context\":\"https:\/\/schema.org\",\"@graph\":[{\"@type\":\"WebPage\",\"@id\":\"https:\/\/www.mencare.org\/pt\/join-us-for-the-mencare-global-meeting-2019\/\",\"url\":\"https:\/\/www.mencare.org\/pt\/join-us-for-the-mencare-global-meeting-2019\/\",\"name\":\"Join us online for the MenCare Global Meeting 2019 - MenCare\",\"isPartOf\":{\"@id\":\"https:\/\/www.mencare.org\/#website\"},\"primaryImageOfPage\":{\"@id\":\"https:\/\/www.mencare.org\/pt\/join-us-for-the-mencare-global-meeting-2019\/#primaryimage\"},\"image\":{\"@id\":\"https:\/\/www.mencare.org\/pt\/join-us-for-the-mencare-global-meeting-2019\/#primaryimage\"},\"thumbnailUrl\":\"http:\/\/www.mencare.org\/wp-content\/uploads\/2019\/11\/mencare-meeting-blog-featured-image-01.png\",\"datePublished\":\"2019-11-11T19:00:22+00:00\",\"dateModified\":\"2019-11-11T22:27:26+00:00\",\"author\":{\"@id\":\"https:\/\/www.mencare.org\/#\/schema\/person\/58948687a512184b1b395f62c7d2fd86\"},\"breadcrumb\":{\"@id\":\"https:\/\/www.mencare.org\/pt\/join-us-for-the-mencare-global-meeting-2019\/#breadcrumb\"},\"inLanguage\":\"es-MX\",\"potentialAction\":[{\"@type\":\"ReadAction\",\"target\":[\"https:\/\/www.mencare.org\/pt\/join-us-for-the-mencare-global-meeting-2019\/\"]}]},{\"@type\":\"ImageObject\",\"inLanguage\":\"es-MX\",\"@id\":\"https:\/\/www.mencare.org\/pt\/join-us-for-the-mencare-global-meeting-2019\/#primaryimage\",\"url\":\"http:\/\/www.mencare.org\/wp-content\/uploads\/2019\/11\/mencare-meeting-blog-featured-image-01.png\",\"contentUrl\":\"http:\/\/www.mencare.org\/wp-content\/uploads\/2019\/11\/mencare-meeting-blog-featured-image-01.png\",\"width\":2292,\"height\":1667},{\"@type\":\"BreadcrumbList\",\"@id\":\"https:\/\/www.mencare.org\/pt\/join-us-for-the-mencare-global-meeting-2019\/#breadcrumb\",\"itemListElement\":[{\"@type\":\"ListItem\",\"position\":1,\"name\":\"Home\",\"item\":\"https:\/\/www.mencare.org\/\"},{\"@type\":\"ListItem\",\"position\":2,\"name\":\"Join us online for the MenCare Global Meeting 2019\"}]},{\"@type\":\"WebSite\",\"@id\":\"https:\/\/www.mencare.org\/#website\",\"url\":\"https:\/\/www.mencare.org\/\",\"name\":\"MenCare\",\"description\":\"A Global Fatherhood Campaign\",\"potentialAction\":[{\"@type\":\"SearchAction\",\"target\":{\"@type\":\"EntryPoint\",\"urlTemplate\":\"https:\/\/www.mencare.org\/?s={search_term_string}\"},\"query-input\":{\"@type\":\"PropertyValueSpecification\",\"valueRequired\":true,\"valueName\":\"search_term_string\"}}],\"inLanguage\":\"es-MX\"},{\"@type\":\"Person\",\"@id\":\"https:\/\/www.mencare.org\/#\/schema\/person\/58948687a512184b1b395f62c7d2fd86\",\"name\":\"lona\",\"image\":{\"@type\":\"ImageObject\",\"inLanguage\":\"es-MX\",\"@id\":\"https:\/\/www.mencare.org\/#\/schema\/person\/image\/\",\"url\":\"https:\/\/secure.gravatar.com\/avatar\/454605f9a5ac40f6c8168d2c8c5c71d6d5d63996a8f4437c96286777b30d03b2?s=96&d=mm&r=g\",\"contentUrl\":\"https:\/\/secure.gravatar.com\/avatar\/454605f9a5ac40f6c8168d2c8c5c71d6d5d63996a8f4437c96286777b30d03b2?s=96&d=mm&r=g\",\"caption\":\"lona\"},\"url\":\"http:\/\/www.mencare.org\/es\/author\/lona\/\"}]}<\/script>\n<!-- \/ Yoast SEO plugin. -->","yoast_head_json":{"title":"Join us online for the MenCare Global Meeting 2019 - MenCare","robots":{"index":"index","follow":"follow","max-snippet":"max-snippet:-1","max-image-preview":"max-image-preview:large","max-video-preview":"max-video-preview:-1"},"canonical":"https:\/\/www.mencare.org\/es\/join-us-for-the-mencare-global-meeting-2019\/","og_locale":"es_MX","og_type":"article","og_title":"Join us online for the MenCare Global Meeting 2019 - MenCare","og_description":"MenCare partners and colleagues from around the world will come together from November 19-21 in Rabat, Morocco and via remote participation to develop a joint agenda to advance international and national advocacy efforts, share best practices and evidence, and develop new and innovative ways to achieve men\u2019s equal partnership in unpaid care work.\u00a0","og_url":"https:\/\/www.mencare.org\/es\/join-us-for-the-mencare-global-meeting-2019\/","og_site_name":"MenCare","article_published_time":"2019-11-11T19:00:22+00:00","article_modified_time":"2019-11-11T22:27:26+00:00","og_image":[{"width":5000,"height":2625,"url":"https:\/\/www.mencare.org\/wp-content\/uploads\/2019\/11\/mencare-meeting-blog-banner-01.png","type":"image\/png"}],"author":"lona","twitter_card":"summary_large_image","twitter_image":"http:\/\/www.mencare.org\/wp-content\/uploads\/2019\/11\/mencare-meeting-blog-banner-01.png","twitter_misc":{"Written by":"lona","Est. reading time":"1 minute"},"schema":{"@context":"https:\/\/schema.org","@graph":[{"@type":"WebPage","@id":"https:\/\/www.mencare.org\/pt\/join-us-for-the-mencare-global-meeting-2019\/","url":"https:\/\/www.mencare.org\/pt\/join-us-for-the-mencare-global-meeting-2019\/","name":"Join us online for the MenCare Global Meeting 2019 - MenCare","isPartOf":{"@id":"https:\/\/www.mencare.org\/#website"},"primaryImageOfPage":{"@id":"https:\/\/www.mencare.org\/pt\/join-us-for-the-mencare-global-meeting-2019\/#primaryimage"},"image":{"@id":"https:\/\/www.mencare.org\/pt\/join-us-for-the-mencare-global-meeting-2019\/#primaryimage"},"thumbnailUrl":"http:\/\/www.mencare.org\/wp-content\/uploads\/2019\/11\/mencare-meeting-blog-featured-image-01.png","datePublished":"2019-11-11T19:00:22+00:00","dateModified":"2019-11-11T22:27:26+00:00","author":{"@id":"https:\/\/www.mencare.org\/#\/schema\/person\/58948687a512184b1b395f62c7d2fd86"},"breadcrumb":{"@id":"https:\/\/www.mencare.org\/pt\/join-us-for-the-mencare-global-meeting-2019\/#breadcrumb"},"inLanguage":"es-MX","potentialAction":[{"@type":"ReadAction","target":["https:\/\/www.mencare.org\/pt\/join-us-for-the-mencare-global-meeting-2019\/"]}]},{"@type":"ImageObject","inLanguage":"es-MX","@id":"https:\/\/www.mencare.org\/pt\/join-us-for-the-mencare-global-meeting-2019\/#primaryimage","url":"http:\/\/www.mencare.org\/wp-content\/uploads\/2019\/11\/mencare-meeting-blog-featured-image-01.png","contentUrl":"http:\/\/www.mencare.org\/wp-content\/uploads\/2019\/11\/mencare-meeting-blog-featured-image-01.png","width":2292,"height":1667},{"@type":"BreadcrumbList","@id":"https:\/\/www.mencare.org\/pt\/join-us-for-the-mencare-global-meeting-2019\/#breadcrumb","itemListElement":[{"@type":"ListItem","position":1,"name":"Home","item":"https:\/\/www.mencare.org\/"},{"@type":"ListItem","position":2,"name":"Join us online for the MenCare Global Meeting 2019"}]},{"@type":"WebSite","@id":"https:\/\/www.mencare.org\/#website","url":"https:\/\/www.mencare.org\/","name":"Cuidado de los hombres","description":"Una campa\u00f1a mundial por la paternidad","potentialAction":[{"@type":"SearchAction","target":{"@type":"EntryPoint","urlTemplate":"https:\/\/www.mencare.org\/?s={search_term_string}"},"query-input":{"@type":"PropertyValueSpecification","valueRequired":true,"valueName":"search_term_string"}}],"inLanguage":"es-MX"},{"@type":"Person","@id":"https:\/\/www.mencare.org\/#\/schema\/person\/58948687a512184b1b395f62c7d2fd86","name":"lona","image":{"@type":"ImageObject","inLanguage":"es-MX","@id":"https:\/\/www.mencare.org\/#\/schema\/person\/image\/","url":"https:\/\/secure.gravatar.com\/avatar\/454605f9a5ac40f6c8168d2c8c5c71d6d5d63996a8f4437c96286777b30d03b2?s=96&d=mm&r=g","contentUrl":"https:\/\/secure.gravatar.com\/avatar\/454605f9a5ac40f6c8168d2c8c5c71d6d5d63996a8f4437c96286777b30d03b2?s=96&d=mm&r=g","caption":"lona"},"url":"http:\/\/www.mencare.org\/es\/author\/lona\/"}]}},"_links":{"self":[{"href":"http:\/\/www.mencare.org\/es\/wp-json\/wp\/v2\/posts\/7031","targetHints":{"allow":["GET"]}}],"collection":[{"href":"http:\/\/www.mencare.org\/es\/wp-json\/wp\/v2\/posts"}],"about":[{"href":"http:\/\/www.mencare.org\/es\/wp-json\/wp\/v2\/types\/post"}],"author":[{"embeddable":true,"href":"http:\/\/www.mencare.org\/es\/wp-json\/wp\/v2\/users\/173"}],"replies":[{"embeddable":true,"href":"http:\/\/www.mencare.org\/es\/wp-json\/wp\/v2\/comments?post=7031"}],"version-history":[{"count":0,"href":"http:\/\/www.mencare.org\/es\/wp-json\/wp\/v2\/posts\/7031\/revisions"}],"wp:featuredmedia":[{"embeddable":true,"href":"http:\/\/www.mencare.org\/es\/wp-json\/wp\/v2\/media\/7033"}],"wp:attachment":[{"href":"http:\/\/www.mencare.org\/es\/wp-json\/wp\/v2\/media?parent=7031"}],"wp:term":[{"taxonomy":"category","embeddable":true,"href":"http:\/\/www.mencare.org\/es\/wp-json\/wp\/v2\/categories?post=7031"},{"taxonomy":"post_tag","embeddable":true,"href":"http:\/\/www.mencare.org\/es\/wp-json\/wp\/v2\/tags?post=7031"}],"curies":[{"name":"wp","href":"https:\/\/api.w.org\/{rel}","templated":true}]}}