{"id":7216,"date":"2020-08-19T16:10:17","date_gmt":"2020-08-19T20:10:17","guid":{"rendered":"https:\/\/www.mencare.org\/?p=7216"},"modified":"2020-08-19T16:10:17","modified_gmt":"2020-08-19T20:10:17","slug":"great-news-for-families-in-the-netherlands-an-extension-of-parental-leave-for-partners","status":"publish","type":"post","link":"http:\/\/www.mencare.org\/es\/great-news-for-families-in-the-netherlands-an-extension-of-parental-leave-for-partners\/","title":{"rendered":"Una gran noticia para las familias en los Pa\u00edses Bajos: una ampliaci\u00f3n del permiso parental para las parejas"},"content":{"rendered":"<div class=\"radius-fix\"><img loading=\"lazy\" decoding=\"async\" class=\"fullwidth alignnone wp-image-7218 size-full\" src=\"https:\/\/www.mencare.org\/wp-content\/uploads\/2020\/08\/natasha-ivanchikhina-eU3e-hO0jkU-unsplash.jpg\" alt=\"\" width=\"1200\" height=\"675\" srcset=\"http:\/\/www.mencare.org\/wp-content\/uploads\/2020\/08\/natasha-ivanchikhina-eU3e-hO0jkU-unsplash.jpg 1200w, http:\/\/www.mencare.org\/wp-content\/uploads\/2020\/08\/natasha-ivanchikhina-eU3e-hO0jkU-unsplash-300x169.jpg 300w, http:\/\/www.mencare.org\/wp-content\/uploads\/2020\/08\/natasha-ivanchikhina-eU3e-hO0jkU-unsplash-768x432.jpg 768w, http:\/\/www.mencare.org\/wp-content\/uploads\/2020\/08\/natasha-ivanchikhina-eU3e-hO0jkU-unsplash-1024x576.jpg 1024w\" sizes=\"auto, (max-width: 1200px) 100vw, 1200px\" \/><\/div>\n<p><em>Esta historia fue escrita por Kate van de Krol, Oficial de Defensa de los Derechos de los Ni\u00f1os de Rutgers. <\/em><\/p>\n<p>A partir del 1 de julio de 2020, la baja por maternidad o paternidad para parejas se ha ampliado en los Pa\u00edses Bajos en cinco semanas. Hasta 2019, las parejas y los padres solo ten\u00edan dos d\u00edas de baja remunerada. Hoy, las parejas que est\u00e9n empleadas oficialmente podr\u00e1n disfrutar de un m\u00e1ximo de seis semanas de baja por maternidad o paternidad para pasar tiempo con sus familias y sus hijos.<\/p>\n<p>Esta ampliaci\u00f3n ha sido un gran paso para garantizar y promover la distribuci\u00f3n equitativa de las tareas de cuidado en el hogar y una mayor igualdad de oportunidades en el mercado laboral. Sin embargo, esta licencia solo cubre 70% del salario de la persona, lo que significa que algunas familias podr\u00edan no poder disfrutar de ella. En los pr\u00f3ximos a\u00f1os ser\u00e1 importante que el gobierno se asegure de que 100% del salario est\u00e9n cubiertos por la licencia parental.<\/p>\n<p>Muchos medios de comunicaci\u00f3n holandeses de prestigio destacaron esta ampliaci\u00f3n de la licencia parental y lo que significar\u00eda para las familias, los empleadores y la sociedad en general. Hubo secciones y art\u00edculos en los que se entrevist\u00f3 a futuros padres y casi todos se mostraron felices de poder estar en casa en lugar de en el trabajo.<\/p>\n<div class=\"radius-fix\"><img loading=\"lazy\" decoding=\"async\" class=\"alignleft size-medium wp-image-7217\" src=\"https:\/\/www.mencare.org\/wp-content\/uploads\/2020\/08\/image004-300x225.jpg\" alt=\"\" width=\"300\" height=\"225\" srcset=\"http:\/\/www.mencare.org\/wp-content\/uploads\/2020\/08\/image004-300x225.jpg 300w, http:\/\/www.mencare.org\/wp-content\/uploads\/2020\/08\/image004-768x576.jpg 768w, http:\/\/www.mencare.org\/wp-content\/uploads\/2020\/08\/image004-1024x768.jpg 1024w, http:\/\/www.mencare.org\/wp-content\/uploads\/2020\/08\/image004.jpg 1089w\" sizes=\"auto, (max-width: 300px) 100vw, 300px\" \/><\/div>\n<p>Rutgers, miembro activo de MenEngage Europe &amp; Global y MenCare: A Global Fatherhood Campaign, tambi\u00e9n fue <a href=\"https:\/\/www.mencare.org\/wp-content\/uploads\/2016\/03\/Parental-Leave-Platform-web.pdf).\" target=\"_blank\" rel=\"noopener\">Entrevistado<\/a> Rutgers, el Centro Holand\u00e9s de Expertos en Salud y Derechos Sexuales y Reproductivos (SRHR), explic\u00f3 que esta pr\u00f3rroga es un verdadero hito para la igualdad de responsabilidades parentales y de cuidado y que se espera que la nueva ley reduzca la discriminaci\u00f3n por embarazo que a\u00fan enfrentan las mujeres en los Pa\u00edses Bajos.<\/p>\n<p>Rutgers, junto con muchas otras organizaciones de derechos de las mujeres, ha estado abogando por la extensi\u00f3n de la licencia parental desde 2015. Una de sus estrategias ha sido traducir y utilizar <a href=\"https:\/\/www.mencare.org\/wp-content\/uploads\/2016\/03\/Parental-Leave-Platform-web.pdf\" target=\"_blank\" rel=\"noopener\">Folleto de la Plataforma de Permiso Parental de MenCare<\/a> para su campa\u00f1a.<\/p>","protected":false},"excerpt":{"rendered":"<p>A partir del 1 de julio de 2020, la baja por maternidad o paternidad para parejas se ha ampliado en los Pa\u00edses Bajos en cinco semanas. Hasta 2019, las parejas y los padres solo ten\u00edan dos d\u00edas de baja remunerada. <\/p>","protected":false},"author":173,"featured_media":7219,"comment_status":"closed","ping_status":"closed","sticky":false,"template":"","format":"standard","meta":{"footnotes":""},"categories":[653],"tags":[441,377,846,833],"class_list":["post-7216","post","type-post","status-publish","format-standard","has-post-thumbnail","hentry","category-fatherhood-and-caregiving","tag-advocacy","tag-netherlands","tag-news","tag-partner","countries-netherlands"],"acf":[],"yoast_head":"<!-- This site is optimized with the Yoast SEO plugin v25.9 - https:\/\/yoast.com\/wordpress\/plugins\/seo\/ -->\n<title>Great news for families in the Netherlands: An extension of parental leave for partners - MenCare<\/title>\n<meta name=\"robots\" content=\"index, follow, max-snippet:-1, max-image-preview:large, max-video-preview:-1\" \/>\n<link rel=\"canonical\" href=\"https:\/\/www.mencare.org\/es\/great-news-for-families-in-the-netherlands-an-extension-of-parental-leave-for-partners\/\" \/>\n<meta property=\"og:locale\" content=\"es_MX\" \/>\n<meta property=\"og:type\" content=\"article\" \/>\n<meta property=\"og:title\" content=\"Great news for families in the Netherlands: An extension of parental leave for partners - MenCare\" \/>\n<meta property=\"og:description\" content=\"Beginning on July 1, 2020, parental leave for partners has been extended in the Netherlands by five weeks. Up until 2019, partners and fathers only had two days of paid leave.\" \/>\n<meta property=\"og:url\" content=\"https:\/\/www.mencare.org\/es\/great-news-for-families-in-the-netherlands-an-extension-of-parental-leave-for-partners\/\" \/>\n<meta property=\"og:site_name\" content=\"MenCare\" \/>\n<meta property=\"article:published_time\" content=\"2020-08-19T20:10:17+00:00\" \/>\n<meta property=\"og:image\" content=\"https:\/\/www.mencare.org\/wp-content\/uploads\/2020\/08\/natasha-ivanchikhina-eU3e-hO0jkU-unsplash.jpg\" \/>\n\t<meta property=\"og:image:width\" content=\"1200\" \/>\n\t<meta property=\"og:image:height\" content=\"675\" \/>\n\t<meta property=\"og:image:type\" content=\"image\/jpeg\" \/>\n<meta name=\"author\" content=\"lona\" \/>\n<meta name=\"twitter:card\" content=\"summary_large_image\" \/>\n<meta name=\"twitter:image\" content=\"http:\/\/www.mencare.org\/wp-content\/uploads\/2020\/08\/natasha-ivanchikhina-eU3e-hO0jkU-unsplash.jpg\" \/>\n<meta name=\"twitter:label1\" content=\"Written by\" \/>\n\t<meta name=\"twitter:data1\" content=\"lona\" \/>\n\t<meta name=\"twitter:label2\" content=\"Est. reading time\" \/>\n\t<meta name=\"twitter:data2\" content=\"1 minute\" \/>\n<script type=\"application\/ld+json\" class=\"yoast-schema-graph\">{\"@context\":\"https:\/\/schema.org\",\"@graph\":[{\"@type\":\"WebPage\",\"@id\":\"https:\/\/www.mencare.org\/pt\/great-news-for-families-in-the-netherlands-an-extension-of-parental-leave-for-partners\/\",\"url\":\"https:\/\/www.mencare.org\/pt\/great-news-for-families-in-the-netherlands-an-extension-of-parental-leave-for-partners\/\",\"name\":\"Great news for families in the Netherlands: An extension of parental leave for partners - MenCare\",\"isPartOf\":{\"@id\":\"https:\/\/www.mencare.org\/#website\"},\"primaryImageOfPage\":{\"@id\":\"https:\/\/www.mencare.org\/pt\/great-news-for-families-in-the-netherlands-an-extension-of-parental-leave-for-partners\/#primaryimage\"},\"image\":{\"@id\":\"https:\/\/www.mencare.org\/pt\/great-news-for-families-in-the-netherlands-an-extension-of-parental-leave-for-partners\/#primaryimage\"},\"thumbnailUrl\":\"http:\/\/www.mencare.org\/wp-content\/uploads\/2020\/08\/natasha-ivanchikhina-eU3e-hO0jkU-unsplash-1.jpg\",\"datePublished\":\"2020-08-19T20:10:17+00:00\",\"author\":{\"@id\":\"https:\/\/www.mencare.org\/#\/schema\/person\/58948687a512184b1b395f62c7d2fd86\"},\"breadcrumb\":{\"@id\":\"https:\/\/www.mencare.org\/pt\/great-news-for-families-in-the-netherlands-an-extension-of-parental-leave-for-partners\/#breadcrumb\"},\"inLanguage\":\"es-MX\",\"potentialAction\":[{\"@type\":\"ReadAction\",\"target\":[\"https:\/\/www.mencare.org\/pt\/great-news-for-families-in-the-netherlands-an-extension-of-parental-leave-for-partners\/\"]}]},{\"@type\":\"ImageObject\",\"inLanguage\":\"es-MX\",\"@id\":\"https:\/\/www.mencare.org\/pt\/great-news-for-families-in-the-netherlands-an-extension-of-parental-leave-for-partners\/#primaryimage\",\"url\":\"http:\/\/www.mencare.org\/wp-content\/uploads\/2020\/08\/natasha-ivanchikhina-eU3e-hO0jkU-unsplash-1.jpg\",\"contentUrl\":\"http:\/\/www.mencare.org\/wp-content\/uploads\/2020\/08\/natasha-ivanchikhina-eU3e-hO0jkU-unsplash-1.jpg\",\"width\":550,\"height\":400},{\"@type\":\"BreadcrumbList\",\"@id\":\"https:\/\/www.mencare.org\/pt\/great-news-for-families-in-the-netherlands-an-extension-of-parental-leave-for-partners\/#breadcrumb\",\"itemListElement\":[{\"@type\":\"ListItem\",\"position\":1,\"name\":\"Home\",\"item\":\"https:\/\/www.mencare.org\/\"},{\"@type\":\"ListItem\",\"position\":2,\"name\":\"Great news for families in the Netherlands: An extension of parental leave for partners\"}]},{\"@type\":\"WebSite\",\"@id\":\"https:\/\/www.mencare.org\/#website\",\"url\":\"https:\/\/www.mencare.org\/\",\"name\":\"MenCare\",\"description\":\"A Global Fatherhood Campaign\",\"potentialAction\":[{\"@type\":\"SearchAction\",\"target\":{\"@type\":\"EntryPoint\",\"urlTemplate\":\"https:\/\/www.mencare.org\/?s={search_term_string}\"},\"query-input\":{\"@type\":\"PropertyValueSpecification\",\"valueRequired\":true,\"valueName\":\"search_term_string\"}}],\"inLanguage\":\"es-MX\"},{\"@type\":\"Person\",\"@id\":\"https:\/\/www.mencare.org\/#\/schema\/person\/58948687a512184b1b395f62c7d2fd86\",\"name\":\"lona\",\"image\":{\"@type\":\"ImageObject\",\"inLanguage\":\"es-MX\",\"@id\":\"https:\/\/www.mencare.org\/#\/schema\/person\/image\/\",\"url\":\"https:\/\/secure.gravatar.com\/avatar\/454605f9a5ac40f6c8168d2c8c5c71d6d5d63996a8f4437c96286777b30d03b2?s=96&d=mm&r=g\",\"contentUrl\":\"https:\/\/secure.gravatar.com\/avatar\/454605f9a5ac40f6c8168d2c8c5c71d6d5d63996a8f4437c96286777b30d03b2?s=96&d=mm&r=g\",\"caption\":\"lona\"},\"url\":\"http:\/\/www.mencare.org\/es\/author\/lona\/\"}]}<\/script>\n<!-- \/ Yoast SEO plugin. -->","yoast_head_json":{"title":"Great news for families in the Netherlands: An extension of parental leave for partners - MenCare","robots":{"index":"index","follow":"follow","max-snippet":"max-snippet:-1","max-image-preview":"max-image-preview:large","max-video-preview":"max-video-preview:-1"},"canonical":"https:\/\/www.mencare.org\/es\/great-news-for-families-in-the-netherlands-an-extension-of-parental-leave-for-partners\/","og_locale":"es_MX","og_type":"article","og_title":"Great news for families in the Netherlands: An extension of parental leave for partners - MenCare","og_description":"Beginning on July 1, 2020, parental leave for partners has been extended in the Netherlands by five weeks. Up until 2019, partners and fathers only had two days of paid leave.","og_url":"https:\/\/www.mencare.org\/es\/great-news-for-families-in-the-netherlands-an-extension-of-parental-leave-for-partners\/","og_site_name":"MenCare","article_published_time":"2020-08-19T20:10:17+00:00","og_image":[{"width":1200,"height":675,"url":"https:\/\/www.mencare.org\/wp-content\/uploads\/2020\/08\/natasha-ivanchikhina-eU3e-hO0jkU-unsplash.jpg","type":"image\/jpeg"}],"author":"lona","twitter_card":"summary_large_image","twitter_image":"http:\/\/www.mencare.org\/wp-content\/uploads\/2020\/08\/natasha-ivanchikhina-eU3e-hO0jkU-unsplash.jpg","twitter_misc":{"Written by":"lona","Est. reading time":"1 minute"},"schema":{"@context":"https:\/\/schema.org","@graph":[{"@type":"WebPage","@id":"https:\/\/www.mencare.org\/pt\/great-news-for-families-in-the-netherlands-an-extension-of-parental-leave-for-partners\/","url":"https:\/\/www.mencare.org\/pt\/great-news-for-families-in-the-netherlands-an-extension-of-parental-leave-for-partners\/","name":"Great news for families in the Netherlands: An extension of parental leave for partners - MenCare","isPartOf":{"@id":"https:\/\/www.mencare.org\/#website"},"primaryImageOfPage":{"@id":"https:\/\/www.mencare.org\/pt\/great-news-for-families-in-the-netherlands-an-extension-of-parental-leave-for-partners\/#primaryimage"},"image":{"@id":"https:\/\/www.mencare.org\/pt\/great-news-for-families-in-the-netherlands-an-extension-of-parental-leave-for-partners\/#primaryimage"},"thumbnailUrl":"http:\/\/www.mencare.org\/wp-content\/uploads\/2020\/08\/natasha-ivanchikhina-eU3e-hO0jkU-unsplash-1.jpg","datePublished":"2020-08-19T20:10:17+00:00","author":{"@id":"https:\/\/www.mencare.org\/#\/schema\/person\/58948687a512184b1b395f62c7d2fd86"},"breadcrumb":{"@id":"https:\/\/www.mencare.org\/pt\/great-news-for-families-in-the-netherlands-an-extension-of-parental-leave-for-partners\/#breadcrumb"},"inLanguage":"es-MX","potentialAction":[{"@type":"ReadAction","target":["https:\/\/www.mencare.org\/pt\/great-news-for-families-in-the-netherlands-an-extension-of-parental-leave-for-partners\/"]}]},{"@type":"ImageObject","inLanguage":"es-MX","@id":"https:\/\/www.mencare.org\/pt\/great-news-for-families-in-the-netherlands-an-extension-of-parental-leave-for-partners\/#primaryimage","url":"http:\/\/www.mencare.org\/wp-content\/uploads\/2020\/08\/natasha-ivanchikhina-eU3e-hO0jkU-unsplash-1.jpg","contentUrl":"http:\/\/www.mencare.org\/wp-content\/uploads\/2020\/08\/natasha-ivanchikhina-eU3e-hO0jkU-unsplash-1.jpg","width":550,"height":400},{"@type":"BreadcrumbList","@id":"https:\/\/www.mencare.org\/pt\/great-news-for-families-in-the-netherlands-an-extension-of-parental-leave-for-partners\/#breadcrumb","itemListElement":[{"@type":"ListItem","position":1,"name":"Home","item":"https:\/\/www.mencare.org\/"},{"@type":"ListItem","position":2,"name":"Great news for families in the Netherlands: An extension of parental leave for partners"}]},{"@type":"WebSite","@id":"https:\/\/www.mencare.org\/#website","url":"https:\/\/www.mencare.org\/","name":"Cuidado de los hombres","description":"Una campa\u00f1a mundial por la paternidad","potentialAction":[{"@type":"SearchAction","target":{"@type":"EntryPoint","urlTemplate":"https:\/\/www.mencare.org\/?s={search_term_string}"},"query-input":{"@type":"PropertyValueSpecification","valueRequired":true,"valueName":"search_term_string"}}],"inLanguage":"es-MX"},{"@type":"Person","@id":"https:\/\/www.mencare.org\/#\/schema\/person\/58948687a512184b1b395f62c7d2fd86","name":"lona","image":{"@type":"ImageObject","inLanguage":"es-MX","@id":"https:\/\/www.mencare.org\/#\/schema\/person\/image\/","url":"https:\/\/secure.gravatar.com\/avatar\/454605f9a5ac40f6c8168d2c8c5c71d6d5d63996a8f4437c96286777b30d03b2?s=96&d=mm&r=g","contentUrl":"https:\/\/secure.gravatar.com\/avatar\/454605f9a5ac40f6c8168d2c8c5c71d6d5d63996a8f4437c96286777b30d03b2?s=96&d=mm&r=g","caption":"lona"},"url":"http:\/\/www.mencare.org\/es\/author\/lona\/"}]}},"_links":{"self":[{"href":"http:\/\/www.mencare.org\/es\/wp-json\/wp\/v2\/posts\/7216","targetHints":{"allow":["GET"]}}],"collection":[{"href":"http:\/\/www.mencare.org\/es\/wp-json\/wp\/v2\/posts"}],"about":[{"href":"http:\/\/www.mencare.org\/es\/wp-json\/wp\/v2\/types\/post"}],"author":[{"embeddable":true,"href":"http:\/\/www.mencare.org\/es\/wp-json\/wp\/v2\/users\/173"}],"replies":[{"embeddable":true,"href":"http:\/\/www.mencare.org\/es\/wp-json\/wp\/v2\/comments?post=7216"}],"version-history":[{"count":0,"href":"http:\/\/www.mencare.org\/es\/wp-json\/wp\/v2\/posts\/7216\/revisions"}],"wp:featuredmedia":[{"embeddable":true,"href":"http:\/\/www.mencare.org\/es\/wp-json\/wp\/v2\/media\/7219"}],"wp:attachment":[{"href":"http:\/\/www.mencare.org\/es\/wp-json\/wp\/v2\/media?parent=7216"}],"wp:term":[{"taxonomy":"category","embeddable":true,"href":"http:\/\/www.mencare.org\/es\/wp-json\/wp\/v2\/categories?post=7216"},{"taxonomy":"post_tag","embeddable":true,"href":"http:\/\/www.mencare.org\/es\/wp-json\/wp\/v2\/tags?post=7216"}],"curies":[{"name":"wp","href":"https:\/\/api.w.org\/{rel}","templated":true}]}}