{"id":7289,"date":"2021-04-21T10:36:18","date_gmt":"2021-04-21T14:36:18","guid":{"rendered":"https:\/\/www.mencare.org\/?p=7289"},"modified":"2021-04-21T10:36:20","modified_gmt":"2021-04-21T14:36:20","slug":"dads-where-are-you-a-fathers-day-campaign-in-spain","status":"publish","type":"post","link":"http:\/\/www.mencare.org\/es\/dads-where-are-you-a-fathers-day-campaign-in-spain\/","title":{"rendered":"Pap\u00e1s, \u00bfd\u00f3nde est\u00e1is?: campa\u00f1a por el D\u00eda del Padre en Espa\u00f1a"},"content":{"rendered":"<figure class=\"wp-block-image size-large\"><a href=\"https:\/\/www.mencare.org\/wp-content\/uploads\/2021\/04\/Dads-where-are-you.png\"><img loading=\"lazy\" decoding=\"async\" width=\"1004\" height=\"593\" src=\"https:\/\/www.mencare.org\/wp-content\/uploads\/2021\/04\/Dads-where-are-you.png\" alt=\"\" class=\"wp-image-7290\" srcset=\"http:\/\/www.mencare.org\/wp-content\/uploads\/2021\/04\/Dads-where-are-you.png 1004w, http:\/\/www.mencare.org\/wp-content\/uploads\/2021\/04\/Dads-where-are-you-300x177.png 300w, http:\/\/www.mencare.org\/wp-content\/uploads\/2021\/04\/Dads-where-are-you-768x454.png 768w\" sizes=\"auto, (max-width: 1004px) 100vw, 1004px\" \/><\/a><\/figure>\n\n\n\n<p><em>Este blog fue creado por Joaquim Montaner Villalonga, Papas Blogueros.<\/em><\/p>\n\n\n\n<p>En v\u00edsperas del D\u00eda del Padre, el 19 de marzo de 2021, en Espa\u00f1a, el colectivo Papas Bloguereos lanz\u00f3 la <a href=\"https:\/\/papasblogueros.com\/2021\/03\/01\/donde-estan-los-padres\/\" target=\"_blank\" rel=\"noreferrer noopener\">\u00bfD\u00f3nde est\u00e1n los Padres?<\/a> (\u201cPap\u00e1s, \u00bfd\u00f3nde est\u00e1n?\u201d en ingl\u00e9s) campa\u00f1a para recoger y publicar testimonios personales que representen diferentes perspectivas (sociales, acad\u00e9micas, profesionales) durante el mes de marzo.<\/p>\n\n\n\n<p>\u201cPap\u00e1, \u00bfd\u00f3nde est\u00e1is?\u201d es una pregunta que escuchamos muy a menudo en nuestra cultura. Es una pregunta silenciosa que podemos leer en los ojos de muchas mujeres. Es un murmullo silencioso que da\u00f1a nuestros o\u00eddos. Es un lamento que grita. Es una pregunta atronadora. Es una pregunta que hasta los ni\u00f1os se repiten a s\u00ed mismos.<\/p>\n\n\n\n<p>Al preparar nuestra campa\u00f1a, quer\u00edamos encontrar algunas respuestas a estas preguntas: \u00bfEst\u00e1n los pap\u00e1s presentes en la atenci\u00f3n m\u00e9dica de los ni\u00f1os? \u00bfParticipan los pap\u00e1s en la educaci\u00f3n sexual de sus hijos? \u00bfComparten los pap\u00e1s la carga mental de las tareas del hogar? \u00bfUtilizan los pap\u00e1s todas las medidas de conciliaci\u00f3n de la vida laboral y personal que est\u00e1n a su alcance? \u00bfEst\u00e1n los pap\u00e1s presentes durante los procesos de duelo? \u00bfY durante las situaciones de crisis? \u00bfY qu\u00e9 papel desempe\u00f1an los pap\u00e1s durante las rupturas y los divorcios?<\/p>\n\n\n\n<p>Nuestro colectivo est\u00e1 muy interesado y preocupado por este tema, ya que genera cierta confusi\u00f3n y contradicci\u00f3n. Decidimos compartir nuestras inquietudes y reunir diferentes perspectivas sobre la paternidad desde una variedad de mujeres y hombres dentro y fuera de nuestra comunidad.<\/p>\n\n\n\n<p>Los objetivos de la campa\u00f1a #d\u00f3ndeest\u00e1nlospadres fueron:<\/p>\n\n\n\n<ul class=\"wp-block-list\"><li>Dar visibilidad al trabajo diario que realizan actualmente algunos pap\u00e1s en el cuidado de sus hijos<\/li><li>Publica testimonios de padres solidarios<\/li><li>Comparte publicaciones sobre paternidad activa<\/li><\/ul>\n\n\n\n<p>Visita <a href=\"https:\/\/papasblogueros.com\/\" target=\"_blank\" rel=\"noreferrer noopener\">papasblogueros.com<\/a> y @papasblogueros en Twitter, Instagram y Facebook para ver el contenido de la campa\u00f1a y sumarse a la conversaci\u00f3n. Los testimonios recopilados est\u00e1n disponibles <a href=\"https:\/\/papasblogueros.com\/compilando-mespadre-2021\/\" target=\"_blank\" rel=\"noreferrer noopener\">aqu\u00ed<\/a>.<\/p>\n\n\n\n<p>Gracias a todos los participantes que compartieron su visi\u00f3n y experiencia para hacer de \u201cPap\u00e1s, \u00bfd\u00f3nde est\u00e1n?\u201d una campa\u00f1a muy exitosa. Su participaci\u00f3n, sus ideas, sus conocimientos y su energ\u00eda hicieron que valiera la pena gestionar una campa\u00f1a como esta este a\u00f1o. <a href=\"https:\/\/papasblogueros.com\/compilando-mespadre-2019\/\" target=\"_blank\" rel=\"noreferrer noopener\">Igual que el a\u00f1o pasado<\/a>.<\/p>\n\n\n\n<p>Y ha sido un placer; de hecho, ha sido una de las actividades que m\u00e1s hemos disfrutado.<\/p>","protected":false},"excerpt":{"rendered":"<p>De cara al D\u00eda del Padre, el 19 de marzo de 2021, en Espa\u00f1a, el colectivo Papas Bloguereos lanz\u00f3 la campa\u00f1a \u00bfD\u00f3nde est\u00e1n los padres? para recopilar y publicar testimonios personales que representen diferentes perspectivas (sociales, acad\u00e9micas, profesionales) durante el mes de marzo.<\/p>","protected":false},"author":173,"featured_media":7291,"comment_status":"closed","ping_status":"closed","sticky":false,"template":"","format":"standard","meta":{"footnotes":""},"categories":[653],"tags":[776,243],"class_list":["post-7289","post","type-post","status-publish","format-standard","has-post-thumbnail","hentry","category-fatherhood-and-caregiving","tag-campaigns","tag-spain"],"acf":[],"yoast_head":"<!-- This site is optimized with the Yoast SEO plugin v25.9 - https:\/\/yoast.com\/wordpress\/plugins\/seo\/ -->\n<title>Dads, where are you?: A Father\u2019s Day campaign in Spain - MenCare<\/title>\n<meta name=\"robots\" content=\"index, follow, max-snippet:-1, max-image-preview:large, max-video-preview:-1\" \/>\n<link rel=\"canonical\" href=\"https:\/\/www.mencare.org\/es\/dads-where-are-you-a-fathers-day-campaign-in-spain\/\" \/>\n<meta property=\"og:locale\" content=\"es_MX\" \/>\n<meta property=\"og:type\" content=\"article\" \/>\n<meta property=\"og:title\" content=\"Dads, where are you?: A Father\u2019s Day campaign in Spain - MenCare\" \/>\n<meta property=\"og:description\" content=\"In the lead up to Father\u2019s Day, March 19, 2021, in Spain, the collective Papas Bloguereos launched the \u00bfD\u00f3nde est\u00e1n los padres? (\u201cDads, where are you?\u201d in English) campaign to collect and publish personal testimonials representing different perspectives (social, academic, professional) during the month of March.\" \/>\n<meta property=\"og:url\" content=\"https:\/\/www.mencare.org\/es\/dads-where-are-you-a-fathers-day-campaign-in-spain\/\" \/>\n<meta property=\"og:site_name\" content=\"MenCare\" \/>\n<meta property=\"article:published_time\" content=\"2021-04-21T14:36:18+00:00\" \/>\n<meta property=\"article:modified_time\" content=\"2021-04-21T14:36:20+00:00\" \/>\n<meta property=\"og:image\" content=\"https:\/\/www.mencare.org\/wp-content\/uploads\/2021\/04\/Dads-where-are-you-1.png\" \/>\n\t<meta property=\"og:image:width\" content=\"550\" \/>\n\t<meta property=\"og:image:height\" content=\"400\" \/>\n\t<meta property=\"og:image:type\" content=\"image\/png\" \/>\n<meta name=\"author\" content=\"lona\" \/>\n<meta name=\"twitter:card\" content=\"summary_large_image\" \/>\n<meta name=\"twitter:label1\" content=\"Written by\" \/>\n\t<meta name=\"twitter:data1\" content=\"lona\" \/>\n\t<meta name=\"twitter:label2\" content=\"Est. reading time\" \/>\n\t<meta name=\"twitter:data2\" content=\"2 minutes\" \/>\n<script type=\"application\/ld+json\" class=\"yoast-schema-graph\">{\"@context\":\"https:\/\/schema.org\",\"@graph\":[{\"@type\":\"WebPage\",\"@id\":\"https:\/\/www.mencare.org\/dads-where-are-you-a-fathers-day-campaign-in-spain\/\",\"url\":\"https:\/\/www.mencare.org\/dads-where-are-you-a-fathers-day-campaign-in-spain\/\",\"name\":\"Dads, where are you?: A Father\u2019s Day campaign in Spain - MenCare\",\"isPartOf\":{\"@id\":\"https:\/\/www.mencare.org\/#website\"},\"primaryImageOfPage\":{\"@id\":\"https:\/\/www.mencare.org\/dads-where-are-you-a-fathers-day-campaign-in-spain\/#primaryimage\"},\"image\":{\"@id\":\"https:\/\/www.mencare.org\/dads-where-are-you-a-fathers-day-campaign-in-spain\/#primaryimage\"},\"thumbnailUrl\":\"http:\/\/www.mencare.org\/wp-content\/uploads\/2021\/04\/Dads-where-are-you-1.png\",\"datePublished\":\"2021-04-21T14:36:18+00:00\",\"dateModified\":\"2021-04-21T14:36:20+00:00\",\"author\":{\"@id\":\"https:\/\/www.mencare.org\/#\/schema\/person\/58948687a512184b1b395f62c7d2fd86\"},\"breadcrumb\":{\"@id\":\"https:\/\/www.mencare.org\/dads-where-are-you-a-fathers-day-campaign-in-spain\/#breadcrumb\"},\"inLanguage\":\"es-MX\",\"potentialAction\":[{\"@type\":\"ReadAction\",\"target\":[\"https:\/\/www.mencare.org\/dads-where-are-you-a-fathers-day-campaign-in-spain\/\"]}]},{\"@type\":\"ImageObject\",\"inLanguage\":\"es-MX\",\"@id\":\"https:\/\/www.mencare.org\/dads-where-are-you-a-fathers-day-campaign-in-spain\/#primaryimage\",\"url\":\"http:\/\/www.mencare.org\/wp-content\/uploads\/2021\/04\/Dads-where-are-you-1.png\",\"contentUrl\":\"http:\/\/www.mencare.org\/wp-content\/uploads\/2021\/04\/Dads-where-are-you-1.png\",\"width\":550,\"height\":400},{\"@type\":\"BreadcrumbList\",\"@id\":\"https:\/\/www.mencare.org\/dads-where-are-you-a-fathers-day-campaign-in-spain\/#breadcrumb\",\"itemListElement\":[{\"@type\":\"ListItem\",\"position\":1,\"name\":\"Home\",\"item\":\"https:\/\/www.mencare.org\/\"},{\"@type\":\"ListItem\",\"position\":2,\"name\":\"Dads, where are you?: A Father\u2019s Day campaign in Spain\"}]},{\"@type\":\"WebSite\",\"@id\":\"https:\/\/www.mencare.org\/#website\",\"url\":\"https:\/\/www.mencare.org\/\",\"name\":\"MenCare\",\"description\":\"A Global Fatherhood Campaign\",\"potentialAction\":[{\"@type\":\"SearchAction\",\"target\":{\"@type\":\"EntryPoint\",\"urlTemplate\":\"https:\/\/www.mencare.org\/?s={search_term_string}\"},\"query-input\":{\"@type\":\"PropertyValueSpecification\",\"valueRequired\":true,\"valueName\":\"search_term_string\"}}],\"inLanguage\":\"es-MX\"},{\"@type\":\"Person\",\"@id\":\"https:\/\/www.mencare.org\/#\/schema\/person\/58948687a512184b1b395f62c7d2fd86\",\"name\":\"lona\",\"image\":{\"@type\":\"ImageObject\",\"inLanguage\":\"es-MX\",\"@id\":\"https:\/\/www.mencare.org\/#\/schema\/person\/image\/\",\"url\":\"https:\/\/secure.gravatar.com\/avatar\/454605f9a5ac40f6c8168d2c8c5c71d6d5d63996a8f4437c96286777b30d03b2?s=96&d=mm&r=g\",\"contentUrl\":\"https:\/\/secure.gravatar.com\/avatar\/454605f9a5ac40f6c8168d2c8c5c71d6d5d63996a8f4437c96286777b30d03b2?s=96&d=mm&r=g\",\"caption\":\"lona\"},\"url\":\"http:\/\/www.mencare.org\/es\/author\/lona\/\"}]}<\/script>\n<!-- \/ Yoast SEO plugin. -->","yoast_head_json":{"title":"Dads, where are you?: A Father\u2019s Day campaign in Spain - MenCare","robots":{"index":"index","follow":"follow","max-snippet":"max-snippet:-1","max-image-preview":"max-image-preview:large","max-video-preview":"max-video-preview:-1"},"canonical":"https:\/\/www.mencare.org\/es\/dads-where-are-you-a-fathers-day-campaign-in-spain\/","og_locale":"es_MX","og_type":"article","og_title":"Dads, where are you?: A Father\u2019s Day campaign in Spain - MenCare","og_description":"In the lead up to Father\u2019s Day, March 19, 2021, in Spain, the collective Papas Bloguereos launched the \u00bfD\u00f3nde est\u00e1n los padres? (\u201cDads, where are you?\u201d in English) campaign to collect and publish personal testimonials representing different perspectives (social, academic, professional) during the month of March.","og_url":"https:\/\/www.mencare.org\/es\/dads-where-are-you-a-fathers-day-campaign-in-spain\/","og_site_name":"MenCare","article_published_time":"2021-04-21T14:36:18+00:00","article_modified_time":"2021-04-21T14:36:20+00:00","og_image":[{"width":550,"height":400,"url":"https:\/\/www.mencare.org\/wp-content\/uploads\/2021\/04\/Dads-where-are-you-1.png","type":"image\/png"}],"author":"lona","twitter_card":"summary_large_image","twitter_misc":{"Written by":"lona","Est. reading time":"2 minutes"},"schema":{"@context":"https:\/\/schema.org","@graph":[{"@type":"WebPage","@id":"https:\/\/www.mencare.org\/dads-where-are-you-a-fathers-day-campaign-in-spain\/","url":"https:\/\/www.mencare.org\/dads-where-are-you-a-fathers-day-campaign-in-spain\/","name":"Dads, where are you?: A Father\u2019s Day campaign in Spain - MenCare","isPartOf":{"@id":"https:\/\/www.mencare.org\/#website"},"primaryImageOfPage":{"@id":"https:\/\/www.mencare.org\/dads-where-are-you-a-fathers-day-campaign-in-spain\/#primaryimage"},"image":{"@id":"https:\/\/www.mencare.org\/dads-where-are-you-a-fathers-day-campaign-in-spain\/#primaryimage"},"thumbnailUrl":"http:\/\/www.mencare.org\/wp-content\/uploads\/2021\/04\/Dads-where-are-you-1.png","datePublished":"2021-04-21T14:36:18+00:00","dateModified":"2021-04-21T14:36:20+00:00","author":{"@id":"https:\/\/www.mencare.org\/#\/schema\/person\/58948687a512184b1b395f62c7d2fd86"},"breadcrumb":{"@id":"https:\/\/www.mencare.org\/dads-where-are-you-a-fathers-day-campaign-in-spain\/#breadcrumb"},"inLanguage":"es-MX","potentialAction":[{"@type":"ReadAction","target":["https:\/\/www.mencare.org\/dads-where-are-you-a-fathers-day-campaign-in-spain\/"]}]},{"@type":"ImageObject","inLanguage":"es-MX","@id":"https:\/\/www.mencare.org\/dads-where-are-you-a-fathers-day-campaign-in-spain\/#primaryimage","url":"http:\/\/www.mencare.org\/wp-content\/uploads\/2021\/04\/Dads-where-are-you-1.png","contentUrl":"http:\/\/www.mencare.org\/wp-content\/uploads\/2021\/04\/Dads-where-are-you-1.png","width":550,"height":400},{"@type":"BreadcrumbList","@id":"https:\/\/www.mencare.org\/dads-where-are-you-a-fathers-day-campaign-in-spain\/#breadcrumb","itemListElement":[{"@type":"ListItem","position":1,"name":"Home","item":"https:\/\/www.mencare.org\/"},{"@type":"ListItem","position":2,"name":"Dads, where are you?: A Father\u2019s Day campaign in Spain"}]},{"@type":"WebSite","@id":"https:\/\/www.mencare.org\/#website","url":"https:\/\/www.mencare.org\/","name":"Cuidado de los hombres","description":"Una campa\u00f1a mundial por la paternidad","potentialAction":[{"@type":"SearchAction","target":{"@type":"EntryPoint","urlTemplate":"https:\/\/www.mencare.org\/?s={search_term_string}"},"query-input":{"@type":"PropertyValueSpecification","valueRequired":true,"valueName":"search_term_string"}}],"inLanguage":"es-MX"},{"@type":"Person","@id":"https:\/\/www.mencare.org\/#\/schema\/person\/58948687a512184b1b395f62c7d2fd86","name":"lona","image":{"@type":"ImageObject","inLanguage":"es-MX","@id":"https:\/\/www.mencare.org\/#\/schema\/person\/image\/","url":"https:\/\/secure.gravatar.com\/avatar\/454605f9a5ac40f6c8168d2c8c5c71d6d5d63996a8f4437c96286777b30d03b2?s=96&d=mm&r=g","contentUrl":"https:\/\/secure.gravatar.com\/avatar\/454605f9a5ac40f6c8168d2c8c5c71d6d5d63996a8f4437c96286777b30d03b2?s=96&d=mm&r=g","caption":"lona"},"url":"http:\/\/www.mencare.org\/es\/author\/lona\/"}]}},"_links":{"self":[{"href":"http:\/\/www.mencare.org\/es\/wp-json\/wp\/v2\/posts\/7289","targetHints":{"allow":["GET"]}}],"collection":[{"href":"http:\/\/www.mencare.org\/es\/wp-json\/wp\/v2\/posts"}],"about":[{"href":"http:\/\/www.mencare.org\/es\/wp-json\/wp\/v2\/types\/post"}],"author":[{"embeddable":true,"href":"http:\/\/www.mencare.org\/es\/wp-json\/wp\/v2\/users\/173"}],"replies":[{"embeddable":true,"href":"http:\/\/www.mencare.org\/es\/wp-json\/wp\/v2\/comments?post=7289"}],"version-history":[{"count":0,"href":"http:\/\/www.mencare.org\/es\/wp-json\/wp\/v2\/posts\/7289\/revisions"}],"wp:featuredmedia":[{"embeddable":true,"href":"http:\/\/www.mencare.org\/es\/wp-json\/wp\/v2\/media\/7291"}],"wp:attachment":[{"href":"http:\/\/www.mencare.org\/es\/wp-json\/wp\/v2\/media?parent=7289"}],"wp:term":[{"taxonomy":"category","embeddable":true,"href":"http:\/\/www.mencare.org\/es\/wp-json\/wp\/v2\/categories?post=7289"},{"taxonomy":"post_tag","embeddable":true,"href":"http:\/\/www.mencare.org\/es\/wp-json\/wp\/v2\/tags?post=7289"}],"curies":[{"name":"wp","href":"https:\/\/api.w.org\/{rel}","templated":true}]}}