{"id":7926,"date":"2023-09-20T16:05:50","date_gmt":"2023-09-20T20:05:50","guid":{"rendered":"https:\/\/www.mencare.org\/?p=7926"},"modified":"2023-10-02T15:06:52","modified_gmt":"2023-10-02T19:06:52","slug":"its-time-for-men-to-commit-to-doing-a-fairer-share-of-the-care-work-at-home","status":"publish","type":"post","link":"http:\/\/www.mencare.org\/es\/its-time-for-men-to-commit-to-doing-a-fairer-share-of-the-care-work-at-home\/","title":{"rendered":"Es hora de que los hombres se comprometan a hacer una parte m\u00e1s justa del trabajo de cuidado en el hogar"},"content":{"rendered":"<p>Es hora de que los hombres se comprometan a hacer una parte m\u00e1s justa de las tareas de cuidado en el hogar, y se invita a los hombres de todo el mundo a hacer precisamente eso. Con el compromiso MenCare 50\/50, los hombres pueden compartir c\u00f3mo se muestran como cuidadores dedicados y presentes ante sus abuelos, padres, parejas, comunidad, hijos, etc.<\/p>\n<p>Sabemos que muchos hombres ya brindan cuidados, y es importante que sus ejemplos de cuidados sirvan de modelo para los cuidadores actuales y futuros.<\/p>\n<p><em><img loading=\"lazy\" decoding=\"async\" class=\"wp-image-7957 alignleft\" src=\"https:\/\/www.mencare.org\/wp-content\/uploads\/2023\/09\/chris-50-50-300x225.jpeg\" alt=\"\" width=\"311\" height=\"233\" srcset=\"http:\/\/www.mencare.org\/wp-content\/uploads\/2023\/09\/chris-50-50-300x225.jpeg 300w, http:\/\/www.mencare.org\/wp-content\/uploads\/2023\/09\/chris-50-50-1024x769.jpeg 1024w, http:\/\/www.mencare.org\/wp-content\/uploads\/2023\/09\/chris-50-50-768x577.jpeg 768w, http:\/\/www.mencare.org\/wp-content\/uploads\/2023\/09\/chris-50-50-1536x1154.jpeg 1536w, http:\/\/www.mencare.org\/wp-content\/uploads\/2023\/09\/chris-50-50.jpeg 2048w\" sizes=\"auto, (max-width: 311px) 100vw, 311px\" \/><\/em><\/p>\n<h1>Crist\u00f3bal<\/h1>\n<p><em>Como padres de un ni\u00f1o de un a\u00f1o y un cachorro, no faltan las tareas de cuidado que hay que hacer en la casa. Pero, con mucha frecuencia, las tareas dom\u00e9sticas menores que hacen que todo funcione recaen sobre nuestras parejas. Desde el principio, mi pareja y yo nos hemos comprometido a garantizar un equilibrio justo en casa. Esto no siempre es f\u00e1cil y hay que mantenerlo a trav\u00e9s de muchas conversaciones, terapia, citas nocturnas y, s\u00ed, frustraci\u00f3n. Pero todo est\u00e1 al servicio de una vida en la que podemos ocuparnos de nuestra familia, nuestra vida laboral, nuestra comunidad y nuestro tiempo libre tambi\u00e9n.<\/em><\/p>\n<p>&nbsp;<\/p>\n<h1><em>\u00a0<img loading=\"lazy\" decoding=\"async\" class=\"wp-image-7928 size-medium alignleft\" src=\"https:\/\/www.mencare.org\/wp-content\/uploads\/2023\/09\/Brian-Mencare-commitment-scaled-e1696273357361-300x246.jpeg\" alt=\"\" width=\"300\" height=\"246\" srcset=\"http:\/\/www.mencare.org\/wp-content\/uploads\/2023\/09\/Brian-Mencare-commitment-scaled-e1696273357361-300x246.jpeg 300w, http:\/\/www.mencare.org\/wp-content\/uploads\/2023\/09\/Brian-Mencare-commitment-scaled-e1696273357361-1024x840.jpeg 1024w, http:\/\/www.mencare.org\/wp-content\/uploads\/2023\/09\/Brian-Mencare-commitment-scaled-e1696273357361-768x630.jpeg 768w, http:\/\/www.mencare.org\/wp-content\/uploads\/2023\/09\/Brian-Mencare-commitment-scaled-e1696273357361-1536x1260.jpeg 1536w, http:\/\/www.mencare.org\/wp-content\/uploads\/2023\/09\/Brian-Mencare-commitment-scaled-e1696273357361.jpeg 1896w\" sizes=\"auto, (max-width: 300px) 100vw, 300px\" \/><\/em>Brian<\/h1>\n<p><em>Acept\u00e9 el compromiso 50\/50 de MenCare porque es importante asumir la responsabilidad visible de vivir una vida verdaderamente igualitaria en el hogar. Adem\u00e1s, el trabajo de apoyar a los miembros de mi familia, cuidar la casa y mantener una comunicaci\u00f3n abierta y emp\u00e1tica en todo momento no es una carga ni una tarea, es lo que me ayuda a sentirme completo como ser humano.<\/em><\/p>\n<p>&nbsp;<\/p>\n<p>&nbsp;<\/p>\n<p>&nbsp;<\/p>\n<p><em><img loading=\"lazy\" decoding=\"async\" class=\"wp-image-7927 alignleft\" src=\"https:\/\/www.mencare.org\/wp-content\/uploads\/2023\/09\/jose-mencare-commitment-300x300.jpg\" alt=\"\" width=\"299\" height=\"299\" srcset=\"http:\/\/www.mencare.org\/wp-content\/uploads\/2023\/09\/jose-mencare-commitment-300x300.jpg 300w, http:\/\/www.mencare.org\/wp-content\/uploads\/2023\/09\/jose-mencare-commitment-1024x1024.jpg 1024w, http:\/\/www.mencare.org\/wp-content\/uploads\/2023\/09\/jose-mencare-commitment-768x768.jpg 768w, http:\/\/www.mencare.org\/wp-content\/uploads\/2023\/09\/jose-mencare-commitment-1536x1536.jpg 1536w, http:\/\/www.mencare.org\/wp-content\/uploads\/2023\/09\/jose-mencare-commitment.jpg 2048w\" sizes=\"auto, (max-width: 299px) 100vw, 299px\" \/><\/em><\/p>\n<h1>Jos\u00e9<\/h1>\n<p><em>Firm\u00e9 el compromiso con el af\u00e1n de motivarme a m\u00ed mismo a hacer m\u00e1s por m\u00ed, por qui\u00e9nes quiero, por la comunidad que me acoge y el planeta que nos alberga. Para m\u00ed esta iniciativa es adem\u00e1s una forma de probarle al mundo ya nosotros mismos que querer y cuidar son acciones naturales para todas, todos y todos; que cuidar y querer son lo que nos hace humanos.<\/em><\/p>\n<p><em><span style=\"background-color: #ffffff;\">Firm\u00e9 el compromiso para animarme a hacer m\u00e1s por m\u00ed, por mis seres queridos, por mi comunidad y por el planeta que nos alberga. Para m\u00ed, esta iniciativa es tambi\u00e9n una forma de demostrar al mundo que el cuidado es algo natural para todos, incluidos los hombres. Que cuidar a los dem\u00e1s es lo que nos hace humanos.<\/span><\/em><\/p>\n<p>&nbsp;<\/p>\n<p><em><img loading=\"lazy\" decoding=\"async\" class=\"size-medium wp-image-7958 alignleft\" src=\"https:\/\/www.mencare.org\/wp-content\/uploads\/2023\/09\/Joseph-Vess-photo-300x225.jpg\" alt=\"\" width=\"300\" height=\"225\" srcset=\"http:\/\/www.mencare.org\/wp-content\/uploads\/2023\/09\/Joseph-Vess-photo-300x225.jpg 300w, http:\/\/www.mencare.org\/wp-content\/uploads\/2023\/09\/Joseph-Vess-photo-1024x768.jpg 1024w, http:\/\/www.mencare.org\/wp-content\/uploads\/2023\/09\/Joseph-Vess-photo-768x576.jpg 768w, http:\/\/www.mencare.org\/wp-content\/uploads\/2023\/09\/Joseph-Vess-photo-1536x1152.jpg 1536w, http:\/\/www.mencare.org\/wp-content\/uploads\/2023\/09\/Joseph-Vess-photo-2048x1536.jpg 2048w\" sizes=\"auto, (max-width: 300px) 100vw, 300px\" \/><\/em><\/p>\n<h1>Jos\u00e9<\/h1>\n<p><em>Asum\u00ed el compromiso 50\/50 como una promesa para m\u00ed y para mi familia de participar plenamente en mi hogar, no solo para hacer algunas tareas si mi esposa me lo pide, sino para ser un coadministrador igualitario de nuestra familia y asumir todas las responsabilidades que eso conlleva. Tambi\u00e9n es importante para m\u00ed darle este ejemplo a mi hijo. Quiero que vea como algo completamente normal que su padre cocine, limpie y haga los recados de manera proactiva, no de mala gana o como un &quot;favor&quot;, sino porque amo a mi familia.<\/em><\/p>\n<p>&nbsp;<\/p>\n<h4><\/h4>\n<h1><\/h1>\n<h2>\u00bfAsumir\u00e1 el compromiso MenCare 50\/50 y demostrar\u00e1 al mundo que los hombres est\u00e1n comprometidos a compartir m\u00e1s justamente el trabajo en el hogar?<\/h2>\n<h2>Inscribirse <a href=\"https:\/\/www.mencare.org\/es\/individual-form\/\">\u00a1aqu\u00ed!<\/a><\/h2>","protected":false},"excerpt":{"rendered":"<p>Es hora de que los hombres se comprometan a hacer una parte m\u00e1s justa del trabajo de cuidado en el hogar, y se est\u00e1 invitando a los hombres de todo el mundo a hacer precisamente eso. Con el compromiso MenCare 50\/50, los hombres pueden compartir c\u00f3mo se muestran como cuidadores dedicados y presentes ante sus abuelos, padres, parejas, comunidad, hijos, etc. Sabemos&nbsp;<a class=\"read-more-link\" href=\"http:\/\/www.mencare.org\/es\/its-time-for-men-to-commit-to-doing-a-fairer-share-of-the-care-work-at-home\/\">\u2026<\/a><\/p>","protected":false},"author":180,"featured_media":7960,"comment_status":"closed","ping_status":"closed","sticky":false,"template":"","format":"standard","meta":{"footnotes":""},"categories":[1],"tags":[864,45,865,866,641,687,195,867],"class_list":["post-7926","post","type-post","status-publish","format-standard","has-post-thumbnail","hentry","category-uncategorized","tag-50-50-commitment","tag-care","tag-commitment","tag-family","tag-fatherhood","tag-parent","tag-parental-leave","tag-share-care"],"acf":[],"yoast_head":"<!-- This site is optimized with the Yoast SEO plugin v25.9 - https:\/\/yoast.com\/wordpress\/plugins\/seo\/ -->\n<title>It\u2019s time for men to commit to doing a fairer share of the care work at home - MenCare<\/title>\n<meta name=\"robots\" content=\"index, follow, max-snippet:-1, max-image-preview:large, max-video-preview:-1\" \/>\n<link rel=\"canonical\" href=\"https:\/\/www.mencare.org\/es\/its-time-for-men-to-commit-to-doing-a-fairer-share-of-the-care-work-at-home\/\" \/>\n<meta property=\"og:locale\" content=\"es_MX\" \/>\n<meta property=\"og:type\" content=\"article\" \/>\n<meta property=\"og:title\" content=\"It\u2019s time for men to commit to doing a fairer share of the care work at home - MenCare\" \/>\n<meta property=\"og:description\" content=\"It\u2019s time for men to commit to doing a fairer share of the care work at home, and men around the world are being invited to do just that. With the MenCare 50\/50 commitment, men can share how they show up as dedicated, present caregivers to their grandparents, parents, partners, community, children, etc. We know&nbsp;&hellip;\" \/>\n<meta property=\"og:url\" content=\"https:\/\/www.mencare.org\/es\/its-time-for-men-to-commit-to-doing-a-fairer-share-of-the-care-work-at-home\/\" \/>\n<meta property=\"og:site_name\" content=\"MenCare\" \/>\n<meta property=\"article:published_time\" content=\"2023-09-20T20:05:50+00:00\" \/>\n<meta property=\"article:modified_time\" content=\"2023-10-02T19:06:52+00:00\" \/>\n<meta property=\"og:image\" content=\"https:\/\/www.mencare.org\/wp-content\/uploads\/2023\/09\/5050-blog-cover.png\" \/>\n\t<meta property=\"og:image:width\" content=\"1080\" \/>\n\t<meta property=\"og:image:height\" content=\"1080\" \/>\n\t<meta property=\"og:image:type\" content=\"image\/png\" \/>\n<meta name=\"author\" content=\"Hannah Chosid\" \/>\n<meta name=\"twitter:card\" content=\"summary_large_image\" \/>\n<meta name=\"twitter:label1\" content=\"Written by\" \/>\n\t<meta name=\"twitter:data1\" content=\"Hannah Chosid\" \/>\n\t<meta name=\"twitter:label2\" content=\"Est. reading time\" \/>\n\t<meta name=\"twitter:data2\" content=\"2 minutes\" \/>\n<script type=\"application\/ld+json\" class=\"yoast-schema-graph\">{\"@context\":\"https:\/\/schema.org\",\"@graph\":[{\"@type\":\"WebPage\",\"@id\":\"https:\/\/www.mencare.org\/its-time-for-men-to-commit-to-doing-a-fairer-share-of-the-care-work-at-home\/\",\"url\":\"https:\/\/www.mencare.org\/its-time-for-men-to-commit-to-doing-a-fairer-share-of-the-care-work-at-home\/\",\"name\":\"It\u2019s time for men to commit to doing a fairer share of the care work at home - MenCare\",\"isPartOf\":{\"@id\":\"https:\/\/www.mencare.org\/#website\"},\"primaryImageOfPage\":{\"@id\":\"https:\/\/www.mencare.org\/its-time-for-men-to-commit-to-doing-a-fairer-share-of-the-care-work-at-home\/#primaryimage\"},\"image\":{\"@id\":\"https:\/\/www.mencare.org\/its-time-for-men-to-commit-to-doing-a-fairer-share-of-the-care-work-at-home\/#primaryimage\"},\"thumbnailUrl\":\"http:\/\/www.mencare.org\/wp-content\/uploads\/2023\/09\/5050-blog-cover.png\",\"datePublished\":\"2023-09-20T20:05:50+00:00\",\"dateModified\":\"2023-10-02T19:06:52+00:00\",\"author\":{\"@id\":\"https:\/\/www.mencare.org\/#\/schema\/person\/98d4b70eb3715a6ffd25456caa468cf9\"},\"breadcrumb\":{\"@id\":\"https:\/\/www.mencare.org\/its-time-for-men-to-commit-to-doing-a-fairer-share-of-the-care-work-at-home\/#breadcrumb\"},\"inLanguage\":\"es-MX\",\"potentialAction\":[{\"@type\":\"ReadAction\",\"target\":[\"https:\/\/www.mencare.org\/its-time-for-men-to-commit-to-doing-a-fairer-share-of-the-care-work-at-home\/\"]}]},{\"@type\":\"ImageObject\",\"inLanguage\":\"es-MX\",\"@id\":\"https:\/\/www.mencare.org\/its-time-for-men-to-commit-to-doing-a-fairer-share-of-the-care-work-at-home\/#primaryimage\",\"url\":\"http:\/\/www.mencare.org\/wp-content\/uploads\/2023\/09\/5050-blog-cover.png\",\"contentUrl\":\"http:\/\/www.mencare.org\/wp-content\/uploads\/2023\/09\/5050-blog-cover.png\",\"width\":1080,\"height\":1080},{\"@type\":\"BreadcrumbList\",\"@id\":\"https:\/\/www.mencare.org\/its-time-for-men-to-commit-to-doing-a-fairer-share-of-the-care-work-at-home\/#breadcrumb\",\"itemListElement\":[{\"@type\":\"ListItem\",\"position\":1,\"name\":\"Home\",\"item\":\"https:\/\/www.mencare.org\/\"},{\"@type\":\"ListItem\",\"position\":2,\"name\":\"It\u2019s time for men to commit to doing a fairer share of the care work at home\"}]},{\"@type\":\"WebSite\",\"@id\":\"https:\/\/www.mencare.org\/#website\",\"url\":\"https:\/\/www.mencare.org\/\",\"name\":\"MenCare\",\"description\":\"A Global Fatherhood Campaign\",\"potentialAction\":[{\"@type\":\"SearchAction\",\"target\":{\"@type\":\"EntryPoint\",\"urlTemplate\":\"https:\/\/www.mencare.org\/?s={search_term_string}\"},\"query-input\":{\"@type\":\"PropertyValueSpecification\",\"valueRequired\":true,\"valueName\":\"search_term_string\"}}],\"inLanguage\":\"es-MX\"},{\"@type\":\"Person\",\"@id\":\"https:\/\/www.mencare.org\/#\/schema\/person\/98d4b70eb3715a6ffd25456caa468cf9\",\"name\":\"Hannah Chosid\",\"image\":{\"@type\":\"ImageObject\",\"inLanguage\":\"es-MX\",\"@id\":\"https:\/\/www.mencare.org\/#\/schema\/person\/image\/\",\"url\":\"https:\/\/secure.gravatar.com\/avatar\/7d588a6bab168c7bf315e0c02a9d216d3ae1cc96e6a277774b99cb60754213c6?s=96&d=mm&r=g\",\"contentUrl\":\"https:\/\/secure.gravatar.com\/avatar\/7d588a6bab168c7bf315e0c02a9d216d3ae1cc96e6a277774b99cb60754213c6?s=96&d=mm&r=g\",\"caption\":\"Hannah Chosid\"},\"url\":\"http:\/\/www.mencare.org\/es\/author\/hchosid\/\"}]}<\/script>\n<!-- \/ Yoast SEO plugin. -->","yoast_head_json":{"title":"It\u2019s time for men to commit to doing a fairer share of the care work at home - MenCare","robots":{"index":"index","follow":"follow","max-snippet":"max-snippet:-1","max-image-preview":"max-image-preview:large","max-video-preview":"max-video-preview:-1"},"canonical":"https:\/\/www.mencare.org\/es\/its-time-for-men-to-commit-to-doing-a-fairer-share-of-the-care-work-at-home\/","og_locale":"es_MX","og_type":"article","og_title":"It\u2019s time for men to commit to doing a fairer share of the care work at home - MenCare","og_description":"It\u2019s time for men to commit to doing a fairer share of the care work at home, and men around the world are being invited to do just that. With the MenCare 50\/50 commitment, men can share how they show up as dedicated, present caregivers to their grandparents, parents, partners, community, children, etc. We know&nbsp;&hellip;","og_url":"https:\/\/www.mencare.org\/es\/its-time-for-men-to-commit-to-doing-a-fairer-share-of-the-care-work-at-home\/","og_site_name":"MenCare","article_published_time":"2023-09-20T20:05:50+00:00","article_modified_time":"2023-10-02T19:06:52+00:00","og_image":[{"width":1080,"height":1080,"url":"https:\/\/www.mencare.org\/wp-content\/uploads\/2023\/09\/5050-blog-cover.png","type":"image\/png"}],"author":"Hannah Chosid","twitter_card":"summary_large_image","twitter_misc":{"Written by":"Hannah Chosid","Est. reading time":"2 minutes"},"schema":{"@context":"https:\/\/schema.org","@graph":[{"@type":"WebPage","@id":"https:\/\/www.mencare.org\/its-time-for-men-to-commit-to-doing-a-fairer-share-of-the-care-work-at-home\/","url":"https:\/\/www.mencare.org\/its-time-for-men-to-commit-to-doing-a-fairer-share-of-the-care-work-at-home\/","name":"It\u2019s time for men to commit to doing a fairer share of the care work at home - MenCare","isPartOf":{"@id":"https:\/\/www.mencare.org\/#website"},"primaryImageOfPage":{"@id":"https:\/\/www.mencare.org\/its-time-for-men-to-commit-to-doing-a-fairer-share-of-the-care-work-at-home\/#primaryimage"},"image":{"@id":"https:\/\/www.mencare.org\/its-time-for-men-to-commit-to-doing-a-fairer-share-of-the-care-work-at-home\/#primaryimage"},"thumbnailUrl":"http:\/\/www.mencare.org\/wp-content\/uploads\/2023\/09\/5050-blog-cover.png","datePublished":"2023-09-20T20:05:50+00:00","dateModified":"2023-10-02T19:06:52+00:00","author":{"@id":"https:\/\/www.mencare.org\/#\/schema\/person\/98d4b70eb3715a6ffd25456caa468cf9"},"breadcrumb":{"@id":"https:\/\/www.mencare.org\/its-time-for-men-to-commit-to-doing-a-fairer-share-of-the-care-work-at-home\/#breadcrumb"},"inLanguage":"es-MX","potentialAction":[{"@type":"ReadAction","target":["https:\/\/www.mencare.org\/its-time-for-men-to-commit-to-doing-a-fairer-share-of-the-care-work-at-home\/"]}]},{"@type":"ImageObject","inLanguage":"es-MX","@id":"https:\/\/www.mencare.org\/its-time-for-men-to-commit-to-doing-a-fairer-share-of-the-care-work-at-home\/#primaryimage","url":"http:\/\/www.mencare.org\/wp-content\/uploads\/2023\/09\/5050-blog-cover.png","contentUrl":"http:\/\/www.mencare.org\/wp-content\/uploads\/2023\/09\/5050-blog-cover.png","width":1080,"height":1080},{"@type":"BreadcrumbList","@id":"https:\/\/www.mencare.org\/its-time-for-men-to-commit-to-doing-a-fairer-share-of-the-care-work-at-home\/#breadcrumb","itemListElement":[{"@type":"ListItem","position":1,"name":"Home","item":"https:\/\/www.mencare.org\/"},{"@type":"ListItem","position":2,"name":"It\u2019s time for men to commit to doing a fairer share of the care work at home"}]},{"@type":"WebSite","@id":"https:\/\/www.mencare.org\/#website","url":"https:\/\/www.mencare.org\/","name":"Cuidado de los hombres","description":"Una campa\u00f1a mundial por la paternidad","potentialAction":[{"@type":"SearchAction","target":{"@type":"EntryPoint","urlTemplate":"https:\/\/www.mencare.org\/?s={search_term_string}"},"query-input":{"@type":"PropertyValueSpecification","valueRequired":true,"valueName":"search_term_string"}}],"inLanguage":"es-MX"},{"@type":"Person","@id":"https:\/\/www.mencare.org\/#\/schema\/person\/98d4b70eb3715a6ffd25456caa468cf9","name":"Hannah Chosid","image":{"@type":"ImageObject","inLanguage":"es-MX","@id":"https:\/\/www.mencare.org\/#\/schema\/person\/image\/","url":"https:\/\/secure.gravatar.com\/avatar\/7d588a6bab168c7bf315e0c02a9d216d3ae1cc96e6a277774b99cb60754213c6?s=96&d=mm&r=g","contentUrl":"https:\/\/secure.gravatar.com\/avatar\/7d588a6bab168c7bf315e0c02a9d216d3ae1cc96e6a277774b99cb60754213c6?s=96&d=mm&r=g","caption":"Hannah Chosid"},"url":"http:\/\/www.mencare.org\/es\/author\/hchosid\/"}]}},"_links":{"self":[{"href":"http:\/\/www.mencare.org\/es\/wp-json\/wp\/v2\/posts\/7926","targetHints":{"allow":["GET"]}}],"collection":[{"href":"http:\/\/www.mencare.org\/es\/wp-json\/wp\/v2\/posts"}],"about":[{"href":"http:\/\/www.mencare.org\/es\/wp-json\/wp\/v2\/types\/post"}],"author":[{"embeddable":true,"href":"http:\/\/www.mencare.org\/es\/wp-json\/wp\/v2\/users\/180"}],"replies":[{"embeddable":true,"href":"http:\/\/www.mencare.org\/es\/wp-json\/wp\/v2\/comments?post=7926"}],"version-history":[{"count":3,"href":"http:\/\/www.mencare.org\/es\/wp-json\/wp\/v2\/posts\/7926\/revisions"}],"predecessor-version":[{"id":7964,"href":"http:\/\/www.mencare.org\/es\/wp-json\/wp\/v2\/posts\/7926\/revisions\/7964"}],"wp:featuredmedia":[{"embeddable":true,"href":"http:\/\/www.mencare.org\/es\/wp-json\/wp\/v2\/media\/7960"}],"wp:attachment":[{"href":"http:\/\/www.mencare.org\/es\/wp-json\/wp\/v2\/media?parent=7926"}],"wp:term":[{"taxonomy":"category","embeddable":true,"href":"http:\/\/www.mencare.org\/es\/wp-json\/wp\/v2\/categories?post=7926"},{"taxonomy":"post_tag","embeddable":true,"href":"http:\/\/www.mencare.org\/es\/wp-json\/wp\/v2\/tags?post=7926"}],"curies":[{"name":"wp","href":"https:\/\/api.w.org\/{rel}","templated":true}]}}