{"id":5535,"date":"2017-06-18T09:20:57","date_gmt":"2017-06-18T13:20:57","guid":{"rendered":"https:\/\/www.mencare.org\/?p=5535"},"modified":"2017-06-28T13:31:14","modified_gmt":"2017-06-28T17:31:14","slug":"fathers-day-celebrate-taking-action","status":"publish","type":"post","link":"http:\/\/www.mencare.org\/pt\/fathers-day-celebrate-taking-action\/","title":{"rendered":"Neste Dia dos Pais, comemore tomando uma atitude!"},"content":{"rendered":"<h1>Feliz Dia dos Pais da MenCare!<\/h1>\n<h3>Neste domingo, celebramos os pais que defendem a igualdade e conhecem o valor do cuidado.<\/h3>\n<p>O que acontece quando os pais se apresentam para compartilhar o cuidado? Neste Dia dos Pais, tire 3 minutos para ver como a paternidade envolvida pode melhorar a vida de crian\u00e7as, mulheres e homens no novo filme da MenCare, <a href=\"https:\/\/www.youtube.com\/watch?v=ssWx-GJ9_tI&amp;feature=youtu.be\" target=\"_blank\" rel=\"noopener noreferrer\"><em>Junte-se ao movimento<\/em><\/a>. O filme acompanha o MenCare&#039;s <a href=\"http:\/\/sowf.men-care.org\/\" target=\"_blank\" rel=\"noopener noreferrer\"><em>Situa\u00e7\u00e3o da Paternidade no Mundo: Hora de Agir<\/em><\/a> Relat\u00f3rio de 2017, que estabelece uma agenda ousada para a participa\u00e7\u00e3o igualit\u00e1ria dos homens no trabalho de cuidado n\u00e3o remunerado \u2013 um passo vital para alcan\u00e7ar a igualdade de g\u00eanero.<\/p>\n<p><iframe loading=\"lazy\" title=\"Junte-se ao movimento: Hora de agir\" width=\"500\" height=\"281\" src=\"https:\/\/www.youtube.com\/embed\/ssWx-GJ9_tI?feature=oembed\" frameborder=\"0\" allow=\"accelerometer; autoplay; clipboard-write; encrypted-media; gyroscope; picture-in-picture; web-share\" referrerpolicy=\"strict-origin-when-cross-origin\" allowfullscreen><\/iframe><\/p>\n<p>Em m\u00e9dia, a n\u00edvel mundial, o tempo que as mulheres dedicam diariamente aos cuidados da casa e dos filhos ainda \u00e9 <strong>tr\u00eas vezes<\/strong> o que os homens gastam. O segundo de sempre <a href=\"http:\/\/sowf.men-care.org\/\" target=\"_blank\" rel=\"noopener noreferrer\"><em>Situa\u00e7\u00e3o da Paternidade no Mundo<\/em><\/a> relat\u00f3rio \u2013 produzido pela Equimundo para <a href=\"https:\/\/www.mencare.org\/pt\/\" target=\"_blank\" rel=\"noopener noreferrer\">Cuidados com os homens<\/a>: Uma Campanha Global pela Paternidade \u2013 extrai de quase 100 estudos de pesquisa e relat\u00f3rios, com dados de quase todos os pa\u00edses onde est\u00e3o dispon\u00edveis. <em>Situa\u00e7\u00e3o da Paternidade no Mundo <\/em>2017 oferece uma an\u00e1lise do trabalho de cuidado dos homens e pede uma meta global e planos de a\u00e7\u00e3o nacionais para homens e meninos que realizam 50% do trabalho de cuidado n\u00e3o remunerado do mundo.<\/p>\n<p>As conclus\u00f5es do relat\u00f3rio indicam que muitos homens <em>fazer<\/em> querem se envolver mais no trabalho de cuidado. Mesmo em certos pa\u00edses onde o envolvimento dos homens no trabalho de cuidado \u00e9 limitado, metade ou mais dos homens pesquisados disseram que passavam muito pouco tempo com seus filhos por causa de seu trabalho.<\/p>\n<p>O relat\u00f3rio revela o que tem impedido o progresso em dire\u00e7\u00e3o \u00e0 igualdade: normas de g\u00eanero que estereotipam o cuidado como \u201ctrabalho de mulheres\u201d, realidades econ\u00f4micas e laborais injustas e inflex\u00edveis, e leis e pol\u00edticas que desencorajam os homens de participarem igualmente do trabalho de cuidado. <em>Situa\u00e7\u00e3o da Paternidade no Mundo <\/em>2017 destaca recomenda\u00e7\u00f5es espec\u00edficas para a\u00e7\u00e3o e medidas pr\u00e1ticas para mudan\u00e7a.<\/p>\n<p><strong>Para ler o relat\u00f3rio completo, visite <\/strong><strong><a href=\"http:\/\/sowf.men-care.org\/\" target=\"_blank\" rel=\"noopener noreferrer\">sowf.homens-cuidados.org<\/a><\/strong><strong>.<\/strong><\/p>\n<p><strong>Participe da conversa on-line seguindo <\/strong><strong><a href=\"https:\/\/twitter.com\/MenCareGlobal\" target=\"_blank\" rel=\"noopener noreferrer\">@MenCareGlobal<\/a><\/strong><strong> e usando <\/strong><strong><a href=\"https:\/\/twitter.com\/hashtag\/WorldsFathers?src=hash\" target=\"_blank\" rel=\"noopener noreferrer\"># Pais do Mundo<\/a><\/strong><strong>.<\/strong><\/p>","protected":false},"excerpt":{"rendered":"<p>Feliz Dia dos Pais da MenCare! Neste domingo, estamos celebrando os pais que defendem a igualdade e conhecem o valor do cuidado. O que acontece quando os pais se apresentam para compartilhar o cuidado? Neste Dia dos Pais, reserve 3 minutos para ver como a paternidade envolvida pode melhorar a vida de crian\u00e7as, mulheres e homens no novo filme da MenCare, Join&nbsp;<a class=\"read-more-link\" href=\"http:\/\/www.mencare.org\/pt\/fathers-day-celebrate-taking-action\/\">\u2026<\/a><\/p>","protected":false},"author":178,"featured_media":5512,"comment_status":"closed","ping_status":"closed","sticky":false,"template":"","format":"standard","meta":{"footnotes":""},"categories":[1],"tags":[132,242,589,245,588],"class_list":["post-5535","post","type-post","status-publish","format-standard","has-post-thumbnail","hentry","category-uncategorized","tag-join-the-movement","tag-sowf","tag-sowf-2017","tag-state-of-the-worlds-fathers","tag-state-of-the-worlds-fathers-time-for-action","countries-global","initiative-state-of-the-worlds-fathers"],"acf":[],"yoast_head":"<!-- This site is optimized with the Yoast SEO plugin v25.9 - https:\/\/yoast.com\/wordpress\/plugins\/seo\/ -->\n<title>This Father\u2019s Day, celebrate by taking action! \u2013 MenCare<\/title>\n<meta name=\"description\" content=\"Happy Father&#039;s Day! Today, we are celebrating fathers who stand for equality and know the value of care.\" \/>\n<meta name=\"robots\" content=\"index, follow, max-snippet:-1, max-image-preview:large, max-video-preview:-1\" \/>\n<link rel=\"canonical\" href=\"http:\/\/www.mencare.org\/pt\/fathers-day-celebrate-taking-action\/\" \/>\n<meta property=\"og:locale\" content=\"pt_BR\" \/>\n<meta property=\"og:type\" content=\"article\" \/>\n<meta property=\"og:title\" content=\"This Father\u2019s Day, celebrate by taking action! \u2013 MenCare\" \/>\n<meta property=\"og:description\" content=\"Happy Father&#039;s Day! Today, we are celebrating fathers who stand for equality and know the value of care.\" \/>\n<meta property=\"og:url\" content=\"http:\/\/www.mencare.org\/pt\/fathers-day-celebrate-taking-action\/\" \/>\n<meta property=\"og:site_name\" content=\"MenCare\" \/>\n<meta property=\"article:published_time\" content=\"2017-06-18T13:20:57+00:00\" \/>\n<meta property=\"article:modified_time\" content=\"2017-06-28T17:31:14+00:00\" \/>\n<meta property=\"og:image\" content=\"http:\/\/www.mencare.org\/wp-content\/uploads\/2017\/06\/Fathers_Day_e-blast_banner.jpg\" \/>\n\t<meta property=\"og:image:width\" content=\"580\" \/>\n\t<meta property=\"og:image:height\" content=\"300\" \/>\n\t<meta property=\"og:image:type\" content=\"image\/jpeg\" \/>\n<meta name=\"author\" content=\"RadishLab\" \/>\n<meta name=\"twitter:card\" content=\"summary_large_image\" \/>\n<meta name=\"twitter:label1\" content=\"Written by\" \/>\n\t<meta name=\"twitter:data1\" content=\"RadishLab\" \/>\n\t<meta name=\"twitter:label2\" content=\"Est. reading time\" \/>\n\t<meta name=\"twitter:data2\" content=\"2 minutes\" \/>\n<script type=\"application\/ld+json\" class=\"yoast-schema-graph\">{\"@context\":\"https:\/\/schema.org\",\"@graph\":[{\"@type\":\"WebPage\",\"@id\":\"http:\/\/www.mencare.org\/pt\/fathers-day-celebrate-taking-action\/\",\"url\":\"http:\/\/www.mencare.org\/pt\/fathers-day-celebrate-taking-action\/\",\"name\":\"This Father\u2019s Day, celebrate by taking action! \u2013 MenCare\",\"isPartOf\":{\"@id\":\"https:\/\/www.mencare.org\/#website\"},\"primaryImageOfPage\":{\"@id\":\"http:\/\/www.mencare.org\/pt\/fathers-day-celebrate-taking-action\/#primaryimage\"},\"image\":{\"@id\":\"http:\/\/www.mencare.org\/pt\/fathers-day-celebrate-taking-action\/#primaryimage\"},\"thumbnailUrl\":\"http:\/\/www.mencare.org\/wp-content\/uploads\/2017\/06\/MenCare-5-550x400.png\",\"datePublished\":\"2017-06-18T13:20:57+00:00\",\"dateModified\":\"2017-06-28T17:31:14+00:00\",\"author\":{\"@id\":\"https:\/\/www.mencare.org\/#\/schema\/person\/b9fee429ac8580ed216def21e04b2819\"},\"description\":\"Happy Father's Day! Today, we are celebrating fathers who stand for equality and know the value of care.\",\"breadcrumb\":{\"@id\":\"http:\/\/www.mencare.org\/pt\/fathers-day-celebrate-taking-action\/#breadcrumb\"},\"inLanguage\":\"pt-BR\",\"potentialAction\":[{\"@type\":\"ReadAction\",\"target\":[\"http:\/\/www.mencare.org\/pt\/fathers-day-celebrate-taking-action\/\"]}]},{\"@type\":\"ImageObject\",\"inLanguage\":\"pt-BR\",\"@id\":\"http:\/\/www.mencare.org\/pt\/fathers-day-celebrate-taking-action\/#primaryimage\",\"url\":\"http:\/\/www.mencare.org\/wp-content\/uploads\/2017\/06\/MenCare-5-550x400.png\",\"contentUrl\":\"http:\/\/www.mencare.org\/wp-content\/uploads\/2017\/06\/MenCare-5-550x400.png\",\"width\":1328,\"height\":966},{\"@type\":\"BreadcrumbList\",\"@id\":\"http:\/\/www.mencare.org\/pt\/fathers-day-celebrate-taking-action\/#breadcrumb\",\"itemListElement\":[{\"@type\":\"ListItem\",\"position\":1,\"name\":\"Home\",\"item\":\"https:\/\/www.mencare.org\/\"},{\"@type\":\"ListItem\",\"position\":2,\"name\":\"This Father\u2019s Day, celebrate by taking action!\"}]},{\"@type\":\"WebSite\",\"@id\":\"https:\/\/www.mencare.org\/#website\",\"url\":\"https:\/\/www.mencare.org\/\",\"name\":\"MenCare\",\"description\":\"A Global Fatherhood Campaign\",\"potentialAction\":[{\"@type\":\"SearchAction\",\"target\":{\"@type\":\"EntryPoint\",\"urlTemplate\":\"https:\/\/www.mencare.org\/?s={search_term_string}\"},\"query-input\":{\"@type\":\"PropertyValueSpecification\",\"valueRequired\":true,\"valueName\":\"search_term_string\"}}],\"inLanguage\":\"pt-BR\"},{\"@type\":\"Person\",\"@id\":\"https:\/\/www.mencare.org\/#\/schema\/person\/b9fee429ac8580ed216def21e04b2819\",\"name\":\"RadishLab\",\"image\":{\"@type\":\"ImageObject\",\"inLanguage\":\"pt-BR\",\"@id\":\"https:\/\/www.mencare.org\/#\/schema\/person\/image\/\",\"url\":\"https:\/\/secure.gravatar.com\/avatar\/01a869e9508babcb1c66b6b41356b4ef63d5326e5b27c38b27ed4a46b8e36b9f?s=96&d=mm&r=g\",\"contentUrl\":\"https:\/\/secure.gravatar.com\/avatar\/01a869e9508babcb1c66b6b41356b4ef63d5326e5b27c38b27ed4a46b8e36b9f?s=96&d=mm&r=g\",\"caption\":\"RadishLab\"},\"url\":\"http:\/\/www.mencare.org\/pt\/author\/radishlab\/\"}]}<\/script>\n<!-- \/ Yoast SEO plugin. -->","yoast_head_json":{"title":"This Father\u2019s Day, celebrate by taking action! \u2013 MenCare","description":"Happy Father's Day! Today, we are celebrating fathers who stand for equality and know the value of care.","robots":{"index":"index","follow":"follow","max-snippet":"max-snippet:-1","max-image-preview":"max-image-preview:large","max-video-preview":"max-video-preview:-1"},"canonical":"http:\/\/www.mencare.org\/pt\/fathers-day-celebrate-taking-action\/","og_locale":"pt_BR","og_type":"article","og_title":"This Father\u2019s Day, celebrate by taking action! \u2013 MenCare","og_description":"Happy Father's Day! Today, we are celebrating fathers who stand for equality and know the value of care.","og_url":"http:\/\/www.mencare.org\/pt\/fathers-day-celebrate-taking-action\/","og_site_name":"MenCare","article_published_time":"2017-06-18T13:20:57+00:00","article_modified_time":"2017-06-28T17:31:14+00:00","og_image":[{"width":580,"height":300,"url":"http:\/\/www.mencare.org\/wp-content\/uploads\/2017\/06\/Fathers_Day_e-blast_banner.jpg","type":"image\/jpeg"}],"author":"RadishLab","twitter_card":"summary_large_image","twitter_misc":{"Written by":"RadishLab","Est. reading time":"2 minutes"},"schema":{"@context":"https:\/\/schema.org","@graph":[{"@type":"WebPage","@id":"http:\/\/www.mencare.org\/pt\/fathers-day-celebrate-taking-action\/","url":"http:\/\/www.mencare.org\/pt\/fathers-day-celebrate-taking-action\/","name":"This Father\u2019s Day, celebrate by taking action! \u2013 MenCare","isPartOf":{"@id":"https:\/\/www.mencare.org\/#website"},"primaryImageOfPage":{"@id":"http:\/\/www.mencare.org\/pt\/fathers-day-celebrate-taking-action\/#primaryimage"},"image":{"@id":"http:\/\/www.mencare.org\/pt\/fathers-day-celebrate-taking-action\/#primaryimage"},"thumbnailUrl":"http:\/\/www.mencare.org\/wp-content\/uploads\/2017\/06\/MenCare-5-550x400.png","datePublished":"2017-06-18T13:20:57+00:00","dateModified":"2017-06-28T17:31:14+00:00","author":{"@id":"https:\/\/www.mencare.org\/#\/schema\/person\/b9fee429ac8580ed216def21e04b2819"},"description":"Happy Father's Day! Today, we are celebrating fathers who stand for equality and know the value of care.","breadcrumb":{"@id":"http:\/\/www.mencare.org\/pt\/fathers-day-celebrate-taking-action\/#breadcrumb"},"inLanguage":"pt-BR","potentialAction":[{"@type":"ReadAction","target":["http:\/\/www.mencare.org\/pt\/fathers-day-celebrate-taking-action\/"]}]},{"@type":"ImageObject","inLanguage":"pt-BR","@id":"http:\/\/www.mencare.org\/pt\/fathers-day-celebrate-taking-action\/#primaryimage","url":"http:\/\/www.mencare.org\/wp-content\/uploads\/2017\/06\/MenCare-5-550x400.png","contentUrl":"http:\/\/www.mencare.org\/wp-content\/uploads\/2017\/06\/MenCare-5-550x400.png","width":1328,"height":966},{"@type":"BreadcrumbList","@id":"http:\/\/www.mencare.org\/pt\/fathers-day-celebrate-taking-action\/#breadcrumb","itemListElement":[{"@type":"ListItem","position":1,"name":"Home","item":"https:\/\/www.mencare.org\/"},{"@type":"ListItem","position":2,"name":"This Father\u2019s Day, celebrate by taking action!"}]},{"@type":"WebSite","@id":"https:\/\/www.mencare.org\/#website","url":"https:\/\/www.mencare.org\/","name":"Cuidados com os homens","description":"Uma Campanha Global de Paternidade","potentialAction":[{"@type":"SearchAction","target":{"@type":"EntryPoint","urlTemplate":"https:\/\/www.mencare.org\/?s={search_term_string}"},"query-input":{"@type":"PropertyValueSpecification","valueRequired":true,"valueName":"search_term_string"}}],"inLanguage":"pt-BR"},{"@type":"Person","@id":"https:\/\/www.mencare.org\/#\/schema\/person\/b9fee429ac8580ed216def21e04b2819","name":"RadishLab","image":{"@type":"ImageObject","inLanguage":"pt-BR","@id":"https:\/\/www.mencare.org\/#\/schema\/person\/image\/","url":"https:\/\/secure.gravatar.com\/avatar\/01a869e9508babcb1c66b6b41356b4ef63d5326e5b27c38b27ed4a46b8e36b9f?s=96&d=mm&r=g","contentUrl":"https:\/\/secure.gravatar.com\/avatar\/01a869e9508babcb1c66b6b41356b4ef63d5326e5b27c38b27ed4a46b8e36b9f?s=96&d=mm&r=g","caption":"RadishLab"},"url":"http:\/\/www.mencare.org\/pt\/author\/radishlab\/"}]}},"_links":{"self":[{"href":"http:\/\/www.mencare.org\/pt\/wp-json\/wp\/v2\/posts\/5535","targetHints":{"allow":["GET"]}}],"collection":[{"href":"http:\/\/www.mencare.org\/pt\/wp-json\/wp\/v2\/posts"}],"about":[{"href":"http:\/\/www.mencare.org\/pt\/wp-json\/wp\/v2\/types\/post"}],"author":[{"embeddable":true,"href":"http:\/\/www.mencare.org\/pt\/wp-json\/wp\/v2\/users\/178"}],"replies":[{"embeddable":true,"href":"http:\/\/www.mencare.org\/pt\/wp-json\/wp\/v2\/comments?post=5535"}],"version-history":[{"count":5,"href":"http:\/\/www.mencare.org\/pt\/wp-json\/wp\/v2\/posts\/5535\/revisions"}],"predecessor-version":[{"id":5634,"href":"http:\/\/www.mencare.org\/pt\/wp-json\/wp\/v2\/posts\/5535\/revisions\/5634"}],"wp:featuredmedia":[{"embeddable":true,"href":"http:\/\/www.mencare.org\/pt\/wp-json\/wp\/v2\/media\/5512"}],"wp:attachment":[{"href":"http:\/\/www.mencare.org\/pt\/wp-json\/wp\/v2\/media?parent=5535"}],"wp:term":[{"taxonomy":"category","embeddable":true,"href":"http:\/\/www.mencare.org\/pt\/wp-json\/wp\/v2\/categories?post=5535"},{"taxonomy":"post_tag","embeddable":true,"href":"http:\/\/www.mencare.org\/pt\/wp-json\/wp\/v2\/tags?post=5535"}],"curies":[{"name":"wp","href":"https:\/\/api.w.org\/{rel}","templated":true}]}}