{"id":7031,"date":"2019-11-11T15:00:22","date_gmt":"2019-11-11T19:00:22","guid":{"rendered":"https:\/\/www.mencare.org\/?p=7031"},"modified":"2019-11-11T18:27:26","modified_gmt":"2019-11-11T22:27:26","slug":"join-us-for-the-mencare-global-meeting-2019","status":"publish","type":"post","link":"http:\/\/www.mencare.org\/pt\/join-us-for-the-mencare-global-meeting-2019\/","title":{"rendered":"Junte-se a n\u00f3s online para o MenCare Global Meeting 2019"},"content":{"rendered":"<p><span style=\"font-weight: 400;\"><img loading=\"lazy\" decoding=\"async\" class=\"fullwidth alignnone wp-image-7032 size-full\" src=\"https:\/\/www.mencare.org\/wp-content\/uploads\/2019\/11\/mencare-meeting-blog-banner-01.png\" alt=\"\" width=\"5000\" height=\"2625\" srcset=\"http:\/\/www.mencare.org\/wp-content\/uploads\/2019\/11\/mencare-meeting-blog-banner-01.png 5000w, http:\/\/www.mencare.org\/wp-content\/uploads\/2019\/11\/mencare-meeting-blog-banner-01-300x158.png 300w, http:\/\/www.mencare.org\/wp-content\/uploads\/2019\/11\/mencare-meeting-blog-banner-01-768x403.png 768w, http:\/\/www.mencare.org\/wp-content\/uploads\/2019\/11\/mencare-meeting-blog-banner-01-1024x538.png 1024w\" sizes=\"auto, (max-width: 5000px) 100vw, 5000px\" \/>Parceiros e colegas do MenCare do mundo todo se reunir\u00e3o de 19 a 21 de novembro em Rabat, Marrocos, e por meio de participa\u00e7\u00e3o remota para desenvolver uma agenda conjunta para promover esfor\u00e7os de advocacy nacionais e internacionais, compartilhar melhores pr\u00e1ticas e evid\u00eancias e desenvolver maneiras novas e inovadoras de alcan\u00e7ar a parceria igualit\u00e1ria dos homens no trabalho de assist\u00eancia n\u00e3o remunerado.\u00a0<\/span><\/p>\n<p><b>Se voc\u00ea n\u00e3o est\u00e1 planejando participar pessoalmente, convidamos voc\u00ea a participar da conversa online, usando #MenCareLive e interagindo conosco em <\/b><a href=\"https:\/\/www.facebook.com\/mencarecampaign\" target=\"_blank\" rel=\"noopener\"><b>Facebook<\/b><\/a><b> e <\/b><a href=\"https:\/\/twitter.com\/MenCareGlobal\" target=\"_blank\" rel=\"noopener\"><b>Twitter<\/b><\/a><b>.<\/b><\/p>\n<p><span style=\"font-weight: 400;\">Voc\u00ea pode encontrar a plen\u00e1ria e selecionar transmiss\u00f5es ao vivo dos workshops visitando:\u00a0<a href=\"https:\/\/www.mencare.org\/pt\/mencarelive\/\" target=\"_blank\" rel=\"noopener\">men-care.org\/mencarelive<\/a><\/span><\/p>\n<p><span style=\"font-weight: 400;\">Ao longo da reuni\u00e3o de tr\u00eas dias, os participantes \u2014 praticantes, ativistas, partes interessadas do governo e acad\u00eamicos \u2014 compartilhar\u00e3o e trocar\u00e3o novas descobertas, li\u00e7\u00f5es aprendidas e reflex\u00f5es do campo de engajamento de homens como pais e cuidadores para a igualdade de g\u00eanero com o objetivo de criar um plano unificado para colocar o cuidado dos homens nas agendas nacionais e globais. Mais do que nunca, precisamos criar vozes unificadas para a justi\u00e7a social, pol\u00edtica e econ\u00f4mica.\u00a0<\/span><\/p>\n<p><span style=\"font-weight: 400;\">A reuni\u00e3o basear-se-\u00e1 nas recomenda\u00e7\u00f5es destacadas no\u00a0<\/span><a href=\"http:\/\/www.stateoftheworldsfathers.org\/\" target=\"_blank\" rel=\"noopener\"><i><span style=\"font-weight: 400;\">Situa\u00e7\u00e3o da Paternidade no Mundo<\/span><\/i><\/a><span style=\"font-weight: 400;\">\u00a0Relat\u00f3rio de 2019, para desenvolver um roteiro e identificar uma agenda de advocacia internacional compartilhada para alcan\u00e7ar a igualdade na presta\u00e7\u00e3o de cuidados e a igualdade de g\u00eanero de forma mais ampla.\u00a0<\/span><\/p>\n<p><span style=\"font-weight: 400;\">Este terceiro encontro global tamb\u00e9m fornecer\u00e1 insights e estrat\u00e9gias para alcan\u00e7ar um novo esfor\u00e7o MenCare:\u00a0<\/span><a href=\"https:\/\/www.mencare.org\/pt\/what-we-do\/advocacy\/the-mencare-commitment\/\" target=\"_blank\" rel=\"noopener\"><i><span style=\"font-weight: 400;\">O compromisso MenCare<\/span><\/i><\/a><span style=\"font-weight: 400;\">. Este compromisso ambicioso visa multiplicar o poder do cuidado ao envolver 50 pa\u00edses para agir e atingir uma meta nacional de que os homens realizem 50% do trabalho de cuidado n\u00e3o remunerado at\u00e9 2030.<\/span><\/p>\n<p>&nbsp;<\/p>","protected":false},"excerpt":{"rendered":"<p>Parceiros e colegas do MenCare do mundo todo se reunir\u00e3o de 19 a 21 de novembro em Rabat, Marrocos, e por meio de participa\u00e7\u00e3o remota para desenvolver uma agenda conjunta para promover esfor\u00e7os de advocacy nacionais e internacionais, compartilhar melhores pr\u00e1ticas e evid\u00eancias e desenvolver maneiras novas e inovadoras de alcan\u00e7ar a parceria igualit\u00e1ria dos homens no trabalho de assist\u00eancia n\u00e3o remunerado.\u00a0<\/p>","protected":false},"author":173,"featured_media":7033,"comment_status":"closed","ping_status":"closed","sticky":false,"template":"","format":"standard","meta":{"footnotes":""},"categories":[1],"tags":[786,813,800],"class_list":["post-7031","post","type-post","status-publish","format-standard","has-post-thumbnail","hentry","category-uncategorized","tag-mencare-commitment","tag-mencare-global-meeting-2019","tag-state-of-the-worlds-father","countries-morocco"],"acf":[],"yoast_head":"<!-- This site is optimized with the Yoast SEO plugin v25.9 - https:\/\/yoast.com\/wordpress\/plugins\/seo\/ -->\n<title>Join us online for the MenCare Global Meeting 2019 - MenCare<\/title>\n<meta name=\"robots\" content=\"index, follow, max-snippet:-1, max-image-preview:large, max-video-preview:-1\" \/>\n<link rel=\"canonical\" href=\"https:\/\/www.mencare.org\/pt\/join-us-for-the-mencare-global-meeting-2019\/\" \/>\n<meta property=\"og:locale\" content=\"pt_BR\" \/>\n<meta property=\"og:type\" content=\"article\" \/>\n<meta property=\"og:title\" content=\"Join us online for the MenCare Global Meeting 2019 - MenCare\" \/>\n<meta property=\"og:description\" content=\"MenCare partners and colleagues from around the world will come together from November 19-21 in Rabat, Morocco and via remote participation to develop a joint agenda to advance international and national advocacy efforts, share best practices and evidence, and develop new and innovative ways to achieve men\u2019s equal partnership in unpaid care work.\u00a0\" \/>\n<meta property=\"og:url\" content=\"https:\/\/www.mencare.org\/pt\/join-us-for-the-mencare-global-meeting-2019\/\" \/>\n<meta property=\"og:site_name\" content=\"MenCare\" \/>\n<meta property=\"article:published_time\" content=\"2019-11-11T19:00:22+00:00\" \/>\n<meta property=\"article:modified_time\" content=\"2019-11-11T22:27:26+00:00\" \/>\n<meta property=\"og:image\" content=\"https:\/\/www.mencare.org\/wp-content\/uploads\/2019\/11\/mencare-meeting-blog-banner-01.png\" \/>\n\t<meta property=\"og:image:width\" content=\"5000\" \/>\n\t<meta property=\"og:image:height\" content=\"2625\" \/>\n\t<meta property=\"og:image:type\" content=\"image\/png\" \/>\n<meta name=\"author\" content=\"lona\" \/>\n<meta name=\"twitter:card\" content=\"summary_large_image\" \/>\n<meta name=\"twitter:image\" content=\"http:\/\/www.mencare.org\/wp-content\/uploads\/2019\/11\/mencare-meeting-blog-banner-01.png\" \/>\n<meta name=\"twitter:label1\" content=\"Written by\" \/>\n\t<meta name=\"twitter:data1\" content=\"lona\" \/>\n\t<meta name=\"twitter:label2\" content=\"Est. reading time\" \/>\n\t<meta name=\"twitter:data2\" content=\"1 minute\" \/>\n<script type=\"application\/ld+json\" class=\"yoast-schema-graph\">{\"@context\":\"https:\/\/schema.org\",\"@graph\":[{\"@type\":\"WebPage\",\"@id\":\"https:\/\/www.mencare.org\/pt\/join-us-for-the-mencare-global-meeting-2019\/\",\"url\":\"https:\/\/www.mencare.org\/pt\/join-us-for-the-mencare-global-meeting-2019\/\",\"name\":\"Join us online for the MenCare Global Meeting 2019 - MenCare\",\"isPartOf\":{\"@id\":\"https:\/\/www.mencare.org\/#website\"},\"primaryImageOfPage\":{\"@id\":\"https:\/\/www.mencare.org\/pt\/join-us-for-the-mencare-global-meeting-2019\/#primaryimage\"},\"image\":{\"@id\":\"https:\/\/www.mencare.org\/pt\/join-us-for-the-mencare-global-meeting-2019\/#primaryimage\"},\"thumbnailUrl\":\"http:\/\/www.mencare.org\/wp-content\/uploads\/2019\/11\/mencare-meeting-blog-featured-image-01.png\",\"datePublished\":\"2019-11-11T19:00:22+00:00\",\"dateModified\":\"2019-11-11T22:27:26+00:00\",\"author\":{\"@id\":\"https:\/\/www.mencare.org\/#\/schema\/person\/58948687a512184b1b395f62c7d2fd86\"},\"breadcrumb\":{\"@id\":\"https:\/\/www.mencare.org\/pt\/join-us-for-the-mencare-global-meeting-2019\/#breadcrumb\"},\"inLanguage\":\"pt-BR\",\"potentialAction\":[{\"@type\":\"ReadAction\",\"target\":[\"https:\/\/www.mencare.org\/pt\/join-us-for-the-mencare-global-meeting-2019\/\"]}]},{\"@type\":\"ImageObject\",\"inLanguage\":\"pt-BR\",\"@id\":\"https:\/\/www.mencare.org\/pt\/join-us-for-the-mencare-global-meeting-2019\/#primaryimage\",\"url\":\"http:\/\/www.mencare.org\/wp-content\/uploads\/2019\/11\/mencare-meeting-blog-featured-image-01.png\",\"contentUrl\":\"http:\/\/www.mencare.org\/wp-content\/uploads\/2019\/11\/mencare-meeting-blog-featured-image-01.png\",\"width\":2292,\"height\":1667},{\"@type\":\"BreadcrumbList\",\"@id\":\"https:\/\/www.mencare.org\/pt\/join-us-for-the-mencare-global-meeting-2019\/#breadcrumb\",\"itemListElement\":[{\"@type\":\"ListItem\",\"position\":1,\"name\":\"Home\",\"item\":\"https:\/\/www.mencare.org\/\"},{\"@type\":\"ListItem\",\"position\":2,\"name\":\"Join us online for the MenCare Global Meeting 2019\"}]},{\"@type\":\"WebSite\",\"@id\":\"https:\/\/www.mencare.org\/#website\",\"url\":\"https:\/\/www.mencare.org\/\",\"name\":\"MenCare\",\"description\":\"A Global Fatherhood Campaign\",\"potentialAction\":[{\"@type\":\"SearchAction\",\"target\":{\"@type\":\"EntryPoint\",\"urlTemplate\":\"https:\/\/www.mencare.org\/?s={search_term_string}\"},\"query-input\":{\"@type\":\"PropertyValueSpecification\",\"valueRequired\":true,\"valueName\":\"search_term_string\"}}],\"inLanguage\":\"pt-BR\"},{\"@type\":\"Person\",\"@id\":\"https:\/\/www.mencare.org\/#\/schema\/person\/58948687a512184b1b395f62c7d2fd86\",\"name\":\"lona\",\"image\":{\"@type\":\"ImageObject\",\"inLanguage\":\"pt-BR\",\"@id\":\"https:\/\/www.mencare.org\/#\/schema\/person\/image\/\",\"url\":\"https:\/\/secure.gravatar.com\/avatar\/454605f9a5ac40f6c8168d2c8c5c71d6d5d63996a8f4437c96286777b30d03b2?s=96&d=mm&r=g\",\"contentUrl\":\"https:\/\/secure.gravatar.com\/avatar\/454605f9a5ac40f6c8168d2c8c5c71d6d5d63996a8f4437c96286777b30d03b2?s=96&d=mm&r=g\",\"caption\":\"lona\"},\"url\":\"http:\/\/www.mencare.org\/pt\/author\/lona\/\"}]}<\/script>\n<!-- \/ Yoast SEO plugin. -->","yoast_head_json":{"title":"Join us online for the MenCare Global Meeting 2019 - MenCare","robots":{"index":"index","follow":"follow","max-snippet":"max-snippet:-1","max-image-preview":"max-image-preview:large","max-video-preview":"max-video-preview:-1"},"canonical":"https:\/\/www.mencare.org\/pt\/join-us-for-the-mencare-global-meeting-2019\/","og_locale":"pt_BR","og_type":"article","og_title":"Join us online for the MenCare Global Meeting 2019 - MenCare","og_description":"MenCare partners and colleagues from around the world will come together from November 19-21 in Rabat, Morocco and via remote participation to develop a joint agenda to advance international and national advocacy efforts, share best practices and evidence, and develop new and innovative ways to achieve men\u2019s equal partnership in unpaid care work.\u00a0","og_url":"https:\/\/www.mencare.org\/pt\/join-us-for-the-mencare-global-meeting-2019\/","og_site_name":"MenCare","article_published_time":"2019-11-11T19:00:22+00:00","article_modified_time":"2019-11-11T22:27:26+00:00","og_image":[{"width":5000,"height":2625,"url":"https:\/\/www.mencare.org\/wp-content\/uploads\/2019\/11\/mencare-meeting-blog-banner-01.png","type":"image\/png"}],"author":"lona","twitter_card":"summary_large_image","twitter_image":"http:\/\/www.mencare.org\/wp-content\/uploads\/2019\/11\/mencare-meeting-blog-banner-01.png","twitter_misc":{"Written by":"lona","Est. reading time":"1 minute"},"schema":{"@context":"https:\/\/schema.org","@graph":[{"@type":"WebPage","@id":"https:\/\/www.mencare.org\/pt\/join-us-for-the-mencare-global-meeting-2019\/","url":"https:\/\/www.mencare.org\/pt\/join-us-for-the-mencare-global-meeting-2019\/","name":"Join us online for the MenCare Global Meeting 2019 - MenCare","isPartOf":{"@id":"https:\/\/www.mencare.org\/#website"},"primaryImageOfPage":{"@id":"https:\/\/www.mencare.org\/pt\/join-us-for-the-mencare-global-meeting-2019\/#primaryimage"},"image":{"@id":"https:\/\/www.mencare.org\/pt\/join-us-for-the-mencare-global-meeting-2019\/#primaryimage"},"thumbnailUrl":"http:\/\/www.mencare.org\/wp-content\/uploads\/2019\/11\/mencare-meeting-blog-featured-image-01.png","datePublished":"2019-11-11T19:00:22+00:00","dateModified":"2019-11-11T22:27:26+00:00","author":{"@id":"https:\/\/www.mencare.org\/#\/schema\/person\/58948687a512184b1b395f62c7d2fd86"},"breadcrumb":{"@id":"https:\/\/www.mencare.org\/pt\/join-us-for-the-mencare-global-meeting-2019\/#breadcrumb"},"inLanguage":"pt-BR","potentialAction":[{"@type":"ReadAction","target":["https:\/\/www.mencare.org\/pt\/join-us-for-the-mencare-global-meeting-2019\/"]}]},{"@type":"ImageObject","inLanguage":"pt-BR","@id":"https:\/\/www.mencare.org\/pt\/join-us-for-the-mencare-global-meeting-2019\/#primaryimage","url":"http:\/\/www.mencare.org\/wp-content\/uploads\/2019\/11\/mencare-meeting-blog-featured-image-01.png","contentUrl":"http:\/\/www.mencare.org\/wp-content\/uploads\/2019\/11\/mencare-meeting-blog-featured-image-01.png","width":2292,"height":1667},{"@type":"BreadcrumbList","@id":"https:\/\/www.mencare.org\/pt\/join-us-for-the-mencare-global-meeting-2019\/#breadcrumb","itemListElement":[{"@type":"ListItem","position":1,"name":"Home","item":"https:\/\/www.mencare.org\/"},{"@type":"ListItem","position":2,"name":"Join us online for the MenCare Global Meeting 2019"}]},{"@type":"WebSite","@id":"https:\/\/www.mencare.org\/#website","url":"https:\/\/www.mencare.org\/","name":"Cuidados com os homens","description":"Uma Campanha Global de Paternidade","potentialAction":[{"@type":"SearchAction","target":{"@type":"EntryPoint","urlTemplate":"https:\/\/www.mencare.org\/?s={search_term_string}"},"query-input":{"@type":"PropertyValueSpecification","valueRequired":true,"valueName":"search_term_string"}}],"inLanguage":"pt-BR"},{"@type":"Person","@id":"https:\/\/www.mencare.org\/#\/schema\/person\/58948687a512184b1b395f62c7d2fd86","name":"lona","image":{"@type":"ImageObject","inLanguage":"pt-BR","@id":"https:\/\/www.mencare.org\/#\/schema\/person\/image\/","url":"https:\/\/secure.gravatar.com\/avatar\/454605f9a5ac40f6c8168d2c8c5c71d6d5d63996a8f4437c96286777b30d03b2?s=96&d=mm&r=g","contentUrl":"https:\/\/secure.gravatar.com\/avatar\/454605f9a5ac40f6c8168d2c8c5c71d6d5d63996a8f4437c96286777b30d03b2?s=96&d=mm&r=g","caption":"lona"},"url":"http:\/\/www.mencare.org\/pt\/author\/lona\/"}]}},"_links":{"self":[{"href":"http:\/\/www.mencare.org\/pt\/wp-json\/wp\/v2\/posts\/7031","targetHints":{"allow":["GET"]}}],"collection":[{"href":"http:\/\/www.mencare.org\/pt\/wp-json\/wp\/v2\/posts"}],"about":[{"href":"http:\/\/www.mencare.org\/pt\/wp-json\/wp\/v2\/types\/post"}],"author":[{"embeddable":true,"href":"http:\/\/www.mencare.org\/pt\/wp-json\/wp\/v2\/users\/173"}],"replies":[{"embeddable":true,"href":"http:\/\/www.mencare.org\/pt\/wp-json\/wp\/v2\/comments?post=7031"}],"version-history":[{"count":0,"href":"http:\/\/www.mencare.org\/pt\/wp-json\/wp\/v2\/posts\/7031\/revisions"}],"wp:featuredmedia":[{"embeddable":true,"href":"http:\/\/www.mencare.org\/pt\/wp-json\/wp\/v2\/media\/7033"}],"wp:attachment":[{"href":"http:\/\/www.mencare.org\/pt\/wp-json\/wp\/v2\/media?parent=7031"}],"wp:term":[{"taxonomy":"category","embeddable":true,"href":"http:\/\/www.mencare.org\/pt\/wp-json\/wp\/v2\/categories?post=7031"},{"taxonomy":"post_tag","embeddable":true,"href":"http:\/\/www.mencare.org\/pt\/wp-json\/wp\/v2\/tags?post=7031"}],"curies":[{"name":"wp","href":"https:\/\/api.w.org\/{rel}","templated":true}]}}