{"id":7216,"date":"2020-08-19T16:10:17","date_gmt":"2020-08-19T20:10:17","guid":{"rendered":"https:\/\/www.mencare.org\/?p=7216"},"modified":"2020-08-19T16:10:17","modified_gmt":"2020-08-19T20:10:17","slug":"great-news-for-families-in-the-netherlands-an-extension-of-parental-leave-for-partners","status":"publish","type":"post","link":"http:\/\/www.mencare.org\/pt\/great-news-for-families-in-the-netherlands-an-extension-of-parental-leave-for-partners\/","title":{"rendered":"Boas not\u00edcias para as fam\u00edlias na Holanda: uma extens\u00e3o da licen\u00e7a parental para os parceiros"},"content":{"rendered":"<div class=\"radius-fix\"><img loading=\"lazy\" decoding=\"async\" class=\"fullwidth alignnone wp-image-7218 size-full\" src=\"https:\/\/www.mencare.org\/wp-content\/uploads\/2020\/08\/natasha-ivanchikhina-eU3e-hO0jkU-unsplash.jpg\" alt=\"\" width=\"1200\" height=\"675\" srcset=\"http:\/\/www.mencare.org\/wp-content\/uploads\/2020\/08\/natasha-ivanchikhina-eU3e-hO0jkU-unsplash.jpg 1200w, http:\/\/www.mencare.org\/wp-content\/uploads\/2020\/08\/natasha-ivanchikhina-eU3e-hO0jkU-unsplash-300x169.jpg 300w, http:\/\/www.mencare.org\/wp-content\/uploads\/2020\/08\/natasha-ivanchikhina-eU3e-hO0jkU-unsplash-768x432.jpg 768w, http:\/\/www.mencare.org\/wp-content\/uploads\/2020\/08\/natasha-ivanchikhina-eU3e-hO0jkU-unsplash-1024x576.jpg 1024w\" sizes=\"auto, (max-width: 1200px) 100vw, 1200px\" \/><\/div>\n<p><em>Esta hist\u00f3ria foi escrita por Kate van de Krol, Oficial de Advocacia da Rutgers. <\/em><\/p>\n<p>A partir de 1\u00ba de julho de 2020, a licen\u00e7a parental para parceiros foi estendida na Holanda por cinco semanas. At\u00e9 2019, parceiros e pais tinham apenas dois dias de licen\u00e7a remunerada. Hoje, parceiros que s\u00e3o oficialmente empregados poder\u00e3o tirar no m\u00e1ximo seis semanas de licen\u00e7a parental para passar tempo com suas fam\u00edlias e filhos.<\/p>\n<p>Esta extens\u00e3o foi um grande passo para garantir e promover a divis\u00e3o igualit\u00e1ria do trabalho de cuidado em casa e mais oportunidades iguais no mercado de trabalho. No entanto, esta licen\u00e7a cobre apenas 70% do sal\u00e1rio do indiv\u00edduo, o que significa que algumas fam\u00edlias podem n\u00e3o conseguir tirar a licen\u00e7a. Nos pr\u00f3ximos anos, ser\u00e1 importante que o governo garanta que 100% do sal\u00e1rio seja coberto pela licen\u00e7a parental.<\/p>\n<p>Muitos ve\u00edculos de not\u00edcias e m\u00eddia holandeses respeit\u00e1veis destacaram essa extens\u00e3o da licen\u00e7a parental e o que isso significaria para fam\u00edlias, empregadores e a sociedade em geral. Houve se\u00e7\u00f5es e artigos que entrevistaram futuros pais e quase todos estavam felizes por poderem estar em casa em vez de no trabalho.<\/p>\n<div class=\"radius-fix\"><img loading=\"lazy\" decoding=\"async\" class=\"alignleft size-medium wp-image-7217\" src=\"https:\/\/www.mencare.org\/wp-content\/uploads\/2020\/08\/image004-300x225.jpg\" alt=\"\" width=\"300\" height=\"225\" srcset=\"http:\/\/www.mencare.org\/wp-content\/uploads\/2020\/08\/image004-300x225.jpg 300w, http:\/\/www.mencare.org\/wp-content\/uploads\/2020\/08\/image004-768x576.jpg 768w, http:\/\/www.mencare.org\/wp-content\/uploads\/2020\/08\/image004-1024x768.jpg 1024w, http:\/\/www.mencare.org\/wp-content\/uploads\/2020\/08\/image004.jpg 1089w\" sizes=\"auto, (max-width: 300px) 100vw, 300px\" \/><\/div>\n<p>Rutgers, um membro ativo da MenEngage Europe &amp; Global e da MenCare: A Global Fatherhood Campaign, tamb\u00e9m foi <a href=\"https:\/\/www.mencare.org\/wp-content\/uploads\/2016\/03\/Parental-Leave-Platform-web.pdf).\" target=\"_blank\" rel=\"noopener\">entrevistado<\/a> para o notici\u00e1rio da noite. Rutgers, o Dutch Centre of Expertise on Sexual and Reproductive Health and Rights (SRHR), explicou que esta extens\u00e3o \u00e9 um verdadeiro marco para a igualdade de responsabilidades parentais e de cuidado e que a nova lei espera reduzir a discrimina\u00e7\u00e3o na gravidez que as mulheres ainda enfrentam na Holanda.<\/p>\n<p>A Rutgers, juntamente com v\u00e1rias outras organiza\u00e7\u00f5es de direitos das mulheres, tem defendido a extens\u00e3o da licen\u00e7a parental desde 2015. Uma das suas estrat\u00e9gias tem sido traduzir e utilizar <a href=\"https:\/\/www.mencare.org\/wp-content\/uploads\/2016\/03\/Parental-Leave-Platform-web.pdf\" target=\"_blank\" rel=\"noopener\">O folheto da plataforma de licen\u00e7a parental MenCare<\/a> para sua campanha.<\/p>","protected":false},"excerpt":{"rendered":"<p>A partir de 1\u00ba de julho de 2020, a licen\u00e7a parental para parceiros foi estendida na Holanda por cinco semanas. At\u00e9 2019, parceiros e pais tinham apenas dois dias de licen\u00e7a remunerada. <\/p>","protected":false},"author":173,"featured_media":7219,"comment_status":"closed","ping_status":"closed","sticky":false,"template":"","format":"standard","meta":{"footnotes":""},"categories":[653],"tags":[441,377,846,833],"class_list":["post-7216","post","type-post","status-publish","format-standard","has-post-thumbnail","hentry","category-fatherhood-and-caregiving","tag-advocacy","tag-netherlands","tag-news","tag-partner","countries-netherlands"],"acf":[],"yoast_head":"<!-- This site is optimized with the Yoast SEO plugin v25.9 - https:\/\/yoast.com\/wordpress\/plugins\/seo\/ -->\n<title>Great news for families in the Netherlands: An extension of parental leave for partners - MenCare<\/title>\n<meta name=\"robots\" content=\"index, follow, max-snippet:-1, max-image-preview:large, max-video-preview:-1\" \/>\n<link rel=\"canonical\" href=\"https:\/\/www.mencare.org\/pt\/great-news-for-families-in-the-netherlands-an-extension-of-parental-leave-for-partners\/\" \/>\n<meta property=\"og:locale\" content=\"pt_BR\" \/>\n<meta property=\"og:type\" content=\"article\" \/>\n<meta property=\"og:title\" content=\"Great news for families in the Netherlands: An extension of parental leave for partners - MenCare\" \/>\n<meta property=\"og:description\" content=\"Beginning on July 1, 2020, parental leave for partners has been extended in the Netherlands by five weeks. Up until 2019, partners and fathers only had two days of paid leave.\" \/>\n<meta property=\"og:url\" content=\"https:\/\/www.mencare.org\/pt\/great-news-for-families-in-the-netherlands-an-extension-of-parental-leave-for-partners\/\" \/>\n<meta property=\"og:site_name\" content=\"MenCare\" \/>\n<meta property=\"article:published_time\" content=\"2020-08-19T20:10:17+00:00\" \/>\n<meta property=\"og:image\" content=\"https:\/\/www.mencare.org\/wp-content\/uploads\/2020\/08\/natasha-ivanchikhina-eU3e-hO0jkU-unsplash.jpg\" \/>\n\t<meta property=\"og:image:width\" content=\"1200\" \/>\n\t<meta property=\"og:image:height\" content=\"675\" \/>\n\t<meta property=\"og:image:type\" content=\"image\/jpeg\" \/>\n<meta name=\"author\" content=\"lona\" \/>\n<meta name=\"twitter:card\" content=\"summary_large_image\" \/>\n<meta name=\"twitter:image\" content=\"http:\/\/www.mencare.org\/wp-content\/uploads\/2020\/08\/natasha-ivanchikhina-eU3e-hO0jkU-unsplash.jpg\" \/>\n<meta name=\"twitter:label1\" content=\"Written by\" \/>\n\t<meta name=\"twitter:data1\" content=\"lona\" \/>\n\t<meta name=\"twitter:label2\" content=\"Est. reading time\" \/>\n\t<meta name=\"twitter:data2\" content=\"1 minute\" \/>\n<script type=\"application\/ld+json\" class=\"yoast-schema-graph\">{\"@context\":\"https:\/\/schema.org\",\"@graph\":[{\"@type\":\"WebPage\",\"@id\":\"https:\/\/www.mencare.org\/pt\/great-news-for-families-in-the-netherlands-an-extension-of-parental-leave-for-partners\/\",\"url\":\"https:\/\/www.mencare.org\/pt\/great-news-for-families-in-the-netherlands-an-extension-of-parental-leave-for-partners\/\",\"name\":\"Great news for families in the Netherlands: An extension of parental leave for partners - MenCare\",\"isPartOf\":{\"@id\":\"https:\/\/www.mencare.org\/#website\"},\"primaryImageOfPage\":{\"@id\":\"https:\/\/www.mencare.org\/pt\/great-news-for-families-in-the-netherlands-an-extension-of-parental-leave-for-partners\/#primaryimage\"},\"image\":{\"@id\":\"https:\/\/www.mencare.org\/pt\/great-news-for-families-in-the-netherlands-an-extension-of-parental-leave-for-partners\/#primaryimage\"},\"thumbnailUrl\":\"http:\/\/www.mencare.org\/wp-content\/uploads\/2020\/08\/natasha-ivanchikhina-eU3e-hO0jkU-unsplash-1.jpg\",\"datePublished\":\"2020-08-19T20:10:17+00:00\",\"author\":{\"@id\":\"https:\/\/www.mencare.org\/#\/schema\/person\/58948687a512184b1b395f62c7d2fd86\"},\"breadcrumb\":{\"@id\":\"https:\/\/www.mencare.org\/pt\/great-news-for-families-in-the-netherlands-an-extension-of-parental-leave-for-partners\/#breadcrumb\"},\"inLanguage\":\"pt-BR\",\"potentialAction\":[{\"@type\":\"ReadAction\",\"target\":[\"https:\/\/www.mencare.org\/pt\/great-news-for-families-in-the-netherlands-an-extension-of-parental-leave-for-partners\/\"]}]},{\"@type\":\"ImageObject\",\"inLanguage\":\"pt-BR\",\"@id\":\"https:\/\/www.mencare.org\/pt\/great-news-for-families-in-the-netherlands-an-extension-of-parental-leave-for-partners\/#primaryimage\",\"url\":\"http:\/\/www.mencare.org\/wp-content\/uploads\/2020\/08\/natasha-ivanchikhina-eU3e-hO0jkU-unsplash-1.jpg\",\"contentUrl\":\"http:\/\/www.mencare.org\/wp-content\/uploads\/2020\/08\/natasha-ivanchikhina-eU3e-hO0jkU-unsplash-1.jpg\",\"width\":550,\"height\":400},{\"@type\":\"BreadcrumbList\",\"@id\":\"https:\/\/www.mencare.org\/pt\/great-news-for-families-in-the-netherlands-an-extension-of-parental-leave-for-partners\/#breadcrumb\",\"itemListElement\":[{\"@type\":\"ListItem\",\"position\":1,\"name\":\"Home\",\"item\":\"https:\/\/www.mencare.org\/\"},{\"@type\":\"ListItem\",\"position\":2,\"name\":\"Great news for families in the Netherlands: An extension of parental leave for partners\"}]},{\"@type\":\"WebSite\",\"@id\":\"https:\/\/www.mencare.org\/#website\",\"url\":\"https:\/\/www.mencare.org\/\",\"name\":\"MenCare\",\"description\":\"A Global Fatherhood Campaign\",\"potentialAction\":[{\"@type\":\"SearchAction\",\"target\":{\"@type\":\"EntryPoint\",\"urlTemplate\":\"https:\/\/www.mencare.org\/?s={search_term_string}\"},\"query-input\":{\"@type\":\"PropertyValueSpecification\",\"valueRequired\":true,\"valueName\":\"search_term_string\"}}],\"inLanguage\":\"pt-BR\"},{\"@type\":\"Person\",\"@id\":\"https:\/\/www.mencare.org\/#\/schema\/person\/58948687a512184b1b395f62c7d2fd86\",\"name\":\"lona\",\"image\":{\"@type\":\"ImageObject\",\"inLanguage\":\"pt-BR\",\"@id\":\"https:\/\/www.mencare.org\/#\/schema\/person\/image\/\",\"url\":\"https:\/\/secure.gravatar.com\/avatar\/454605f9a5ac40f6c8168d2c8c5c71d6d5d63996a8f4437c96286777b30d03b2?s=96&d=mm&r=g\",\"contentUrl\":\"https:\/\/secure.gravatar.com\/avatar\/454605f9a5ac40f6c8168d2c8c5c71d6d5d63996a8f4437c96286777b30d03b2?s=96&d=mm&r=g\",\"caption\":\"lona\"},\"url\":\"http:\/\/www.mencare.org\/pt\/author\/lona\/\"}]}<\/script>\n<!-- \/ Yoast SEO plugin. -->","yoast_head_json":{"title":"Great news for families in the Netherlands: An extension of parental leave for partners - MenCare","robots":{"index":"index","follow":"follow","max-snippet":"max-snippet:-1","max-image-preview":"max-image-preview:large","max-video-preview":"max-video-preview:-1"},"canonical":"https:\/\/www.mencare.org\/pt\/great-news-for-families-in-the-netherlands-an-extension-of-parental-leave-for-partners\/","og_locale":"pt_BR","og_type":"article","og_title":"Great news for families in the Netherlands: An extension of parental leave for partners - MenCare","og_description":"Beginning on July 1, 2020, parental leave for partners has been extended in the Netherlands by five weeks. Up until 2019, partners and fathers only had two days of paid leave.","og_url":"https:\/\/www.mencare.org\/pt\/great-news-for-families-in-the-netherlands-an-extension-of-parental-leave-for-partners\/","og_site_name":"MenCare","article_published_time":"2020-08-19T20:10:17+00:00","og_image":[{"width":1200,"height":675,"url":"https:\/\/www.mencare.org\/wp-content\/uploads\/2020\/08\/natasha-ivanchikhina-eU3e-hO0jkU-unsplash.jpg","type":"image\/jpeg"}],"author":"lona","twitter_card":"summary_large_image","twitter_image":"http:\/\/www.mencare.org\/wp-content\/uploads\/2020\/08\/natasha-ivanchikhina-eU3e-hO0jkU-unsplash.jpg","twitter_misc":{"Written by":"lona","Est. reading time":"1 minute"},"schema":{"@context":"https:\/\/schema.org","@graph":[{"@type":"WebPage","@id":"https:\/\/www.mencare.org\/pt\/great-news-for-families-in-the-netherlands-an-extension-of-parental-leave-for-partners\/","url":"https:\/\/www.mencare.org\/pt\/great-news-for-families-in-the-netherlands-an-extension-of-parental-leave-for-partners\/","name":"Great news for families in the Netherlands: An extension of parental leave for partners - MenCare","isPartOf":{"@id":"https:\/\/www.mencare.org\/#website"},"primaryImageOfPage":{"@id":"https:\/\/www.mencare.org\/pt\/great-news-for-families-in-the-netherlands-an-extension-of-parental-leave-for-partners\/#primaryimage"},"image":{"@id":"https:\/\/www.mencare.org\/pt\/great-news-for-families-in-the-netherlands-an-extension-of-parental-leave-for-partners\/#primaryimage"},"thumbnailUrl":"http:\/\/www.mencare.org\/wp-content\/uploads\/2020\/08\/natasha-ivanchikhina-eU3e-hO0jkU-unsplash-1.jpg","datePublished":"2020-08-19T20:10:17+00:00","author":{"@id":"https:\/\/www.mencare.org\/#\/schema\/person\/58948687a512184b1b395f62c7d2fd86"},"breadcrumb":{"@id":"https:\/\/www.mencare.org\/pt\/great-news-for-families-in-the-netherlands-an-extension-of-parental-leave-for-partners\/#breadcrumb"},"inLanguage":"pt-BR","potentialAction":[{"@type":"ReadAction","target":["https:\/\/www.mencare.org\/pt\/great-news-for-families-in-the-netherlands-an-extension-of-parental-leave-for-partners\/"]}]},{"@type":"ImageObject","inLanguage":"pt-BR","@id":"https:\/\/www.mencare.org\/pt\/great-news-for-families-in-the-netherlands-an-extension-of-parental-leave-for-partners\/#primaryimage","url":"http:\/\/www.mencare.org\/wp-content\/uploads\/2020\/08\/natasha-ivanchikhina-eU3e-hO0jkU-unsplash-1.jpg","contentUrl":"http:\/\/www.mencare.org\/wp-content\/uploads\/2020\/08\/natasha-ivanchikhina-eU3e-hO0jkU-unsplash-1.jpg","width":550,"height":400},{"@type":"BreadcrumbList","@id":"https:\/\/www.mencare.org\/pt\/great-news-for-families-in-the-netherlands-an-extension-of-parental-leave-for-partners\/#breadcrumb","itemListElement":[{"@type":"ListItem","position":1,"name":"Home","item":"https:\/\/www.mencare.org\/"},{"@type":"ListItem","position":2,"name":"Great news for families in the Netherlands: An extension of parental leave for partners"}]},{"@type":"WebSite","@id":"https:\/\/www.mencare.org\/#website","url":"https:\/\/www.mencare.org\/","name":"Cuidados com os homens","description":"Uma Campanha Global de Paternidade","potentialAction":[{"@type":"SearchAction","target":{"@type":"EntryPoint","urlTemplate":"https:\/\/www.mencare.org\/?s={search_term_string}"},"query-input":{"@type":"PropertyValueSpecification","valueRequired":true,"valueName":"search_term_string"}}],"inLanguage":"pt-BR"},{"@type":"Person","@id":"https:\/\/www.mencare.org\/#\/schema\/person\/58948687a512184b1b395f62c7d2fd86","name":"lona","image":{"@type":"ImageObject","inLanguage":"pt-BR","@id":"https:\/\/www.mencare.org\/#\/schema\/person\/image\/","url":"https:\/\/secure.gravatar.com\/avatar\/454605f9a5ac40f6c8168d2c8c5c71d6d5d63996a8f4437c96286777b30d03b2?s=96&d=mm&r=g","contentUrl":"https:\/\/secure.gravatar.com\/avatar\/454605f9a5ac40f6c8168d2c8c5c71d6d5d63996a8f4437c96286777b30d03b2?s=96&d=mm&r=g","caption":"lona"},"url":"http:\/\/www.mencare.org\/pt\/author\/lona\/"}]}},"_links":{"self":[{"href":"http:\/\/www.mencare.org\/pt\/wp-json\/wp\/v2\/posts\/7216","targetHints":{"allow":["GET"]}}],"collection":[{"href":"http:\/\/www.mencare.org\/pt\/wp-json\/wp\/v2\/posts"}],"about":[{"href":"http:\/\/www.mencare.org\/pt\/wp-json\/wp\/v2\/types\/post"}],"author":[{"embeddable":true,"href":"http:\/\/www.mencare.org\/pt\/wp-json\/wp\/v2\/users\/173"}],"replies":[{"embeddable":true,"href":"http:\/\/www.mencare.org\/pt\/wp-json\/wp\/v2\/comments?post=7216"}],"version-history":[{"count":0,"href":"http:\/\/www.mencare.org\/pt\/wp-json\/wp\/v2\/posts\/7216\/revisions"}],"wp:featuredmedia":[{"embeddable":true,"href":"http:\/\/www.mencare.org\/pt\/wp-json\/wp\/v2\/media\/7219"}],"wp:attachment":[{"href":"http:\/\/www.mencare.org\/pt\/wp-json\/wp\/v2\/media?parent=7216"}],"wp:term":[{"taxonomy":"category","embeddable":true,"href":"http:\/\/www.mencare.org\/pt\/wp-json\/wp\/v2\/categories?post=7216"},{"taxonomy":"post_tag","embeddable":true,"href":"http:\/\/www.mencare.org\/pt\/wp-json\/wp\/v2\/tags?post=7216"}],"curies":[{"name":"wp","href":"https:\/\/api.w.org\/{rel}","templated":true}]}}