{"id":7289,"date":"2021-04-21T10:36:18","date_gmt":"2021-04-21T14:36:18","guid":{"rendered":"https:\/\/www.mencare.org\/?p=7289"},"modified":"2021-04-21T10:36:20","modified_gmt":"2021-04-21T14:36:20","slug":"dads-where-are-you-a-fathers-day-campaign-in-spain","status":"publish","type":"post","link":"http:\/\/www.mencare.org\/pt\/dads-where-are-you-a-fathers-day-campaign-in-spain\/","title":{"rendered":"Pais, onde voc\u00eas est\u00e3o?: Uma campanha do Dia dos Pais na Espanha"},"content":{"rendered":"<figure class=\"wp-block-image size-large\"><a href=\"https:\/\/www.mencare.org\/wp-content\/uploads\/2021\/04\/Dads-where-are-you.png\"><img loading=\"lazy\" decoding=\"async\" width=\"1004\" height=\"593\" src=\"https:\/\/www.mencare.org\/wp-content\/uploads\/2021\/04\/Dads-where-are-you.png\" alt=\"\" class=\"wp-image-7290\" srcset=\"http:\/\/www.mencare.org\/wp-content\/uploads\/2021\/04\/Dads-where-are-you.png 1004w, http:\/\/www.mencare.org\/wp-content\/uploads\/2021\/04\/Dads-where-are-you-300x177.png 300w, http:\/\/www.mencare.org\/wp-content\/uploads\/2021\/04\/Dads-where-are-you-768x454.png 768w\" sizes=\"auto, (max-width: 1004px) 100vw, 1004px\" \/><\/a><\/figure>\n\n\n\n<p><em>Este blog foi criado por Joaquim Montaner Villalonga, Papas Blogueros.<\/em><\/p>\n\n\n\n<p>Na v\u00e9spera do Dia dos Pais, 19 de mar\u00e7o de 2021, na Espanha, o coletivo Papas Bloguereos lan\u00e7ou o <a href=\"https:\/\/papasblogueros.com\/2021\/03\/01\/donde-estan-los-padres\/\" target=\"_blank\" rel=\"noreferrer noopener\">Onde est\u00e3o os padres?<\/a> (\u201cPais, onde voc\u00eas est\u00e3o?\u201d em ingl\u00eas) para coletar e publicar depoimentos pessoais representando diferentes perspectivas (social, acad\u00eamica, profissional) durante o m\u00eas de mar\u00e7o.<\/p>\n\n\n\n<p>\u201cPais, onde voc\u00eas est\u00e3o?\u201d \u00e9 uma pergunta que ouvimos com bastante frequ\u00eancia em nossa cultura. \u00c9 uma pergunta silenciosa que podemos ler nos olhos de muitas mulheres. \u00c9 um murm\u00fario silencioso que danifica nossos ouvidos. \u00c9 um lamento gritante. \u00c9 uma pergunta estrondosa. \u00c9 uma pergunta que at\u00e9 as crian\u00e7as continuam repetindo para si mesmas.<\/p>\n\n\n\n<p>Ao preparar nossa campanha, quer\u00edamos encontrar algumas respostas para estas perguntas: Os pais est\u00e3o presentes nos cuidados de sa\u00fade das crian\u00e7as? Os pais est\u00e3o participando da educa\u00e7\u00e3o sexual dos filhos? Os pais est\u00e3o compartilhando o fardo mental das tarefas dom\u00e9sticas? Os pais est\u00e3o usando todas as medidas de equil\u00edbrio entre vida pessoal e profissional dispon\u00edveis para eles? Os pais est\u00e3o l\u00e1 durante os processos de luto? E durante situa\u00e7\u00f5es de crise? E qual o papel dos pais durante rompimentos e div\u00f3rcios?<\/p>\n\n\n\n<p>Nosso coletivo est\u00e1 muito interessado e preocupado com esse t\u00f3pico, pois ele gera alguma confus\u00e3o e contradi\u00e7\u00e3o. Decidimos compartilhar nossas preocupa\u00e7\u00f5es e reunir diferentes perspectivas sobre a paternidade de uma variedade de mulheres e homens dentro e fora de nossa comunidade.<\/p>\n\n\n\n<p>Os objetivos da campanha #d\u00f3ndeest\u00e1nlospadres eram:<\/p>\n\n\n\n<ul class=\"wp-block-list\"><li>Aumentar a visibilidade em torno do trabalho di\u00e1rio que alguns pais est\u00e3o fazendo atualmente no cuidado de seus filhos<\/li><li>Publique depoimentos de pais atenciosos<\/li><li>Compartilhe postagens sobre paternidade ativa<\/li><\/ul>\n\n\n\n<p>Visita <a href=\"https:\/\/papasblogueros.com\/\" target=\"_blank\" rel=\"noreferrer noopener\">papasblogueros.com<\/a> e @papasblogueros no Twitter, Instagram e Facebook para ver o conte\u00fado da campanha e participar da conversa. Os depoimentos coletados est\u00e3o dispon\u00edveis <a href=\"https:\/\/papasblogueros.com\/compilando-mespadre-2021\/\" target=\"_blank\" rel=\"noreferrer noopener\">aqui<\/a>.<\/p>\n\n\n\n<p>Obrigado a todos os participantes que compartilharam sua vis\u00e3o e experi\u00eancia para fazer de \u201cDads, where are you?\u201d uma campanha de muito sucesso. Sua participa\u00e7\u00e3o, suas ideias, seus insights e sua energia fizeram com que gerenciar uma campanha como essa valesse a pena este ano \u2013 <a href=\"https:\/\/papasblogueros.com\/compilando-mespadre-2019\/\" target=\"_blank\" rel=\"noreferrer noopener\">assim como no ano passado<\/a>.<\/p>\n\n\n\n<p>E tem sido um prazer; na verdade, tem sido uma das atividades que mais gostamos.<\/p>","protected":false},"excerpt":{"rendered":"<p>\u00c0s v\u00e9speras do Dia dos Pais, 19 de mar\u00e7o de 2021, na Espanha, o coletivo Papas Bloguereos lan\u00e7ou a campanha \u00bfD\u00f3nde est\u00e1n los padres? (\u201cPais, onde voc\u00eas est\u00e3o?\u201d em ingl\u00eas) para coletar e publicar depoimentos pessoais representando diferentes perspectivas (social, acad\u00eamica, profissional) durante o m\u00eas de mar\u00e7o.<\/p>","protected":false},"author":173,"featured_media":7291,"comment_status":"closed","ping_status":"closed","sticky":false,"template":"","format":"standard","meta":{"footnotes":""},"categories":[653],"tags":[776,243],"class_list":["post-7289","post","type-post","status-publish","format-standard","has-post-thumbnail","hentry","category-fatherhood-and-caregiving","tag-campaigns","tag-spain"],"acf":[],"yoast_head":"<!-- This site is optimized with the Yoast SEO plugin v25.9 - https:\/\/yoast.com\/wordpress\/plugins\/seo\/ -->\n<title>Dads, where are you?: A Father\u2019s Day campaign in Spain - MenCare<\/title>\n<meta name=\"robots\" content=\"index, follow, max-snippet:-1, max-image-preview:large, max-video-preview:-1\" \/>\n<link rel=\"canonical\" href=\"https:\/\/www.mencare.org\/pt\/dads-where-are-you-a-fathers-day-campaign-in-spain\/\" \/>\n<meta property=\"og:locale\" content=\"pt_BR\" \/>\n<meta property=\"og:type\" content=\"article\" \/>\n<meta property=\"og:title\" content=\"Dads, where are you?: A Father\u2019s Day campaign in Spain - MenCare\" \/>\n<meta property=\"og:description\" content=\"In the lead up to Father\u2019s Day, March 19, 2021, in Spain, the collective Papas Bloguereos launched the \u00bfD\u00f3nde est\u00e1n los padres? (\u201cDads, where are you?\u201d in English) campaign to collect and publish personal testimonials representing different perspectives (social, academic, professional) during the month of March.\" \/>\n<meta property=\"og:url\" content=\"https:\/\/www.mencare.org\/pt\/dads-where-are-you-a-fathers-day-campaign-in-spain\/\" \/>\n<meta property=\"og:site_name\" content=\"MenCare\" \/>\n<meta property=\"article:published_time\" content=\"2021-04-21T14:36:18+00:00\" \/>\n<meta property=\"article:modified_time\" content=\"2021-04-21T14:36:20+00:00\" \/>\n<meta property=\"og:image\" content=\"https:\/\/www.mencare.org\/wp-content\/uploads\/2021\/04\/Dads-where-are-you-1.png\" \/>\n\t<meta property=\"og:image:width\" content=\"550\" \/>\n\t<meta property=\"og:image:height\" content=\"400\" \/>\n\t<meta property=\"og:image:type\" content=\"image\/png\" \/>\n<meta name=\"author\" content=\"lona\" \/>\n<meta name=\"twitter:card\" content=\"summary_large_image\" \/>\n<meta name=\"twitter:label1\" content=\"Written by\" \/>\n\t<meta name=\"twitter:data1\" content=\"lona\" \/>\n\t<meta name=\"twitter:label2\" content=\"Est. reading time\" \/>\n\t<meta name=\"twitter:data2\" content=\"2 minutes\" \/>\n<script type=\"application\/ld+json\" class=\"yoast-schema-graph\">{\"@context\":\"https:\/\/schema.org\",\"@graph\":[{\"@type\":\"WebPage\",\"@id\":\"https:\/\/www.mencare.org\/dads-where-are-you-a-fathers-day-campaign-in-spain\/\",\"url\":\"https:\/\/www.mencare.org\/dads-where-are-you-a-fathers-day-campaign-in-spain\/\",\"name\":\"Dads, where are you?: A Father\u2019s Day campaign in Spain - MenCare\",\"isPartOf\":{\"@id\":\"https:\/\/www.mencare.org\/#website\"},\"primaryImageOfPage\":{\"@id\":\"https:\/\/www.mencare.org\/dads-where-are-you-a-fathers-day-campaign-in-spain\/#primaryimage\"},\"image\":{\"@id\":\"https:\/\/www.mencare.org\/dads-where-are-you-a-fathers-day-campaign-in-spain\/#primaryimage\"},\"thumbnailUrl\":\"http:\/\/www.mencare.org\/wp-content\/uploads\/2021\/04\/Dads-where-are-you-1.png\",\"datePublished\":\"2021-04-21T14:36:18+00:00\",\"dateModified\":\"2021-04-21T14:36:20+00:00\",\"author\":{\"@id\":\"https:\/\/www.mencare.org\/#\/schema\/person\/58948687a512184b1b395f62c7d2fd86\"},\"breadcrumb\":{\"@id\":\"https:\/\/www.mencare.org\/dads-where-are-you-a-fathers-day-campaign-in-spain\/#breadcrumb\"},\"inLanguage\":\"pt-BR\",\"potentialAction\":[{\"@type\":\"ReadAction\",\"target\":[\"https:\/\/www.mencare.org\/dads-where-are-you-a-fathers-day-campaign-in-spain\/\"]}]},{\"@type\":\"ImageObject\",\"inLanguage\":\"pt-BR\",\"@id\":\"https:\/\/www.mencare.org\/dads-where-are-you-a-fathers-day-campaign-in-spain\/#primaryimage\",\"url\":\"http:\/\/www.mencare.org\/wp-content\/uploads\/2021\/04\/Dads-where-are-you-1.png\",\"contentUrl\":\"http:\/\/www.mencare.org\/wp-content\/uploads\/2021\/04\/Dads-where-are-you-1.png\",\"width\":550,\"height\":400},{\"@type\":\"BreadcrumbList\",\"@id\":\"https:\/\/www.mencare.org\/dads-where-are-you-a-fathers-day-campaign-in-spain\/#breadcrumb\",\"itemListElement\":[{\"@type\":\"ListItem\",\"position\":1,\"name\":\"Home\",\"item\":\"https:\/\/www.mencare.org\/\"},{\"@type\":\"ListItem\",\"position\":2,\"name\":\"Dads, where are you?: A Father\u2019s Day campaign in Spain\"}]},{\"@type\":\"WebSite\",\"@id\":\"https:\/\/www.mencare.org\/#website\",\"url\":\"https:\/\/www.mencare.org\/\",\"name\":\"MenCare\",\"description\":\"A Global Fatherhood Campaign\",\"potentialAction\":[{\"@type\":\"SearchAction\",\"target\":{\"@type\":\"EntryPoint\",\"urlTemplate\":\"https:\/\/www.mencare.org\/?s={search_term_string}\"},\"query-input\":{\"@type\":\"PropertyValueSpecification\",\"valueRequired\":true,\"valueName\":\"search_term_string\"}}],\"inLanguage\":\"pt-BR\"},{\"@type\":\"Person\",\"@id\":\"https:\/\/www.mencare.org\/#\/schema\/person\/58948687a512184b1b395f62c7d2fd86\",\"name\":\"lona\",\"image\":{\"@type\":\"ImageObject\",\"inLanguage\":\"pt-BR\",\"@id\":\"https:\/\/www.mencare.org\/#\/schema\/person\/image\/\",\"url\":\"https:\/\/secure.gravatar.com\/avatar\/454605f9a5ac40f6c8168d2c8c5c71d6d5d63996a8f4437c96286777b30d03b2?s=96&d=mm&r=g\",\"contentUrl\":\"https:\/\/secure.gravatar.com\/avatar\/454605f9a5ac40f6c8168d2c8c5c71d6d5d63996a8f4437c96286777b30d03b2?s=96&d=mm&r=g\",\"caption\":\"lona\"},\"url\":\"http:\/\/www.mencare.org\/pt\/author\/lona\/\"}]}<\/script>\n<!-- \/ Yoast SEO plugin. -->","yoast_head_json":{"title":"Dads, where are you?: A Father\u2019s Day campaign in Spain - MenCare","robots":{"index":"index","follow":"follow","max-snippet":"max-snippet:-1","max-image-preview":"max-image-preview:large","max-video-preview":"max-video-preview:-1"},"canonical":"https:\/\/www.mencare.org\/pt\/dads-where-are-you-a-fathers-day-campaign-in-spain\/","og_locale":"pt_BR","og_type":"article","og_title":"Dads, where are you?: A Father\u2019s Day campaign in Spain - MenCare","og_description":"In the lead up to Father\u2019s Day, March 19, 2021, in Spain, the collective Papas Bloguereos launched the \u00bfD\u00f3nde est\u00e1n los padres? (\u201cDads, where are you?\u201d in English) campaign to collect and publish personal testimonials representing different perspectives (social, academic, professional) during the month of March.","og_url":"https:\/\/www.mencare.org\/pt\/dads-where-are-you-a-fathers-day-campaign-in-spain\/","og_site_name":"MenCare","article_published_time":"2021-04-21T14:36:18+00:00","article_modified_time":"2021-04-21T14:36:20+00:00","og_image":[{"width":550,"height":400,"url":"https:\/\/www.mencare.org\/wp-content\/uploads\/2021\/04\/Dads-where-are-you-1.png","type":"image\/png"}],"author":"lona","twitter_card":"summary_large_image","twitter_misc":{"Written by":"lona","Est. reading time":"2 minutes"},"schema":{"@context":"https:\/\/schema.org","@graph":[{"@type":"WebPage","@id":"https:\/\/www.mencare.org\/dads-where-are-you-a-fathers-day-campaign-in-spain\/","url":"https:\/\/www.mencare.org\/dads-where-are-you-a-fathers-day-campaign-in-spain\/","name":"Dads, where are you?: A Father\u2019s Day campaign in Spain - MenCare","isPartOf":{"@id":"https:\/\/www.mencare.org\/#website"},"primaryImageOfPage":{"@id":"https:\/\/www.mencare.org\/dads-where-are-you-a-fathers-day-campaign-in-spain\/#primaryimage"},"image":{"@id":"https:\/\/www.mencare.org\/dads-where-are-you-a-fathers-day-campaign-in-spain\/#primaryimage"},"thumbnailUrl":"http:\/\/www.mencare.org\/wp-content\/uploads\/2021\/04\/Dads-where-are-you-1.png","datePublished":"2021-04-21T14:36:18+00:00","dateModified":"2021-04-21T14:36:20+00:00","author":{"@id":"https:\/\/www.mencare.org\/#\/schema\/person\/58948687a512184b1b395f62c7d2fd86"},"breadcrumb":{"@id":"https:\/\/www.mencare.org\/dads-where-are-you-a-fathers-day-campaign-in-spain\/#breadcrumb"},"inLanguage":"pt-BR","potentialAction":[{"@type":"ReadAction","target":["https:\/\/www.mencare.org\/dads-where-are-you-a-fathers-day-campaign-in-spain\/"]}]},{"@type":"ImageObject","inLanguage":"pt-BR","@id":"https:\/\/www.mencare.org\/dads-where-are-you-a-fathers-day-campaign-in-spain\/#primaryimage","url":"http:\/\/www.mencare.org\/wp-content\/uploads\/2021\/04\/Dads-where-are-you-1.png","contentUrl":"http:\/\/www.mencare.org\/wp-content\/uploads\/2021\/04\/Dads-where-are-you-1.png","width":550,"height":400},{"@type":"BreadcrumbList","@id":"https:\/\/www.mencare.org\/dads-where-are-you-a-fathers-day-campaign-in-spain\/#breadcrumb","itemListElement":[{"@type":"ListItem","position":1,"name":"Home","item":"https:\/\/www.mencare.org\/"},{"@type":"ListItem","position":2,"name":"Dads, where are you?: A Father\u2019s Day campaign in Spain"}]},{"@type":"WebSite","@id":"https:\/\/www.mencare.org\/#website","url":"https:\/\/www.mencare.org\/","name":"Cuidados com os homens","description":"Uma Campanha Global de Paternidade","potentialAction":[{"@type":"SearchAction","target":{"@type":"EntryPoint","urlTemplate":"https:\/\/www.mencare.org\/?s={search_term_string}"},"query-input":{"@type":"PropertyValueSpecification","valueRequired":true,"valueName":"search_term_string"}}],"inLanguage":"pt-BR"},{"@type":"Person","@id":"https:\/\/www.mencare.org\/#\/schema\/person\/58948687a512184b1b395f62c7d2fd86","name":"lona","image":{"@type":"ImageObject","inLanguage":"pt-BR","@id":"https:\/\/www.mencare.org\/#\/schema\/person\/image\/","url":"https:\/\/secure.gravatar.com\/avatar\/454605f9a5ac40f6c8168d2c8c5c71d6d5d63996a8f4437c96286777b30d03b2?s=96&d=mm&r=g","contentUrl":"https:\/\/secure.gravatar.com\/avatar\/454605f9a5ac40f6c8168d2c8c5c71d6d5d63996a8f4437c96286777b30d03b2?s=96&d=mm&r=g","caption":"lona"},"url":"http:\/\/www.mencare.org\/pt\/author\/lona\/"}]}},"_links":{"self":[{"href":"http:\/\/www.mencare.org\/pt\/wp-json\/wp\/v2\/posts\/7289","targetHints":{"allow":["GET"]}}],"collection":[{"href":"http:\/\/www.mencare.org\/pt\/wp-json\/wp\/v2\/posts"}],"about":[{"href":"http:\/\/www.mencare.org\/pt\/wp-json\/wp\/v2\/types\/post"}],"author":[{"embeddable":true,"href":"http:\/\/www.mencare.org\/pt\/wp-json\/wp\/v2\/users\/173"}],"replies":[{"embeddable":true,"href":"http:\/\/www.mencare.org\/pt\/wp-json\/wp\/v2\/comments?post=7289"}],"version-history":[{"count":0,"href":"http:\/\/www.mencare.org\/pt\/wp-json\/wp\/v2\/posts\/7289\/revisions"}],"wp:featuredmedia":[{"embeddable":true,"href":"http:\/\/www.mencare.org\/pt\/wp-json\/wp\/v2\/media\/7291"}],"wp:attachment":[{"href":"http:\/\/www.mencare.org\/pt\/wp-json\/wp\/v2\/media?parent=7289"}],"wp:term":[{"taxonomy":"category","embeddable":true,"href":"http:\/\/www.mencare.org\/pt\/wp-json\/wp\/v2\/categories?post=7289"},{"taxonomy":"post_tag","embeddable":true,"href":"http:\/\/www.mencare.org\/pt\/wp-json\/wp\/v2\/tags?post=7289"}],"curies":[{"name":"wp","href":"https:\/\/api.w.org\/{rel}","templated":true}]}}