{"id":7926,"date":"2023-09-20T16:05:50","date_gmt":"2023-09-20T20:05:50","guid":{"rendered":"https:\/\/www.mencare.org\/?p=7926"},"modified":"2023-10-02T15:06:52","modified_gmt":"2023-10-02T19:06:52","slug":"its-time-for-men-to-commit-to-doing-a-fairer-share-of-the-care-work-at-home","status":"publish","type":"post","link":"http:\/\/www.mencare.org\/pt\/its-time-for-men-to-commit-to-doing-a-fairer-share-of-the-care-work-at-home\/","title":{"rendered":"\u00c9 hora de os homens se comprometerem a fazer uma parte mais justa do trabalho de cuidado em casa"},"content":{"rendered":"<p>\u00c9 hora de os homens se comprometerem a fazer uma parte mais justa do trabalho de cuidado em casa, e os homens ao redor do mundo est\u00e3o sendo convidados a fazer exatamente isso. Com o compromisso MenCare 50\/50, os homens podem compartilhar como eles se mostram como cuidadores dedicados e presentes para seus av\u00f3s, pais, parceiros, comunidade, filhos, etc.<\/p>\n<p>Sabemos que muitos homens j\u00e1 prestam cuidados, e \u00e9 importante que seus exemplos de cuidado sirvam de modelo para cuidadores atuais e futuros.<\/p>\n<p><em><img loading=\"lazy\" decoding=\"async\" class=\"wp-image-7957 alignleft\" src=\"https:\/\/www.mencare.org\/wp-content\/uploads\/2023\/09\/chris-50-50-300x225.jpeg\" alt=\"\" width=\"311\" height=\"233\" srcset=\"http:\/\/www.mencare.org\/wp-content\/uploads\/2023\/09\/chris-50-50-300x225.jpeg 300w, http:\/\/www.mencare.org\/wp-content\/uploads\/2023\/09\/chris-50-50-1024x769.jpeg 1024w, http:\/\/www.mencare.org\/wp-content\/uploads\/2023\/09\/chris-50-50-768x577.jpeg 768w, http:\/\/www.mencare.org\/wp-content\/uploads\/2023\/09\/chris-50-50-1536x1154.jpeg 1536w, http:\/\/www.mencare.org\/wp-content\/uploads\/2023\/09\/chris-50-50.jpeg 2048w\" sizes=\"auto, (max-width: 311px) 100vw, 311px\" \/><\/em><\/p>\n<h1>Chris<\/h1>\n<p><em>Como pais de uma crian\u00e7a de um ano e de um filhote, n\u00e3o h\u00e1 escassez de trabalho de cuidado a ser feito em casa. Mas, muitas vezes, o trabalho dom\u00e9stico bra\u00e7al que mant\u00e9m tudo funcionando recai sobre nossos parceiros. Desde o in\u00edcio, meu parceiro e eu nos comprometemos a garantir um equil\u00edbrio justo em casa. Isso nem sempre \u00e9 f\u00e1cil e precisa ser mantido por meio de muita conversa, terapia, noites de encontros e \u2014 sim \u2014 frustra\u00e7\u00e3o. Mas tudo isso est\u00e1 a servi\u00e7o de uma vida em que podemos cuidar de nossa fam\u00edlia, de nossa vida profissional, de nossa comunidade e de nosso tempo longe de tudo isso tamb\u00e9m.<\/em><\/p>\n<p>&nbsp;<\/p>\n<h1><em>\u00a0<img loading=\"lazy\" decoding=\"async\" class=\"wp-image-7928 size-medium alignleft\" src=\"https:\/\/www.mencare.org\/wp-content\/uploads\/2023\/09\/Brian-Mencare-commitment-scaled-e1696273357361-300x246.jpeg\" alt=\"\" width=\"300\" height=\"246\" srcset=\"http:\/\/www.mencare.org\/wp-content\/uploads\/2023\/09\/Brian-Mencare-commitment-scaled-e1696273357361-300x246.jpeg 300w, http:\/\/www.mencare.org\/wp-content\/uploads\/2023\/09\/Brian-Mencare-commitment-scaled-e1696273357361-1024x840.jpeg 1024w, http:\/\/www.mencare.org\/wp-content\/uploads\/2023\/09\/Brian-Mencare-commitment-scaled-e1696273357361-768x630.jpeg 768w, http:\/\/www.mencare.org\/wp-content\/uploads\/2023\/09\/Brian-Mencare-commitment-scaled-e1696273357361-1536x1260.jpeg 1536w, http:\/\/www.mencare.org\/wp-content\/uploads\/2023\/09\/Brian-Mencare-commitment-scaled-e1696273357361.jpeg 1896w\" sizes=\"auto, (max-width: 300px) 100vw, 300px\" \/><\/em>Brian<\/h1>\n<p><em>Eu assumi o Compromisso MenCare 50\/50 porque \u00e9 importante assumir responsabilidade e presta\u00e7\u00e3o de contas vis\u00edveis para viver uma vida verdadeiramente igualit\u00e1ria em casa. Al\u00e9m disso, o trabalho de sustentar meus familiares, cuidar da casa e manter uma comunica\u00e7\u00e3o aberta e emp\u00e1tica o tempo todo n\u00e3o \u00e9 um fardo ou tarefa, \u00e9 o que me ajuda a me sentir inteira como ser humano.<\/em><\/p>\n<p>&nbsp;<\/p>\n<p>&nbsp;<\/p>\n<p>&nbsp;<\/p>\n<p><em><img loading=\"lazy\" decoding=\"async\" class=\"wp-image-7927 alignleft\" src=\"https:\/\/www.mencare.org\/wp-content\/uploads\/2023\/09\/jose-mencare-commitment-300x300.jpg\" alt=\"\" width=\"299\" height=\"299\" srcset=\"http:\/\/www.mencare.org\/wp-content\/uploads\/2023\/09\/jose-mencare-commitment-300x300.jpg 300w, http:\/\/www.mencare.org\/wp-content\/uploads\/2023\/09\/jose-mencare-commitment-1024x1024.jpg 1024w, http:\/\/www.mencare.org\/wp-content\/uploads\/2023\/09\/jose-mencare-commitment-768x768.jpg 768w, http:\/\/www.mencare.org\/wp-content\/uploads\/2023\/09\/jose-mencare-commitment-1536x1536.jpg 1536w, http:\/\/www.mencare.org\/wp-content\/uploads\/2023\/09\/jose-mencare-commitment.jpg 2048w\" sizes=\"auto, (max-width: 299px) 100vw, 299px\" \/><\/em><\/p>\n<h1>Jos\u00e9<\/h1>\n<p><em>Firmei o compromisso com o f\u00e3 de me motivar a mim mesmo para fazer mais por mim, por quem quero, pela comunidade que me acoge e pelo planeta que nos abriga. Para mim, esta iniciativa \u00e9 tamb\u00e9m uma forma de probabilidade ao redor do mundo, e nosotros mismos que querer e cuidar s\u00e3o a\u00e7\u00f5es naturais para todos, todos e todos; que cuidar e querer filho do que nos fazemos humanos.<\/em><\/p>\n<p><em><span style=\"background-color: #ffffff;\">Assinei o compromisso para me mover a fazer mais por mim, por aqueles que amo, pela minha comunidade e pelo planeta que nos abriga. Para mim, esta iniciativa tamb\u00e9m \u00e9 uma forma de provar ao mundo que se importar \u00e9 natural para todos, incluindo os homens. Que se importar com os outros \u00e9 o que nos torna humanos.<\/span><\/em><\/p>\n<p>&nbsp;<\/p>\n<p><em><img loading=\"lazy\" decoding=\"async\" class=\"size-medium wp-image-7958 alignleft\" src=\"https:\/\/www.mencare.org\/wp-content\/uploads\/2023\/09\/Joseph-Vess-photo-300x225.jpg\" alt=\"\" width=\"300\" height=\"225\" srcset=\"http:\/\/www.mencare.org\/wp-content\/uploads\/2023\/09\/Joseph-Vess-photo-300x225.jpg 300w, http:\/\/www.mencare.org\/wp-content\/uploads\/2023\/09\/Joseph-Vess-photo-1024x768.jpg 1024w, http:\/\/www.mencare.org\/wp-content\/uploads\/2023\/09\/Joseph-Vess-photo-768x576.jpg 768w, http:\/\/www.mencare.org\/wp-content\/uploads\/2023\/09\/Joseph-Vess-photo-1536x1152.jpg 1536w, http:\/\/www.mencare.org\/wp-content\/uploads\/2023\/09\/Joseph-Vess-photo-2048x1536.jpg 2048w\" sizes=\"auto, (max-width: 300px) 100vw, 300px\" \/><\/em><\/p>\n<h1>Jo\u00e3o<\/h1>\n<p><em>Fiz o compromisso 50\/50 como uma promessa a mim mesmo e \u00e0 minha fam\u00edlia de ser um participante pleno na minha casa, n\u00e3o apenas fazer algumas tarefas se minha esposa me pedir, mas ser um co-gerente igual da nossa fam\u00edlia e assumir todas as responsabilidades que v\u00eam com isso. Tamb\u00e9m \u00e9 importante para mim ser um modelo disso para meu filho. Quero que ele veja como completamente normal que seu pai cozinhe, limpe e fa\u00e7a recados proativamente, n\u00e3o de m\u00e1 vontade ou como um &quot;favor&quot;, mas porque amo minha fam\u00edlia.<\/em><\/p>\n<p>&nbsp;<\/p>\n<h4><\/h4>\n<h1><\/h1>\n<h2>Voc\u00ea assumir\u00e1 o compromisso MenCare 50\/50 e mostrar\u00e1 ao mundo que os homens est\u00e3o comprometidos com uma divis\u00e3o mais justa do trabalho em casa?<\/h2>\n<h2>Inscrever-se <a href=\"https:\/\/www.mencare.org\/pt\/individual-form\/\">aqui!<\/a><\/h2>","protected":false},"excerpt":{"rendered":"<p>\u00c9 hora de os homens se comprometerem a fazer uma parte mais justa do trabalho de cuidado em casa, e os homens ao redor do mundo est\u00e3o sendo convidados a fazer exatamente isso. Com o compromisso MenCare 50\/50, os homens podem compartilhar como eles se mostram como cuidadores dedicados e presentes para seus av\u00f3s, pais, parceiros, comunidade, filhos, etc. N\u00f3s sabemos&nbsp;<a class=\"read-more-link\" href=\"http:\/\/www.mencare.org\/pt\/its-time-for-men-to-commit-to-doing-a-fairer-share-of-the-care-work-at-home\/\">\u2026<\/a><\/p>","protected":false},"author":180,"featured_media":7960,"comment_status":"closed","ping_status":"closed","sticky":false,"template":"","format":"standard","meta":{"footnotes":""},"categories":[1],"tags":[864,45,865,866,641,687,195,867],"class_list":["post-7926","post","type-post","status-publish","format-standard","has-post-thumbnail","hentry","category-uncategorized","tag-50-50-commitment","tag-care","tag-commitment","tag-family","tag-fatherhood","tag-parent","tag-parental-leave","tag-share-care"],"acf":[],"yoast_head":"<!-- This site is optimized with the Yoast SEO plugin v25.9 - https:\/\/yoast.com\/wordpress\/plugins\/seo\/ -->\n<title>It\u2019s time for men to commit to doing a fairer share of the care work at home - MenCare<\/title>\n<meta name=\"robots\" content=\"index, follow, max-snippet:-1, max-image-preview:large, max-video-preview:-1\" \/>\n<link rel=\"canonical\" href=\"https:\/\/www.mencare.org\/pt\/its-time-for-men-to-commit-to-doing-a-fairer-share-of-the-care-work-at-home\/\" \/>\n<meta property=\"og:locale\" content=\"pt_BR\" \/>\n<meta property=\"og:type\" content=\"article\" \/>\n<meta property=\"og:title\" content=\"It\u2019s time for men to commit to doing a fairer share of the care work at home - MenCare\" \/>\n<meta property=\"og:description\" content=\"It\u2019s time for men to commit to doing a fairer share of the care work at home, and men around the world are being invited to do just that. With the MenCare 50\/50 commitment, men can share how they show up as dedicated, present caregivers to their grandparents, parents, partners, community, children, etc. We know&nbsp;&hellip;\" \/>\n<meta property=\"og:url\" content=\"https:\/\/www.mencare.org\/pt\/its-time-for-men-to-commit-to-doing-a-fairer-share-of-the-care-work-at-home\/\" \/>\n<meta property=\"og:site_name\" content=\"MenCare\" \/>\n<meta property=\"article:published_time\" content=\"2023-09-20T20:05:50+00:00\" \/>\n<meta property=\"article:modified_time\" content=\"2023-10-02T19:06:52+00:00\" \/>\n<meta property=\"og:image\" content=\"https:\/\/www.mencare.org\/wp-content\/uploads\/2023\/09\/5050-blog-cover.png\" \/>\n\t<meta property=\"og:image:width\" content=\"1080\" \/>\n\t<meta property=\"og:image:height\" content=\"1080\" \/>\n\t<meta property=\"og:image:type\" content=\"image\/png\" \/>\n<meta name=\"author\" content=\"Hannah Chosid\" \/>\n<meta name=\"twitter:card\" content=\"summary_large_image\" \/>\n<meta name=\"twitter:label1\" content=\"Written by\" \/>\n\t<meta name=\"twitter:data1\" content=\"Hannah Chosid\" \/>\n\t<meta name=\"twitter:label2\" content=\"Est. reading time\" \/>\n\t<meta name=\"twitter:data2\" content=\"2 minutes\" \/>\n<script type=\"application\/ld+json\" class=\"yoast-schema-graph\">{\"@context\":\"https:\/\/schema.org\",\"@graph\":[{\"@type\":\"WebPage\",\"@id\":\"https:\/\/www.mencare.org\/its-time-for-men-to-commit-to-doing-a-fairer-share-of-the-care-work-at-home\/\",\"url\":\"https:\/\/www.mencare.org\/its-time-for-men-to-commit-to-doing-a-fairer-share-of-the-care-work-at-home\/\",\"name\":\"It\u2019s time for men to commit to doing a fairer share of the care work at home - MenCare\",\"isPartOf\":{\"@id\":\"https:\/\/www.mencare.org\/#website\"},\"primaryImageOfPage\":{\"@id\":\"https:\/\/www.mencare.org\/its-time-for-men-to-commit-to-doing-a-fairer-share-of-the-care-work-at-home\/#primaryimage\"},\"image\":{\"@id\":\"https:\/\/www.mencare.org\/its-time-for-men-to-commit-to-doing-a-fairer-share-of-the-care-work-at-home\/#primaryimage\"},\"thumbnailUrl\":\"http:\/\/www.mencare.org\/wp-content\/uploads\/2023\/09\/5050-blog-cover.png\",\"datePublished\":\"2023-09-20T20:05:50+00:00\",\"dateModified\":\"2023-10-02T19:06:52+00:00\",\"author\":{\"@id\":\"https:\/\/www.mencare.org\/#\/schema\/person\/98d4b70eb3715a6ffd25456caa468cf9\"},\"breadcrumb\":{\"@id\":\"https:\/\/www.mencare.org\/its-time-for-men-to-commit-to-doing-a-fairer-share-of-the-care-work-at-home\/#breadcrumb\"},\"inLanguage\":\"pt-BR\",\"potentialAction\":[{\"@type\":\"ReadAction\",\"target\":[\"https:\/\/www.mencare.org\/its-time-for-men-to-commit-to-doing-a-fairer-share-of-the-care-work-at-home\/\"]}]},{\"@type\":\"ImageObject\",\"inLanguage\":\"pt-BR\",\"@id\":\"https:\/\/www.mencare.org\/its-time-for-men-to-commit-to-doing-a-fairer-share-of-the-care-work-at-home\/#primaryimage\",\"url\":\"http:\/\/www.mencare.org\/wp-content\/uploads\/2023\/09\/5050-blog-cover.png\",\"contentUrl\":\"http:\/\/www.mencare.org\/wp-content\/uploads\/2023\/09\/5050-blog-cover.png\",\"width\":1080,\"height\":1080},{\"@type\":\"BreadcrumbList\",\"@id\":\"https:\/\/www.mencare.org\/its-time-for-men-to-commit-to-doing-a-fairer-share-of-the-care-work-at-home\/#breadcrumb\",\"itemListElement\":[{\"@type\":\"ListItem\",\"position\":1,\"name\":\"Home\",\"item\":\"https:\/\/www.mencare.org\/\"},{\"@type\":\"ListItem\",\"position\":2,\"name\":\"It\u2019s time for men to commit to doing a fairer share of the care work at home\"}]},{\"@type\":\"WebSite\",\"@id\":\"https:\/\/www.mencare.org\/#website\",\"url\":\"https:\/\/www.mencare.org\/\",\"name\":\"MenCare\",\"description\":\"A Global Fatherhood Campaign\",\"potentialAction\":[{\"@type\":\"SearchAction\",\"target\":{\"@type\":\"EntryPoint\",\"urlTemplate\":\"https:\/\/www.mencare.org\/?s={search_term_string}\"},\"query-input\":{\"@type\":\"PropertyValueSpecification\",\"valueRequired\":true,\"valueName\":\"search_term_string\"}}],\"inLanguage\":\"pt-BR\"},{\"@type\":\"Person\",\"@id\":\"https:\/\/www.mencare.org\/#\/schema\/person\/98d4b70eb3715a6ffd25456caa468cf9\",\"name\":\"Hannah Chosid\",\"image\":{\"@type\":\"ImageObject\",\"inLanguage\":\"pt-BR\",\"@id\":\"https:\/\/www.mencare.org\/#\/schema\/person\/image\/\",\"url\":\"https:\/\/secure.gravatar.com\/avatar\/7d588a6bab168c7bf315e0c02a9d216d3ae1cc96e6a277774b99cb60754213c6?s=96&d=mm&r=g\",\"contentUrl\":\"https:\/\/secure.gravatar.com\/avatar\/7d588a6bab168c7bf315e0c02a9d216d3ae1cc96e6a277774b99cb60754213c6?s=96&d=mm&r=g\",\"caption\":\"Hannah Chosid\"},\"url\":\"http:\/\/www.mencare.org\/pt\/author\/hchosid\/\"}]}<\/script>\n<!-- \/ Yoast SEO plugin. -->","yoast_head_json":{"title":"It\u2019s time for men to commit to doing a fairer share of the care work at home - MenCare","robots":{"index":"index","follow":"follow","max-snippet":"max-snippet:-1","max-image-preview":"max-image-preview:large","max-video-preview":"max-video-preview:-1"},"canonical":"https:\/\/www.mencare.org\/pt\/its-time-for-men-to-commit-to-doing-a-fairer-share-of-the-care-work-at-home\/","og_locale":"pt_BR","og_type":"article","og_title":"It\u2019s time for men to commit to doing a fairer share of the care work at home - MenCare","og_description":"It\u2019s time for men to commit to doing a fairer share of the care work at home, and men around the world are being invited to do just that. With the MenCare 50\/50 commitment, men can share how they show up as dedicated, present caregivers to their grandparents, parents, partners, community, children, etc. We know&nbsp;&hellip;","og_url":"https:\/\/www.mencare.org\/pt\/its-time-for-men-to-commit-to-doing-a-fairer-share-of-the-care-work-at-home\/","og_site_name":"MenCare","article_published_time":"2023-09-20T20:05:50+00:00","article_modified_time":"2023-10-02T19:06:52+00:00","og_image":[{"width":1080,"height":1080,"url":"https:\/\/www.mencare.org\/wp-content\/uploads\/2023\/09\/5050-blog-cover.png","type":"image\/png"}],"author":"Hannah Chosid","twitter_card":"summary_large_image","twitter_misc":{"Written by":"Hannah Chosid","Est. reading time":"2 minutes"},"schema":{"@context":"https:\/\/schema.org","@graph":[{"@type":"WebPage","@id":"https:\/\/www.mencare.org\/its-time-for-men-to-commit-to-doing-a-fairer-share-of-the-care-work-at-home\/","url":"https:\/\/www.mencare.org\/its-time-for-men-to-commit-to-doing-a-fairer-share-of-the-care-work-at-home\/","name":"It\u2019s time for men to commit to doing a fairer share of the care work at home - MenCare","isPartOf":{"@id":"https:\/\/www.mencare.org\/#website"},"primaryImageOfPage":{"@id":"https:\/\/www.mencare.org\/its-time-for-men-to-commit-to-doing-a-fairer-share-of-the-care-work-at-home\/#primaryimage"},"image":{"@id":"https:\/\/www.mencare.org\/its-time-for-men-to-commit-to-doing-a-fairer-share-of-the-care-work-at-home\/#primaryimage"},"thumbnailUrl":"http:\/\/www.mencare.org\/wp-content\/uploads\/2023\/09\/5050-blog-cover.png","datePublished":"2023-09-20T20:05:50+00:00","dateModified":"2023-10-02T19:06:52+00:00","author":{"@id":"https:\/\/www.mencare.org\/#\/schema\/person\/98d4b70eb3715a6ffd25456caa468cf9"},"breadcrumb":{"@id":"https:\/\/www.mencare.org\/its-time-for-men-to-commit-to-doing-a-fairer-share-of-the-care-work-at-home\/#breadcrumb"},"inLanguage":"pt-BR","potentialAction":[{"@type":"ReadAction","target":["https:\/\/www.mencare.org\/its-time-for-men-to-commit-to-doing-a-fairer-share-of-the-care-work-at-home\/"]}]},{"@type":"ImageObject","inLanguage":"pt-BR","@id":"https:\/\/www.mencare.org\/its-time-for-men-to-commit-to-doing-a-fairer-share-of-the-care-work-at-home\/#primaryimage","url":"http:\/\/www.mencare.org\/wp-content\/uploads\/2023\/09\/5050-blog-cover.png","contentUrl":"http:\/\/www.mencare.org\/wp-content\/uploads\/2023\/09\/5050-blog-cover.png","width":1080,"height":1080},{"@type":"BreadcrumbList","@id":"https:\/\/www.mencare.org\/its-time-for-men-to-commit-to-doing-a-fairer-share-of-the-care-work-at-home\/#breadcrumb","itemListElement":[{"@type":"ListItem","position":1,"name":"Home","item":"https:\/\/www.mencare.org\/"},{"@type":"ListItem","position":2,"name":"It\u2019s time for men to commit to doing a fairer share of the care work at home"}]},{"@type":"WebSite","@id":"https:\/\/www.mencare.org\/#website","url":"https:\/\/www.mencare.org\/","name":"Cuidados com os homens","description":"Uma Campanha Global de Paternidade","potentialAction":[{"@type":"SearchAction","target":{"@type":"EntryPoint","urlTemplate":"https:\/\/www.mencare.org\/?s={search_term_string}"},"query-input":{"@type":"PropertyValueSpecification","valueRequired":true,"valueName":"search_term_string"}}],"inLanguage":"pt-BR"},{"@type":"Person","@id":"https:\/\/www.mencare.org\/#\/schema\/person\/98d4b70eb3715a6ffd25456caa468cf9","name":"Hannah Chosid","image":{"@type":"ImageObject","inLanguage":"pt-BR","@id":"https:\/\/www.mencare.org\/#\/schema\/person\/image\/","url":"https:\/\/secure.gravatar.com\/avatar\/7d588a6bab168c7bf315e0c02a9d216d3ae1cc96e6a277774b99cb60754213c6?s=96&d=mm&r=g","contentUrl":"https:\/\/secure.gravatar.com\/avatar\/7d588a6bab168c7bf315e0c02a9d216d3ae1cc96e6a277774b99cb60754213c6?s=96&d=mm&r=g","caption":"Hannah Chosid"},"url":"http:\/\/www.mencare.org\/pt\/author\/hchosid\/"}]}},"_links":{"self":[{"href":"http:\/\/www.mencare.org\/pt\/wp-json\/wp\/v2\/posts\/7926","targetHints":{"allow":["GET"]}}],"collection":[{"href":"http:\/\/www.mencare.org\/pt\/wp-json\/wp\/v2\/posts"}],"about":[{"href":"http:\/\/www.mencare.org\/pt\/wp-json\/wp\/v2\/types\/post"}],"author":[{"embeddable":true,"href":"http:\/\/www.mencare.org\/pt\/wp-json\/wp\/v2\/users\/180"}],"replies":[{"embeddable":true,"href":"http:\/\/www.mencare.org\/pt\/wp-json\/wp\/v2\/comments?post=7926"}],"version-history":[{"count":3,"href":"http:\/\/www.mencare.org\/pt\/wp-json\/wp\/v2\/posts\/7926\/revisions"}],"predecessor-version":[{"id":7964,"href":"http:\/\/www.mencare.org\/pt\/wp-json\/wp\/v2\/posts\/7926\/revisions\/7964"}],"wp:featuredmedia":[{"embeddable":true,"href":"http:\/\/www.mencare.org\/pt\/wp-json\/wp\/v2\/media\/7960"}],"wp:attachment":[{"href":"http:\/\/www.mencare.org\/pt\/wp-json\/wp\/v2\/media?parent=7926"}],"wp:term":[{"taxonomy":"category","embeddable":true,"href":"http:\/\/www.mencare.org\/pt\/wp-json\/wp\/v2\/categories?post=7926"},{"taxonomy":"post_tag","embeddable":true,"href":"http:\/\/www.mencare.org\/pt\/wp-json\/wp\/v2\/tags?post=7926"}],"curies":[{"name":"wp","href":"https:\/\/api.w.org\/{rel}","templated":true}]}}