{"id":8547,"date":"2024-07-17T10:33:14","date_gmt":"2024-07-17T14:33:14","guid":{"rendered":"https:\/\/www.mencare.org\/?p=8547"},"modified":"2024-07-22T08:53:27","modified_gmt":"2024-07-22T12:53:27","slug":"planning-the-future-of-mens-equal-caregiving-reflections-from-the-mencare-global-partners-council-meeting-2024","status":"publish","type":"post","link":"http:\/\/www.mencare.org\/pt\/planning-the-future-of-mens-equal-caregiving-reflections-from-the-mencare-global-partners-council-meeting-2024\/","title":{"rendered":"Planejando o futuro da igualdade de cuidados entre homens: reflex\u00f5es da reuni\u00e3o do MenCare Global Partners&#039; Council de 2024"},"content":{"rendered":"<p><span style=\"font-weight: 400;\">Nos \u00faltimos dois anos, a campanha MenCare fez progressos emocionantes com o desenvolvimento e lan\u00e7amento do <\/span><a href=\"https:\/\/www.mencare.org\/pt\/50-50-commitments\/\"><span style=\"font-weight: 400;\">Compromisso MenCare 50\/50 <\/span><\/a><span style=\"font-weight: 400;\">plataforma e produziu o <\/span><a href=\"https:\/\/www.equimundo.org\/resources\/state-of-the-worlds-fathers-2023\/\"><i><span style=\"font-weight: 400;\">Situa\u00e7\u00e3o da Paternidade no Mundo<\/span><\/i><\/a><span style=\"font-weight: 400;\"> (SOWF) Relat\u00f3rio de 2023, envolvendo a maioria dos parceiros de pa\u00edses na coleta de dados at\u00e9 agora. Estabelecemos uma nova estrutura de governan\u00e7a chamada Partners&#039; Council em 2022 e hospedamos seis webinars MenCare em 2023 cobrindo as recomenda\u00e7\u00f5es do SOWF. Tamb\u00e9m nos envolvemos cada vez mais com plataformas e ag\u00eancias internacionais, incluindo Women Deliver, Global Alliance for Care, Inter-parliamentary Union (IPU), WEF e v\u00e1rias entidades da ONU.<\/span><\/p>\n<p><span style=\"font-weight: 400;\">Em abril de 2024, convocamos a segunda reuni\u00e3o presencial do Partners&#039; Council em Stellenbosch, \u00c1frica do Sul. O objetivo da reuni\u00e3o era cocriar uma vis\u00e3o estrat\u00e9gica e um plano para os pr\u00f3ximos quatro anos da campanha. Refletimos sobre o status atual da campanha e pensamos criativamente sobre a pr\u00f3xima fase no desenvolvimento do MenCare.<\/span><\/p>\n<figure id=\"attachment_8491\" aria-describedby=\"caption-attachment-8491\" style=\"width: 1280px\" class=\"wp-caption alignnone\"><img loading=\"lazy\" decoding=\"async\" class=\"wp-image-8491 size-full\" src=\"https:\/\/www.mencare.org\/wp-content\/uploads\/2024\/06\/PHOTO-2024-04-19-16-51-02.jpg\" alt=\"\" width=\"1280\" height=\"960\" srcset=\"http:\/\/www.mencare.org\/wp-content\/uploads\/2024\/06\/PHOTO-2024-04-19-16-51-02.jpg 1280w, http:\/\/www.mencare.org\/wp-content\/uploads\/2024\/06\/PHOTO-2024-04-19-16-51-02-300x225.jpg 300w, http:\/\/www.mencare.org\/wp-content\/uploads\/2024\/06\/PHOTO-2024-04-19-16-51-02-1024x768.jpg 1024w, http:\/\/www.mencare.org\/wp-content\/uploads\/2024\/06\/PHOTO-2024-04-19-16-51-02-768x576.jpg 768w, http:\/\/www.mencare.org\/wp-content\/uploads\/2024\/06\/PHOTO-2024-04-19-16-51-02-720x540.jpg 720w\" sizes=\"auto, (max-width: 1280px) 100vw, 1280px\" \/><figcaption id=\"caption-attachment-8491\" class=\"wp-caption-text\">Comemorando a nova marca com um novo conjunto de camisetas e aventais! Da esquerda para a direita: Bafana Khumalo (Sonke Gender Justice), Francisco Auguayo (Cultura Salud), Suna Han\u00f6z-Penney (A\u00c7EV), Sebasti\u00e1n Molano (Oxfam America), Mphokuhle Mabhena-Lunga (Sonke Gender Justice), Hugo Rocha (C\u00famplices por la Igualdad), Diana Macauley (Sonke Gender Justice), Gary Barker (Equimundo), Tatiana Moura (Observatorio Masculinidades \u2013 CES), Marco Rojas (Plan International), Wessel van den Berg (Equimundo) \u00e0 frente: Jos\u00e9 Campi Portaluppi (Equimundo), Andy Gleason (Save the Children US).<\/figcaption><\/figure>\n<p><span style=\"font-weight: 400;\">As atividades da semana inclu\u00edram uma reuni\u00e3o menor de coordenadores e uma reuni\u00e3o maior do Conselho de Parceiros. Alguns participantes tamb\u00e9m se juntaram ao lan\u00e7amento de um <\/span><a href=\"https:\/\/www.boyhoodinitiative.org\/resources\/step-step-navigating-boyhood-sub-saharan-africa\"><span style=\"font-weight: 400;\">novo relat\u00f3rio<\/span><\/a><span style=\"font-weight: 400;\"> produzido pela Equimundo sobre a viv\u00eancia da inf\u00e2ncia na \u00c1frica Subsaariana.<\/span><\/p>\n<figure id=\"attachment_8557\" aria-describedby=\"caption-attachment-8557\" style=\"width: 1752px\" class=\"wp-caption aligncenter\"><img loading=\"lazy\" decoding=\"async\" class=\"wp-image-8557 size-full\" src=\"https:\/\/www.mencare.org\/wp-content\/uploads\/2024\/07\/Screenshot-2024-07-08-at-13.43.17.png\" alt=\"\" width=\"1752\" height=\"1250\" srcset=\"http:\/\/www.mencare.org\/wp-content\/uploads\/2024\/07\/Screenshot-2024-07-08-at-13.43.17.png 1752w, http:\/\/www.mencare.org\/wp-content\/uploads\/2024\/07\/Screenshot-2024-07-08-at-13.43.17-300x214.png 300w, http:\/\/www.mencare.org\/wp-content\/uploads\/2024\/07\/Screenshot-2024-07-08-at-13.43.17-1024x731.png 1024w, http:\/\/www.mencare.org\/wp-content\/uploads\/2024\/07\/Screenshot-2024-07-08-at-13.43.17-768x548.png 768w, http:\/\/www.mencare.org\/wp-content\/uploads\/2024\/07\/Screenshot-2024-07-08-at-13.43.17-1536x1096.png 1536w\" sizes=\"auto, (max-width: 1752px) 100vw, 1752px\" \/><figcaption id=\"caption-attachment-8557\" class=\"wp-caption-text\">Um jantar comemorativo para lan\u00e7ar a nova estrutura e marca MenCare.<\/figcaption><\/figure>\n<p><span style=\"font-weight: 400;\">Um dos principais resultados da reuni\u00e3o do conselho foi a decis\u00e3o de expandir a equipe de co-coordena\u00e7\u00e3o do MenCare al\u00e9m de Equimundo e Sonke para uma nova equipe de coordena\u00e7\u00e3o maior, conduzida por organiza\u00e7\u00f5es l\u00edderes regionais. Fique de olho neste espa\u00e7o para mais informa\u00e7\u00f5es sobre isso em breve!<\/span><\/p>\n<p><span style=\"font-weight: 400;\">Olhando para o futuro, discutimos a nova identidade da marca, trabalhamos com um especialista da Cape Town Graduate School of Business para ganhar mais for\u00e7a com o MenCare 50\/50 Commitment, lan\u00e7amos o novo f\u00f3rum de discuss\u00e3o on-line para parceiros e iniciamos os preparativos para o pr\u00f3ximo relat\u00f3rio sobre a Situa\u00e7\u00e3o da Paternidade no Mundo para 2025.<\/span><\/p>\n<figure id=\"attachment_8555\" aria-describedby=\"caption-attachment-8555\" style=\"width: 1752px\" class=\"wp-caption aligncenter\"><img loading=\"lazy\" decoding=\"async\" class=\"wp-image-8555 size-full\" src=\"https:\/\/www.mencare.org\/wp-content\/uploads\/2024\/07\/Screenshot-2024-07-08-at-13.49.27.png\" alt=\"\" width=\"1752\" height=\"1250\" srcset=\"http:\/\/www.mencare.org\/wp-content\/uploads\/2024\/07\/Screenshot-2024-07-08-at-13.49.27.png 1752w, http:\/\/www.mencare.org\/wp-content\/uploads\/2024\/07\/Screenshot-2024-07-08-at-13.49.27-300x214.png 300w, http:\/\/www.mencare.org\/wp-content\/uploads\/2024\/07\/Screenshot-2024-07-08-at-13.49.27-1024x731.png 1024w, http:\/\/www.mencare.org\/wp-content\/uploads\/2024\/07\/Screenshot-2024-07-08-at-13.49.27-768x548.png 768w, http:\/\/www.mencare.org\/wp-content\/uploads\/2024\/07\/Screenshot-2024-07-08-at-13.49.27-1536x1096.png 1536w\" sizes=\"auto, (max-width: 1752px) 100vw, 1752px\" \/><figcaption id=\"caption-attachment-8555\" class=\"wp-caption-text\">Refletindo sobre o Compromisso 50\/50 da MenCare como um grupo com nossa facilitadora Desiree Paulsen e o convidado Ralph Hamann da Escola de P\u00f3s-Gradua\u00e7\u00e3o em Administra\u00e7\u00e3o da Universidade da Cidade do Cabo.<\/figcaption><\/figure>\n<p><span style=\"font-weight: 400;\">Pedimos aos participantes da Equimundo, Sonke Gender Justice, A\u00c7EV, Cultura Salud, C\u00f3mplices por La Igualdad, Centro Estudo Social (CES) Observatory on Masculinities, Oxfam America, Plan International e Save the Children US para compartilhar o que eles mais valorizam na campanha, e suas respostas variaram desde o ethos da campanha at\u00e9 seus objetivos e realiza\u00e7\u00f5es:<\/span><\/p>\n<p><b>O que voc\u00ea mais valoriza na campanha MenCare?<\/b><\/p>\n<blockquote><p><span style=\"font-weight: 400;\">Valorizo a dedica\u00e7\u00e3o da campanha MenCare em promover a paternidade e o cuidado envolvidos, equitativos e n\u00e3o violentos de uma perspectiva <\/span><i><span style=\"font-weight: 400;\">feminista<\/span><\/i><span style=\"font-weight: 400;\"> ponto de vista, desafiando os pap\u00e9is tradicionais de g\u00eanero em n\u00edvel global.<\/span><\/p>\n<p><span style=\"background-color: #ffffff;\">\u2013 Tatiana Moura, Observat\u00f3rio de Masculinidades do Centro Estudo Social (CES)<\/span><\/p><\/blockquote>\n<p>&nbsp;<\/p>\n<blockquote><p><span style=\"font-weight: 400;\">Valorizo como a campanha coloca a quest\u00e3o da corresponsabilidade no centro do cuidado.<\/span><\/p>\n<p><span style=\"background-color: #ffffff;\">\u2013 Hugo Rochas, C\u00famplices de La Igu\u00e1ldad e La Jugarreta<\/span><\/p><\/blockquote>\n<p>&nbsp;<\/p>\n<blockquote><p><span style=\"font-weight: 400;\">Valorizo a capacidade de reunir pesquisas, hist\u00f3rias de pessoas e pol\u00edticas em um s\u00f3 lugar para contar uma hist\u00f3ria diferente sobre o que pode significar ser um cuidador masculino em casa, no trabalho e na sociedade.<\/span><\/p>\n<p><span style=\"font-weight: 400;\">\u2013 <\/span><span style=\"background-color: #ffffff;\">Sebasti\u00e1n Molano, Oxfam Am\u00e9rica<\/span><\/p><\/blockquote>\n<p>&nbsp;<\/p>\n<blockquote><p><span style=\"font-weight: 400;\">O que mais valorizo na campanha MenCare \u00e9 o espa\u00e7o de trabalho horizontal que pude perceber por parte das diferentes organiza\u00e7\u00f5es parceiras, al\u00e9m do fato de que a quest\u00e3o das masculinidades e da paternidade \u00e9 um tema que me apaixona muito, por isso tenho muito interesse em manter um v\u00ednculo com essa campanha, j\u00e1 que eles s\u00e3o refer\u00eancia nessas quest\u00f5es.<\/span><\/p>\n<p><span style=\"background-color: #ffffff;\">\u2013 Marco Rojas, Plano Internacional<\/span><\/p><\/blockquote>\n<p>&nbsp;<\/p>\n<blockquote><p><span style=\"font-weight: 400;\">Valorizo o trabalho em um \u201ccoletivo\u201d em dire\u00e7\u00e3o a um objetivo maior: envolver os homens como pais e cuidadores para promover a igualdade de g\u00eanero.<\/span><\/p>\n<p><span style=\"background-color: #ffffff;\">\u2013 Andrew Gleason, Save the Children EUA<\/span><\/p><\/blockquote>\n<p>&nbsp;<\/p>\n<blockquote><p><span style=\"font-weight: 400;\">Valorizo o valor coletivo que atribu\u00edmos a este trabalho sobre igualdade de g\u00eanero e a import\u00e2ncia que damos a equipar homens e meninos como parceiros iguais na constru\u00e7\u00e3o de relacionamentos mais saud\u00e1veis e seguros.<\/span><\/p>\n<p><span style=\"background-color: #ffffff;\">\u2013 Diana Macauley, Sonke Justi\u00e7a de G\u00eanero<\/span><\/p><\/blockquote>\n<p>&nbsp;<\/p>\n<blockquote><p><span style=\"font-weight: 400;\">Quando voc\u00ea fala com organiza\u00e7\u00f5es que implementam o trabalho relacionado ao MenCare, fica muito claro que as pessoas s\u00e3o profundamente apaixonadas pela vis\u00e3o e pelos valores da campanha. O MenCare oferece um ponto de converg\u00eancia importante e positivo para uma gama diversificada de atores. Essa converg\u00eancia de comprometimento com a mesma causa \u00e9 o aspecto que mais valorizo.<\/span><\/p>\n<p><span style=\"background-color: #ffffff;\">\u2013 Wessel van den Berg, Equimundo<\/span><\/p><\/blockquote>\n<p>&nbsp;<\/p>\n<figure id=\"attachment_8551\" aria-describedby=\"caption-attachment-8551\" style=\"width: 1752px\" class=\"wp-caption aligncenter\"><img loading=\"lazy\" decoding=\"async\" class=\"wp-image-8551 size-full\" src=\"https:\/\/www.mencare.org\/wp-content\/uploads\/2024\/07\/Screenshot-2024-07-08-at-13.42.07.png\" alt=\"\" width=\"1752\" height=\"1250\" srcset=\"http:\/\/www.mencare.org\/wp-content\/uploads\/2024\/07\/Screenshot-2024-07-08-at-13.42.07.png 1752w, http:\/\/www.mencare.org\/wp-content\/uploads\/2024\/07\/Screenshot-2024-07-08-at-13.42.07-300x214.png 300w, http:\/\/www.mencare.org\/wp-content\/uploads\/2024\/07\/Screenshot-2024-07-08-at-13.42.07-1024x731.png 1024w, http:\/\/www.mencare.org\/wp-content\/uploads\/2024\/07\/Screenshot-2024-07-08-at-13.42.07-768x548.png 768w, http:\/\/www.mencare.org\/wp-content\/uploads\/2024\/07\/Screenshot-2024-07-08-at-13.42.07-1536x1096.png 1536w\" sizes=\"auto, (max-width: 1752px) 100vw, 1752px\" \/><figcaption id=\"caption-attachment-8551\" class=\"wp-caption-text\">Na hora do ch\u00e1: Bafana Khumalo, Diana Macauley, Mphokuhle Mabhena-Lunga (Sonke Gender Justice), Andy Gleason (Save the Children US).<\/figcaption><\/figure>","protected":false},"excerpt":{"rendered":"<p>Nos \u00faltimos dois anos, a campanha MenCare fez avan\u00e7os empolgantes com o desenvolvimento e lan\u00e7amento da plataforma MenCare 50\/50 Commitment e produziu o relat\u00f3rio State of the World&#039;s Fathers (SOWF) 2023, envolvendo a maioria dos parceiros de pa\u00edses na coleta de dados at\u00e9 agora. Estabelecemos uma nova estrutura de governan\u00e7a chamada Partners&#039; Council em 2022&nbsp;<a class=\"read-more-link\" href=\"http:\/\/www.mencare.org\/pt\/planning-the-future-of-mens-equal-caregiving-reflections-from-the-mencare-global-partners-council-meeting-2024\/\">\u2026<\/a><\/p>","protected":false},"author":180,"featured_media":8551,"comment_status":"closed","ping_status":"closed","sticky":false,"template":"","format":"standard","meta":{"footnotes":""},"categories":[1],"tags":[849,872,394],"class_list":["post-8547","post","type-post","status-publish","format-standard","has-post-thumbnail","hentry","category-uncategorized","tag-partners","tag-partners-council","tag-sonke"],"acf":[],"yoast_head":"<!-- This site is optimized with the Yoast SEO plugin v25.9 - https:\/\/yoast.com\/wordpress\/plugins\/seo\/ -->\n<title>Planning the Future of Men\u2019s Equal Caregiving: Reflections from the MenCare Global Partners\u2019 Council Meeting 2024 - MenCare<\/title>\n<meta name=\"robots\" content=\"index, follow, max-snippet:-1, max-image-preview:large, max-video-preview:-1\" \/>\n<link rel=\"canonical\" href=\"https:\/\/www.mencare.org\/pt\/planning-the-future-of-mens-equal-caregiving-reflections-from-the-mencare-global-partners-council-meeting-2024\/\" \/>\n<meta property=\"og:locale\" content=\"pt_BR\" \/>\n<meta property=\"og:type\" content=\"article\" \/>\n<meta property=\"og:title\" content=\"Planning the Future of Men\u2019s Equal Caregiving: Reflections from the MenCare Global Partners\u2019 Council Meeting 2024 - MenCare\" \/>\n<meta property=\"og:description\" content=\"Over the past two years, the MenCare campaign has made exciting strides with the development and launch of the MenCare 50\/50 Commitment platform and produced the State of the World\u2019s Fathers (SOWF) 2023 report, involving the most country partners in data collection yet. We established a new governance structure called the Partners\u2019 Council in 2022&nbsp;&hellip;\" \/>\n<meta property=\"og:url\" content=\"https:\/\/www.mencare.org\/pt\/planning-the-future-of-mens-equal-caregiving-reflections-from-the-mencare-global-partners-council-meeting-2024\/\" \/>\n<meta property=\"og:site_name\" content=\"MenCare\" \/>\n<meta property=\"article:published_time\" content=\"2024-07-17T14:33:14+00:00\" \/>\n<meta property=\"article:modified_time\" content=\"2024-07-22T12:53:27+00:00\" \/>\n<meta property=\"og:image\" content=\"https:\/\/www.mencare.org\/wp-content\/uploads\/2024\/07\/Screenshot-2024-07-08-at-13.42.07-1024x731.png\" \/>\n\t<meta property=\"og:image:width\" content=\"1024\" \/>\n\t<meta property=\"og:image:height\" content=\"731\" \/>\n\t<meta property=\"og:image:type\" content=\"image\/png\" \/>\n<meta name=\"author\" content=\"Hannah Chosid\" \/>\n<meta name=\"twitter:card\" content=\"summary_large_image\" \/>\n<meta name=\"twitter:label1\" content=\"Written by\" \/>\n\t<meta name=\"twitter:data1\" content=\"Hannah Chosid\" \/>\n\t<meta name=\"twitter:label2\" content=\"Est. reading time\" \/>\n\t<meta name=\"twitter:data2\" content=\"4 minutes\" \/>\n<script type=\"application\/ld+json\" class=\"yoast-schema-graph\">{\"@context\":\"https:\/\/schema.org\",\"@graph\":[{\"@type\":\"WebPage\",\"@id\":\"https:\/\/www.mencare.org\/planning-the-future-of-mens-equal-caregiving-reflections-from-the-mencare-global-partners-council-meeting-2024\/\",\"url\":\"https:\/\/www.mencare.org\/planning-the-future-of-mens-equal-caregiving-reflections-from-the-mencare-global-partners-council-meeting-2024\/\",\"name\":\"Planning the Future of Men\u2019s Equal Caregiving: Reflections from the MenCare Global Partners\u2019 Council Meeting 2024 - MenCare\",\"isPartOf\":{\"@id\":\"https:\/\/www.mencare.org\/#website\"},\"primaryImageOfPage\":{\"@id\":\"https:\/\/www.mencare.org\/planning-the-future-of-mens-equal-caregiving-reflections-from-the-mencare-global-partners-council-meeting-2024\/#primaryimage\"},\"image\":{\"@id\":\"https:\/\/www.mencare.org\/planning-the-future-of-mens-equal-caregiving-reflections-from-the-mencare-global-partners-council-meeting-2024\/#primaryimage\"},\"thumbnailUrl\":\"http:\/\/www.mencare.org\/wp-content\/uploads\/2024\/07\/Screenshot-2024-07-08-at-13.42.07.png\",\"datePublished\":\"2024-07-17T14:33:14+00:00\",\"dateModified\":\"2024-07-22T12:53:27+00:00\",\"author\":{\"@id\":\"https:\/\/www.mencare.org\/#\/schema\/person\/98d4b70eb3715a6ffd25456caa468cf9\"},\"breadcrumb\":{\"@id\":\"https:\/\/www.mencare.org\/planning-the-future-of-mens-equal-caregiving-reflections-from-the-mencare-global-partners-council-meeting-2024\/#breadcrumb\"},\"inLanguage\":\"pt-BR\",\"potentialAction\":[{\"@type\":\"ReadAction\",\"target\":[\"https:\/\/www.mencare.org\/planning-the-future-of-mens-equal-caregiving-reflections-from-the-mencare-global-partners-council-meeting-2024\/\"]}]},{\"@type\":\"ImageObject\",\"inLanguage\":\"pt-BR\",\"@id\":\"https:\/\/www.mencare.org\/planning-the-future-of-mens-equal-caregiving-reflections-from-the-mencare-global-partners-council-meeting-2024\/#primaryimage\",\"url\":\"http:\/\/www.mencare.org\/wp-content\/uploads\/2024\/07\/Screenshot-2024-07-08-at-13.42.07.png\",\"contentUrl\":\"http:\/\/www.mencare.org\/wp-content\/uploads\/2024\/07\/Screenshot-2024-07-08-at-13.42.07.png\",\"width\":1752,\"height\":1250,\"caption\":\"Hanging out at tea-time: Bafana Khumalo, Diana Macauley, Mphokuhle Mabhena-Lunga (Sonke Gender Justice), Andy Gleason (Save the Children US).\"},{\"@type\":\"BreadcrumbList\",\"@id\":\"https:\/\/www.mencare.org\/planning-the-future-of-mens-equal-caregiving-reflections-from-the-mencare-global-partners-council-meeting-2024\/#breadcrumb\",\"itemListElement\":[{\"@type\":\"ListItem\",\"position\":1,\"name\":\"Home\",\"item\":\"https:\/\/www.mencare.org\/\"},{\"@type\":\"ListItem\",\"position\":2,\"name\":\"Planning the Future of Men\u2019s Equal Caregiving: Reflections from the MenCare Global Partners\u2019 Council Meeting 2024\"}]},{\"@type\":\"WebSite\",\"@id\":\"https:\/\/www.mencare.org\/#website\",\"url\":\"https:\/\/www.mencare.org\/\",\"name\":\"MenCare\",\"description\":\"A Global Fatherhood Campaign\",\"potentialAction\":[{\"@type\":\"SearchAction\",\"target\":{\"@type\":\"EntryPoint\",\"urlTemplate\":\"https:\/\/www.mencare.org\/?s={search_term_string}\"},\"query-input\":{\"@type\":\"PropertyValueSpecification\",\"valueRequired\":true,\"valueName\":\"search_term_string\"}}],\"inLanguage\":\"pt-BR\"},{\"@type\":\"Person\",\"@id\":\"https:\/\/www.mencare.org\/#\/schema\/person\/98d4b70eb3715a6ffd25456caa468cf9\",\"name\":\"Hannah Chosid\",\"image\":{\"@type\":\"ImageObject\",\"inLanguage\":\"pt-BR\",\"@id\":\"https:\/\/www.mencare.org\/#\/schema\/person\/image\/\",\"url\":\"https:\/\/secure.gravatar.com\/avatar\/7d588a6bab168c7bf315e0c02a9d216d3ae1cc96e6a277774b99cb60754213c6?s=96&d=mm&r=g\",\"contentUrl\":\"https:\/\/secure.gravatar.com\/avatar\/7d588a6bab168c7bf315e0c02a9d216d3ae1cc96e6a277774b99cb60754213c6?s=96&d=mm&r=g\",\"caption\":\"Hannah Chosid\"},\"url\":\"http:\/\/www.mencare.org\/pt\/author\/hchosid\/\"}]}<\/script>\n<!-- \/ Yoast SEO plugin. -->","yoast_head_json":{"title":"Planning the Future of Men\u2019s Equal Caregiving: Reflections from the MenCare Global Partners\u2019 Council Meeting 2024 - MenCare","robots":{"index":"index","follow":"follow","max-snippet":"max-snippet:-1","max-image-preview":"max-image-preview:large","max-video-preview":"max-video-preview:-1"},"canonical":"https:\/\/www.mencare.org\/pt\/planning-the-future-of-mens-equal-caregiving-reflections-from-the-mencare-global-partners-council-meeting-2024\/","og_locale":"pt_BR","og_type":"article","og_title":"Planning the Future of Men\u2019s Equal Caregiving: Reflections from the MenCare Global Partners\u2019 Council Meeting 2024 - MenCare","og_description":"Over the past two years, the MenCare campaign has made exciting strides with the development and launch of the MenCare 50\/50 Commitment platform and produced the State of the World\u2019s Fathers (SOWF) 2023 report, involving the most country partners in data collection yet. We established a new governance structure called the Partners\u2019 Council in 2022&nbsp;&hellip;","og_url":"https:\/\/www.mencare.org\/pt\/planning-the-future-of-mens-equal-caregiving-reflections-from-the-mencare-global-partners-council-meeting-2024\/","og_site_name":"MenCare","article_published_time":"2024-07-17T14:33:14+00:00","article_modified_time":"2024-07-22T12:53:27+00:00","og_image":[{"width":1024,"height":731,"url":"https:\/\/www.mencare.org\/wp-content\/uploads\/2024\/07\/Screenshot-2024-07-08-at-13.42.07-1024x731.png","type":"image\/png"}],"author":"Hannah Chosid","twitter_card":"summary_large_image","twitter_misc":{"Written by":"Hannah Chosid","Est. reading time":"4 minutes"},"schema":{"@context":"https:\/\/schema.org","@graph":[{"@type":"WebPage","@id":"https:\/\/www.mencare.org\/planning-the-future-of-mens-equal-caregiving-reflections-from-the-mencare-global-partners-council-meeting-2024\/","url":"https:\/\/www.mencare.org\/planning-the-future-of-mens-equal-caregiving-reflections-from-the-mencare-global-partners-council-meeting-2024\/","name":"Planning the Future of Men\u2019s Equal Caregiving: Reflections from the MenCare Global Partners\u2019 Council Meeting 2024 - MenCare","isPartOf":{"@id":"https:\/\/www.mencare.org\/#website"},"primaryImageOfPage":{"@id":"https:\/\/www.mencare.org\/planning-the-future-of-mens-equal-caregiving-reflections-from-the-mencare-global-partners-council-meeting-2024\/#primaryimage"},"image":{"@id":"https:\/\/www.mencare.org\/planning-the-future-of-mens-equal-caregiving-reflections-from-the-mencare-global-partners-council-meeting-2024\/#primaryimage"},"thumbnailUrl":"http:\/\/www.mencare.org\/wp-content\/uploads\/2024\/07\/Screenshot-2024-07-08-at-13.42.07.png","datePublished":"2024-07-17T14:33:14+00:00","dateModified":"2024-07-22T12:53:27+00:00","author":{"@id":"https:\/\/www.mencare.org\/#\/schema\/person\/98d4b70eb3715a6ffd25456caa468cf9"},"breadcrumb":{"@id":"https:\/\/www.mencare.org\/planning-the-future-of-mens-equal-caregiving-reflections-from-the-mencare-global-partners-council-meeting-2024\/#breadcrumb"},"inLanguage":"pt-BR","potentialAction":[{"@type":"ReadAction","target":["https:\/\/www.mencare.org\/planning-the-future-of-mens-equal-caregiving-reflections-from-the-mencare-global-partners-council-meeting-2024\/"]}]},{"@type":"ImageObject","inLanguage":"pt-BR","@id":"https:\/\/www.mencare.org\/planning-the-future-of-mens-equal-caregiving-reflections-from-the-mencare-global-partners-council-meeting-2024\/#primaryimage","url":"http:\/\/www.mencare.org\/wp-content\/uploads\/2024\/07\/Screenshot-2024-07-08-at-13.42.07.png","contentUrl":"http:\/\/www.mencare.org\/wp-content\/uploads\/2024\/07\/Screenshot-2024-07-08-at-13.42.07.png","width":1752,"height":1250,"caption":"Hanging out at tea-time: Bafana Khumalo, Diana Macauley, Mphokuhle Mabhena-Lunga (Sonke Gender Justice), Andy Gleason (Save the Children US)."},{"@type":"BreadcrumbList","@id":"https:\/\/www.mencare.org\/planning-the-future-of-mens-equal-caregiving-reflections-from-the-mencare-global-partners-council-meeting-2024\/#breadcrumb","itemListElement":[{"@type":"ListItem","position":1,"name":"Home","item":"https:\/\/www.mencare.org\/"},{"@type":"ListItem","position":2,"name":"Planning the Future of Men\u2019s Equal Caregiving: Reflections from the MenCare Global Partners\u2019 Council Meeting 2024"}]},{"@type":"WebSite","@id":"https:\/\/www.mencare.org\/#website","url":"https:\/\/www.mencare.org\/","name":"Cuidados com os homens","description":"Uma Campanha Global de Paternidade","potentialAction":[{"@type":"SearchAction","target":{"@type":"EntryPoint","urlTemplate":"https:\/\/www.mencare.org\/?s={search_term_string}"},"query-input":{"@type":"PropertyValueSpecification","valueRequired":true,"valueName":"search_term_string"}}],"inLanguage":"pt-BR"},{"@type":"Person","@id":"https:\/\/www.mencare.org\/#\/schema\/person\/98d4b70eb3715a6ffd25456caa468cf9","name":"Hannah Chosid","image":{"@type":"ImageObject","inLanguage":"pt-BR","@id":"https:\/\/www.mencare.org\/#\/schema\/person\/image\/","url":"https:\/\/secure.gravatar.com\/avatar\/7d588a6bab168c7bf315e0c02a9d216d3ae1cc96e6a277774b99cb60754213c6?s=96&d=mm&r=g","contentUrl":"https:\/\/secure.gravatar.com\/avatar\/7d588a6bab168c7bf315e0c02a9d216d3ae1cc96e6a277774b99cb60754213c6?s=96&d=mm&r=g","caption":"Hannah Chosid"},"url":"http:\/\/www.mencare.org\/pt\/author\/hchosid\/"}]}},"_links":{"self":[{"href":"http:\/\/www.mencare.org\/pt\/wp-json\/wp\/v2\/posts\/8547","targetHints":{"allow":["GET"]}}],"collection":[{"href":"http:\/\/www.mencare.org\/pt\/wp-json\/wp\/v2\/posts"}],"about":[{"href":"http:\/\/www.mencare.org\/pt\/wp-json\/wp\/v2\/types\/post"}],"author":[{"embeddable":true,"href":"http:\/\/www.mencare.org\/pt\/wp-json\/wp\/v2\/users\/180"}],"replies":[{"embeddable":true,"href":"http:\/\/www.mencare.org\/pt\/wp-json\/wp\/v2\/comments?post=8547"}],"version-history":[{"count":3,"href":"http:\/\/www.mencare.org\/pt\/wp-json\/wp\/v2\/posts\/8547\/revisions"}],"predecessor-version":[{"id":8568,"href":"http:\/\/www.mencare.org\/pt\/wp-json\/wp\/v2\/posts\/8547\/revisions\/8568"}],"wp:featuredmedia":[{"embeddable":true,"href":"http:\/\/www.mencare.org\/pt\/wp-json\/wp\/v2\/media\/8551"}],"wp:attachment":[{"href":"http:\/\/www.mencare.org\/pt\/wp-json\/wp\/v2\/media?parent=8547"}],"wp:term":[{"taxonomy":"category","embeddable":true,"href":"http:\/\/www.mencare.org\/pt\/wp-json\/wp\/v2\/categories?post=8547"},{"taxonomy":"post_tag","embeddable":true,"href":"http:\/\/www.mencare.org\/pt\/wp-json\/wp\/v2\/tags?post=8547"}],"curies":[{"name":"wp","href":"https:\/\/api.w.org\/{rel}","templated":true}]}}