{"id":187,"date":"2015-03-18T00:00:07","date_gmt":"2015-03-18T00:00:07","guid":{"rendered":"https:\/\/www.mencare.org\/?p=187"},"modified":"2015-03-18T00:00:07","modified_gmt":"2015-03-18T00:00:07","slug":"mencare-bulgarias-fathers-week-promotes-involved-nonviolent-fatherhood-2","status":"publish","type":"post","link":"https:\/\/www.mencare.org\/es\/mencare-bulgarias-fathers-week-promotes-involved-nonviolent-fatherhood-2\/","title":{"rendered":"La \u201cSemana del Padre\u201d de MenCare Bulgaria promueve una paternidad comprometida y no violenta"},"content":{"rendered":"<p><img loading=\"lazy\" decoding=\"async\" class=\"alignleft size-full wp-image-190\" src=\"https:\/\/www.mencare.org\/wp-content\/uploads\/2015\/04\/Bulgaria-3_Da_ne_propuskash_da_pokarash_kolelo_decata-crop.jpg\" alt=\"A father and his children ride their bikes through a park in Bulgaria.\" width=\"400\" height=\"250\" srcset=\"https:\/\/www.mencare.org\/wp-content\/uploads\/2015\/04\/Bulgaria-3_Da_ne_propuskash_da_pokarash_kolelo_decata-crop.jpg 400w, https:\/\/www.mencare.org\/wp-content\/uploads\/2015\/04\/Bulgaria-3_Da_ne_propuskash_da_pokarash_kolelo_decata-crop-300x188.jpg 300w\" sizes=\"auto, (max-width: 400px) 100vw, 400px\" \/>Un consorcio de 10 ONG que trabajan con ni\u00f1os, padres e instituciones educativas y sociales en Bulgaria celebr\u00f3 la \u201cSemana de los Padres\u201d del 17 al 23 de noviembre de 2014, como parte de la campa\u00f1a nacional \u201c<a href=\"http:\/\/mencare.bg\/\" target=\"_blank\">Ser padre<\/a>\u201d campa\u00f1a. El evento concientiz\u00f3 sobre los beneficios de la paternidad activa para promover un entorno familiar libre de violencia y el desarrollo saludable de los ni\u00f1os.<\/p>\n<p>La iniciativa atrajo a 40 escuelas, 30 ONG, 15 instituciones estatales y culturales y 15 clubes de todo el pa\u00eds. La campa\u00f1a tambi\u00e9n recibi\u00f3 cobertura de 56 estaciones de radio y televisi\u00f3n nacionales y regionales, peri\u00f3dicos y canales de medios en l\u00ednea. El \u00e9xito del evento pone de relieve el poder del mensaje de la campa\u00f1a y el impulso y la atenci\u00f3n que est\u00e1 cobrando la paternidad comprometida en la regi\u00f3n.<\/p>","protected":false},"excerpt":{"rendered":"<p>A consortium of 10 NGOs that work with children, parents, and educational and social institutions in Bulgaria held &#8220;Fathers&#8217; Week&#8221; in November 2014, as part of MenCare Bulgaria&#8217;s national &#8220;Being a Father&#8221; campaign.<\/p>","protected":false},"author":7,"featured_media":190,"comment_status":"open","ping_status":"open","sticky":false,"template":"","format":"standard","meta":{"footnotes":""},"categories":[1],"tags":[32,39,82,91],"class_list":["post-187","post","type-post","status-publish","format-standard","has-post-thumbnail","hentry","category-uncategorized","tag-being-a-father","tag-bulgaria","tag-europe-and-central-asia","tag-fathers-week","countries-bulgaria"],"acf":[],"yoast_head":"<!-- This site is optimized with the Yoast SEO plugin v25.9 - https:\/\/yoast.com\/wordpress\/plugins\/seo\/ -->\n<title>MenCare Bulgaria&#039;s &quot;Fathers&#039; Week&quot; promotes involved, nonviolent fatherhood - MenCare<\/title>\n<meta name=\"robots\" content=\"index, follow, max-snippet:-1, max-image-preview:large, max-video-preview:-1\" \/>\n<link rel=\"canonical\" href=\"https:\/\/www.mencare.org\/es\/mencare-bulgarias-fathers-week-promotes-involved-nonviolent-fatherhood-2\/\" \/>\n<meta property=\"og:locale\" content=\"es_MX\" \/>\n<meta property=\"og:type\" content=\"article\" \/>\n<meta property=\"og:title\" content=\"MenCare Bulgaria&#039;s &quot;Fathers&#039; Week&quot; promotes involved, nonviolent fatherhood - MenCare\" \/>\n<meta property=\"og:description\" content=\"A consortium of 10 NGOs that work with children, parents, and educational and social institutions in Bulgaria held &quot;Fathers&#039; Week&quot; in November 2014, as part of MenCare Bulgaria&#039;s national &quot;Being a Father&quot; campaign.\" \/>\n<meta property=\"og:url\" content=\"https:\/\/www.mencare.org\/es\/mencare-bulgarias-fathers-week-promotes-involved-nonviolent-fatherhood-2\/\" \/>\n<meta property=\"og:site_name\" content=\"MenCare\" \/>\n<meta property=\"article:published_time\" content=\"2015-03-18T00:00:07+00:00\" \/>\n<meta property=\"og:image\" content=\"https:\/\/www.mencare.org\/wp-content\/uploads\/2015\/04\/Bulgaria-3_Da_ne_propuskash_da_pokarash_kolelo_decata-crop.jpg\" \/>\n\t<meta property=\"og:image:width\" content=\"400\" \/>\n\t<meta property=\"og:image:height\" content=\"250\" \/>\n\t<meta property=\"og:image:type\" content=\"image\/jpeg\" \/>\n<meta name=\"twitter:card\" content=\"summary_large_image\" \/>\n<meta name=\"twitter:label1\" content=\"Written by\" \/>\n\t<meta name=\"twitter:data1\" content=\"\" \/>\n\t<meta name=\"twitter:label2\" content=\"Est. reading time\" \/>\n\t<meta name=\"twitter:data2\" content=\"1 minute\" \/>\n<script type=\"application\/ld+json\" class=\"yoast-schema-graph\">{\"@context\":\"https:\/\/schema.org\",\"@graph\":[{\"@type\":\"WebPage\",\"@id\":\"https:\/\/www.mencare.org\/pt\/mencare-bulgarias-fathers-week-promotes-involved-nonviolent-fatherhood-2\/\",\"url\":\"https:\/\/www.mencare.org\/pt\/mencare-bulgarias-fathers-week-promotes-involved-nonviolent-fatherhood-2\/\",\"name\":\"MenCare Bulgaria's \\\"Fathers' Week\\\" promotes involved, nonviolent fatherhood - MenCare\",\"isPartOf\":{\"@id\":\"https:\/\/www.mencare.org\/#website\"},\"primaryImageOfPage\":{\"@id\":\"https:\/\/www.mencare.org\/pt\/mencare-bulgarias-fathers-week-promotes-involved-nonviolent-fatherhood-2\/#primaryimage\"},\"image\":{\"@id\":\"https:\/\/www.mencare.org\/pt\/mencare-bulgarias-fathers-week-promotes-involved-nonviolent-fatherhood-2\/#primaryimage\"},\"thumbnailUrl\":\"https:\/\/www.mencare.org\/wp-content\/uploads\/2015\/04\/Bulgaria-3_Da_ne_propuskash_da_pokarash_kolelo_decata-crop.jpg\",\"datePublished\":\"2015-03-18T00:00:07+00:00\",\"author\":{\"@id\":\"\"},\"breadcrumb\":{\"@id\":\"https:\/\/www.mencare.org\/pt\/mencare-bulgarias-fathers-week-promotes-involved-nonviolent-fatherhood-2\/#breadcrumb\"},\"inLanguage\":\"es-MX\",\"potentialAction\":[{\"@type\":\"ReadAction\",\"target\":[\"https:\/\/www.mencare.org\/pt\/mencare-bulgarias-fathers-week-promotes-involved-nonviolent-fatherhood-2\/\"]}]},{\"@type\":\"ImageObject\",\"inLanguage\":\"es-MX\",\"@id\":\"https:\/\/www.mencare.org\/pt\/mencare-bulgarias-fathers-week-promotes-involved-nonviolent-fatherhood-2\/#primaryimage\",\"url\":\"https:\/\/www.mencare.org\/wp-content\/uploads\/2015\/04\/Bulgaria-3_Da_ne_propuskash_da_pokarash_kolelo_decata-crop.jpg\",\"contentUrl\":\"https:\/\/www.mencare.org\/wp-content\/uploads\/2015\/04\/Bulgaria-3_Da_ne_propuskash_da_pokarash_kolelo_decata-crop.jpg\",\"width\":400,\"height\":250,\"caption\":\"A father and his children ride their bikes through a park in Bulgaria.\"},{\"@type\":\"BreadcrumbList\",\"@id\":\"https:\/\/www.mencare.org\/pt\/mencare-bulgarias-fathers-week-promotes-involved-nonviolent-fatherhood-2\/#breadcrumb\",\"itemListElement\":[{\"@type\":\"ListItem\",\"position\":1,\"name\":\"Home\",\"item\":\"https:\/\/www.mencare.org\/\"},{\"@type\":\"ListItem\",\"position\":2,\"name\":\"MenCare Bulgaria&#8217;s &#8220;Fathers&#8217; Week&#8221; promotes involved, nonviolent fatherhood\"}]},{\"@type\":\"WebSite\",\"@id\":\"https:\/\/www.mencare.org\/#website\",\"url\":\"https:\/\/www.mencare.org\/\",\"name\":\"MenCare\",\"description\":\"A Global Fatherhood Campaign\",\"potentialAction\":[{\"@type\":\"SearchAction\",\"target\":{\"@type\":\"EntryPoint\",\"urlTemplate\":\"https:\/\/www.mencare.org\/?s={search_term_string}\"},\"query-input\":{\"@type\":\"PropertyValueSpecification\",\"valueRequired\":true,\"valueName\":\"search_term_string\"}}],\"inLanguage\":\"es-MX\"},{\"@type\":\"Person\",\"@id\":\"\",\"url\":\"https:\/\/www.mencare.org\/es\/author\/\"}]}<\/script>\n<!-- \/ Yoast SEO plugin. -->","yoast_head_json":{"title":"MenCare Bulgaria's \"Fathers' Week\" promotes involved, nonviolent fatherhood - MenCare","robots":{"index":"index","follow":"follow","max-snippet":"max-snippet:-1","max-image-preview":"max-image-preview:large","max-video-preview":"max-video-preview:-1"},"canonical":"https:\/\/www.mencare.org\/es\/mencare-bulgarias-fathers-week-promotes-involved-nonviolent-fatherhood-2\/","og_locale":"es_MX","og_type":"article","og_title":"MenCare Bulgaria's \"Fathers' Week\" promotes involved, nonviolent fatherhood - MenCare","og_description":"A consortium of 10 NGOs that work with children, parents, and educational and social institutions in Bulgaria held \"Fathers' Week\" in November 2014, as part of MenCare Bulgaria's national \"Being a Father\" campaign.","og_url":"https:\/\/www.mencare.org\/es\/mencare-bulgarias-fathers-week-promotes-involved-nonviolent-fatherhood-2\/","og_site_name":"MenCare","article_published_time":"2015-03-18T00:00:07+00:00","og_image":[{"width":400,"height":250,"url":"https:\/\/www.mencare.org\/wp-content\/uploads\/2015\/04\/Bulgaria-3_Da_ne_propuskash_da_pokarash_kolelo_decata-crop.jpg","type":"image\/jpeg"}],"twitter_card":"summary_large_image","twitter_misc":{"Written by":"","Est. reading time":"1 minute"},"schema":{"@context":"https:\/\/schema.org","@graph":[{"@type":"WebPage","@id":"https:\/\/www.mencare.org\/pt\/mencare-bulgarias-fathers-week-promotes-involved-nonviolent-fatherhood-2\/","url":"https:\/\/www.mencare.org\/pt\/mencare-bulgarias-fathers-week-promotes-involved-nonviolent-fatherhood-2\/","name":"MenCare Bulgaria's \"Fathers' Week\" promotes involved, nonviolent fatherhood - MenCare","isPartOf":{"@id":"https:\/\/www.mencare.org\/#website"},"primaryImageOfPage":{"@id":"https:\/\/www.mencare.org\/pt\/mencare-bulgarias-fathers-week-promotes-involved-nonviolent-fatherhood-2\/#primaryimage"},"image":{"@id":"https:\/\/www.mencare.org\/pt\/mencare-bulgarias-fathers-week-promotes-involved-nonviolent-fatherhood-2\/#primaryimage"},"thumbnailUrl":"https:\/\/www.mencare.org\/wp-content\/uploads\/2015\/04\/Bulgaria-3_Da_ne_propuskash_da_pokarash_kolelo_decata-crop.jpg","datePublished":"2015-03-18T00:00:07+00:00","author":{"@id":""},"breadcrumb":{"@id":"https:\/\/www.mencare.org\/pt\/mencare-bulgarias-fathers-week-promotes-involved-nonviolent-fatherhood-2\/#breadcrumb"},"inLanguage":"es-MX","potentialAction":[{"@type":"ReadAction","target":["https:\/\/www.mencare.org\/pt\/mencare-bulgarias-fathers-week-promotes-involved-nonviolent-fatherhood-2\/"]}]},{"@type":"ImageObject","inLanguage":"es-MX","@id":"https:\/\/www.mencare.org\/pt\/mencare-bulgarias-fathers-week-promotes-involved-nonviolent-fatherhood-2\/#primaryimage","url":"https:\/\/www.mencare.org\/wp-content\/uploads\/2015\/04\/Bulgaria-3_Da_ne_propuskash_da_pokarash_kolelo_decata-crop.jpg","contentUrl":"https:\/\/www.mencare.org\/wp-content\/uploads\/2015\/04\/Bulgaria-3_Da_ne_propuskash_da_pokarash_kolelo_decata-crop.jpg","width":400,"height":250,"caption":"A father and his children ride their bikes through a park in Bulgaria."},{"@type":"BreadcrumbList","@id":"https:\/\/www.mencare.org\/pt\/mencare-bulgarias-fathers-week-promotes-involved-nonviolent-fatherhood-2\/#breadcrumb","itemListElement":[{"@type":"ListItem","position":1,"name":"Home","item":"https:\/\/www.mencare.org\/"},{"@type":"ListItem","position":2,"name":"MenCare Bulgaria&#8217;s &#8220;Fathers&#8217; Week&#8221; promotes involved, nonviolent fatherhood"}]},{"@type":"WebSite","@id":"https:\/\/www.mencare.org\/#website","url":"https:\/\/www.mencare.org\/","name":"Cuidado de los hombres","description":"Una campa\u00f1a mundial por la paternidad","potentialAction":[{"@type":"SearchAction","target":{"@type":"EntryPoint","urlTemplate":"https:\/\/www.mencare.org\/?s={search_term_string}"},"query-input":{"@type":"PropertyValueSpecification","valueRequired":true,"valueName":"search_term_string"}}],"inLanguage":"es-MX"},{"@type":"Person","@id":"","url":"https:\/\/www.mencare.org\/es\/author\/"}]}},"_links":{"self":[{"href":"https:\/\/www.mencare.org\/es\/wp-json\/wp\/v2\/posts\/187","targetHints":{"allow":["GET"]}}],"collection":[{"href":"https:\/\/www.mencare.org\/es\/wp-json\/wp\/v2\/posts"}],"about":[{"href":"https:\/\/www.mencare.org\/es\/wp-json\/wp\/v2\/types\/post"}],"author":[{"embeddable":true,"href":"https:\/\/www.mencare.org\/es\/wp-json\/wp\/v2\/users\/7"}],"replies":[{"embeddable":true,"href":"https:\/\/www.mencare.org\/es\/wp-json\/wp\/v2\/comments?post=187"}],"version-history":[{"count":0,"href":"https:\/\/www.mencare.org\/es\/wp-json\/wp\/v2\/posts\/187\/revisions"}],"wp:featuredmedia":[{"embeddable":true,"href":"https:\/\/www.mencare.org\/es\/wp-json\/wp\/v2\/media\/190"}],"wp:attachment":[{"href":"https:\/\/www.mencare.org\/es\/wp-json\/wp\/v2\/media?parent=187"}],"wp:term":[{"taxonomy":"category","embeddable":true,"href":"https:\/\/www.mencare.org\/es\/wp-json\/wp\/v2\/categories?post=187"},{"taxonomy":"post_tag","embeddable":true,"href":"https:\/\/www.mencare.org\/es\/wp-json\/wp\/v2\/tags?post=187"}],"curies":[{"name":"wp","href":"https:\/\/api.w.org\/{rel}","templated":true}]}}