{"id":235,"date":"2015-04-01T00:00:29","date_gmt":"2015-04-01T00:00:29","guid":{"rendered":"https:\/\/www.mencare.org\/?p=235"},"modified":"2015-04-01T00:00:29","modified_gmt":"2015-04-01T00:00:29","slug":"portugal-launches-countrys-first-mencare-campaign-on-fathers-day","status":"publish","type":"post","link":"https:\/\/www.mencare.org\/es\/portugal-launches-countrys-first-mencare-campaign-on-fathers-day\/","title":{"rendered":"Portugal lanza la primera campa\u00f1a MenCare del pa\u00eds en el D\u00eda del Padre"},"content":{"rendered":"<p><img loading=\"lazy\" decoding=\"async\" class=\"alignleft wp-image-236\" src=\"https:\/\/www.mencare.org\/wp-content\/uploads\/2015\/04\/Postal_-_Evoluo_da_paternidade_em_PT_small.jpg\" alt=\"Postal_-_Evoluo_da_paternidade_em_PT_small\" width=\"400\" height=\"250\" srcset=\"https:\/\/www.mencare.org\/wp-content\/uploads\/2015\/04\/Postal_-_Evoluo_da_paternidade_em_PT_small.jpg 600w, https:\/\/www.mencare.org\/wp-content\/uploads\/2015\/04\/Postal_-_Evoluo_da_paternidade_em_PT_small-300x188.jpg 300w, https:\/\/www.mencare.org\/wp-content\/uploads\/2015\/04\/Postal_-_Evoluo_da_paternidade_em_PT_small-400x250.jpg 400w\" sizes=\"auto, (max-width: 400px) 100vw, 400px\" \/>El 19 de marzo, que es el D\u00eda del Padre en Portugal, <a href=\"https:\/\/www.equimundo.org\/\" target=\"_blank\">Equimundo-Europa<\/a> lanz\u00f3 una nueva campa\u00f1a MenCare en Portugal llamada \u201c<a href=\"http:\/\/www.eusoupai.pt\/\" target=\"_blank\">Yo soy el que paga<\/a>\u201d (en espa\u00f1ol, \u201csoy padre\u201d). Para el lanzamiento de la campa\u00f1a, MenCare Portugal distribuy\u00f3 postales sobre paternidad activa en centros de salud, maternidades y hospitales pedi\u00e1tricos en Coimbra, Portugal. Cada postal incluye una ilustraci\u00f3n y una infograf\u00eda que comparten informaci\u00f3n \u00fatil sobre la legislaci\u00f3n sobre licencia parental y los beneficios de la paternidad involucrada. Estas postales, que tambi\u00e9n se pueden usar como marcap\u00e1ginas, pronto estar\u00e1n disponibles en todo el pa\u00eds. MenCare Portugal comenzar\u00e1 a adaptar la <a href=\"\/es\/resources\/program-p-2\/\">Programa P<\/a> Manual de formaci\u00f3n para la paternidad en abril.<\/p>\n<p>Obtenga m\u00e1s informaci\u00f3n visitando el sitio web de la campa\u00f1a en <a href=\"http:\/\/www.eusoupai.pt\/\" target=\"_blank\">www.eusoupai.pt<\/a>.<\/p>","protected":false},"excerpt":{"rendered":"<p>On March 19, which is Father\u2019s Day in Portugal, Equimundo-Europe launched a new MenCare campaign in Portugal called &#8220;Eu sou pai&#8221; (in English, &#8220;I am a father&#8221;). <\/p>","protected":false},"author":7,"featured_media":236,"comment_status":"open","ping_status":"open","sticky":false,"template":"","format":"standard","meta":{"footnotes":""},"categories":[1],"tags":[82,109,206,212],"class_list":["post-235","post","type-post","status-publish","format-standard","has-post-thumbnail","hentry","category-uncategorized","tag-europe-and-central-asia","tag-health-centers","tag-portugal","tag-program-p","countries-portugal"],"acf":[],"yoast_head":"<!-- This site is optimized with the Yoast SEO plugin v25.9 - https:\/\/yoast.com\/wordpress\/plugins\/seo\/ -->\n<title>Portugal launches country&#039;s first MenCare campaign on Father&#039;s Day - MenCare<\/title>\n<meta name=\"robots\" content=\"index, follow, max-snippet:-1, max-image-preview:large, max-video-preview:-1\" \/>\n<link rel=\"canonical\" href=\"https:\/\/www.mencare.org\/es\/portugal-launches-countrys-first-mencare-campaign-on-fathers-day\/\" \/>\n<meta property=\"og:locale\" content=\"es_MX\" \/>\n<meta property=\"og:type\" content=\"article\" \/>\n<meta property=\"og:title\" content=\"Portugal launches country&#039;s first MenCare campaign on Father&#039;s Day - MenCare\" \/>\n<meta property=\"og:description\" content=\"On March 19, which is Father\u2019s Day in Portugal, Equimundo-Europe launched a new MenCare campaign in Portugal called &quot;Eu sou pai&quot; (in English, &quot;I am a father&quot;).\" \/>\n<meta property=\"og:url\" content=\"https:\/\/www.mencare.org\/es\/portugal-launches-countrys-first-mencare-campaign-on-fathers-day\/\" \/>\n<meta property=\"og:site_name\" content=\"MenCare\" \/>\n<meta property=\"article:published_time\" content=\"2015-04-01T00:00:29+00:00\" \/>\n<meta property=\"og:image\" content=\"https:\/\/www.mencare.org\/wp-content\/uploads\/2015\/04\/Postal_-_Evoluo_da_paternidade_em_PT_small.jpg\" \/>\n\t<meta property=\"og:image:width\" content=\"600\" \/>\n\t<meta property=\"og:image:height\" content=\"375\" \/>\n\t<meta property=\"og:image:type\" content=\"image\/jpeg\" \/>\n<meta name=\"twitter:card\" content=\"summary_large_image\" \/>\n<meta name=\"twitter:label1\" content=\"Written by\" \/>\n\t<meta name=\"twitter:data1\" content=\"\" \/>\n\t<meta name=\"twitter:label2\" content=\"Est. reading time\" \/>\n\t<meta name=\"twitter:data2\" content=\"1 minute\" \/>\n<script type=\"application\/ld+json\" class=\"yoast-schema-graph\">{\"@context\":\"https:\/\/schema.org\",\"@graph\":[{\"@type\":\"WebPage\",\"@id\":\"https:\/\/www.mencare.org\/es\/portugal-launches-countrys-first-mencare-campaign-on-fathers-day\/\",\"url\":\"https:\/\/www.mencare.org\/es\/portugal-launches-countrys-first-mencare-campaign-on-fathers-day\/\",\"name\":\"Portugal launches country's first MenCare campaign on Father's Day - MenCare\",\"isPartOf\":{\"@id\":\"https:\/\/www.mencare.org\/#website\"},\"primaryImageOfPage\":{\"@id\":\"https:\/\/www.mencare.org\/es\/portugal-launches-countrys-first-mencare-campaign-on-fathers-day\/#primaryimage\"},\"image\":{\"@id\":\"https:\/\/www.mencare.org\/es\/portugal-launches-countrys-first-mencare-campaign-on-fathers-day\/#primaryimage\"},\"thumbnailUrl\":\"https:\/\/www.mencare.org\/wp-content\/uploads\/2015\/04\/Postal_-_Evoluo_da_paternidade_em_PT_small.jpg\",\"datePublished\":\"2015-04-01T00:00:29+00:00\",\"author\":{\"@id\":\"\"},\"breadcrumb\":{\"@id\":\"https:\/\/www.mencare.org\/es\/portugal-launches-countrys-first-mencare-campaign-on-fathers-day\/#breadcrumb\"},\"inLanguage\":\"es-MX\",\"potentialAction\":[{\"@type\":\"ReadAction\",\"target\":[\"https:\/\/www.mencare.org\/es\/portugal-launches-countrys-first-mencare-campaign-on-fathers-day\/\"]}]},{\"@type\":\"ImageObject\",\"inLanguage\":\"es-MX\",\"@id\":\"https:\/\/www.mencare.org\/es\/portugal-launches-countrys-first-mencare-campaign-on-fathers-day\/#primaryimage\",\"url\":\"https:\/\/www.mencare.org\/wp-content\/uploads\/2015\/04\/Postal_-_Evoluo_da_paternidade_em_PT_small.jpg\",\"contentUrl\":\"https:\/\/www.mencare.org\/wp-content\/uploads\/2015\/04\/Postal_-_Evoluo_da_paternidade_em_PT_small.jpg\",\"width\":600,\"height\":375,\"caption\":\"A postcard from Portugal's \\\"Eu sou pai\\\" (I am a Father) campaign.\"},{\"@type\":\"BreadcrumbList\",\"@id\":\"https:\/\/www.mencare.org\/es\/portugal-launches-countrys-first-mencare-campaign-on-fathers-day\/#breadcrumb\",\"itemListElement\":[{\"@type\":\"ListItem\",\"position\":1,\"name\":\"Home\",\"item\":\"https:\/\/www.mencare.org\/\"},{\"@type\":\"ListItem\",\"position\":2,\"name\":\"Portugal launches country&#8217;s first MenCare campaign on Father&#8217;s Day\"}]},{\"@type\":\"WebSite\",\"@id\":\"https:\/\/www.mencare.org\/#website\",\"url\":\"https:\/\/www.mencare.org\/\",\"name\":\"MenCare\",\"description\":\"A Global Fatherhood Campaign\",\"potentialAction\":[{\"@type\":\"SearchAction\",\"target\":{\"@type\":\"EntryPoint\",\"urlTemplate\":\"https:\/\/www.mencare.org\/?s={search_term_string}\"},\"query-input\":{\"@type\":\"PropertyValueSpecification\",\"valueRequired\":true,\"valueName\":\"search_term_string\"}}],\"inLanguage\":\"es-MX\"},{\"@type\":\"Person\",\"@id\":\"\",\"url\":\"https:\/\/www.mencare.org\/es\/author\/\"}]}<\/script>\n<!-- \/ Yoast SEO plugin. -->","yoast_head_json":{"title":"Portugal launches country's first MenCare campaign on Father's Day - MenCare","robots":{"index":"index","follow":"follow","max-snippet":"max-snippet:-1","max-image-preview":"max-image-preview:large","max-video-preview":"max-video-preview:-1"},"canonical":"https:\/\/www.mencare.org\/es\/portugal-launches-countrys-first-mencare-campaign-on-fathers-day\/","og_locale":"es_MX","og_type":"article","og_title":"Portugal launches country's first MenCare campaign on Father's Day - MenCare","og_description":"On March 19, which is Father\u2019s Day in Portugal, Equimundo-Europe launched a new MenCare campaign in Portugal called \"Eu sou pai\" (in English, \"I am a father\").","og_url":"https:\/\/www.mencare.org\/es\/portugal-launches-countrys-first-mencare-campaign-on-fathers-day\/","og_site_name":"MenCare","article_published_time":"2015-04-01T00:00:29+00:00","og_image":[{"width":600,"height":375,"url":"https:\/\/www.mencare.org\/wp-content\/uploads\/2015\/04\/Postal_-_Evoluo_da_paternidade_em_PT_small.jpg","type":"image\/jpeg"}],"twitter_card":"summary_large_image","twitter_misc":{"Written by":"","Est. reading time":"1 minute"},"schema":{"@context":"https:\/\/schema.org","@graph":[{"@type":"WebPage","@id":"https:\/\/www.mencare.org\/es\/portugal-launches-countrys-first-mencare-campaign-on-fathers-day\/","url":"https:\/\/www.mencare.org\/es\/portugal-launches-countrys-first-mencare-campaign-on-fathers-day\/","name":"Portugal launches country's first MenCare campaign on Father's Day - MenCare","isPartOf":{"@id":"https:\/\/www.mencare.org\/#website"},"primaryImageOfPage":{"@id":"https:\/\/www.mencare.org\/es\/portugal-launches-countrys-first-mencare-campaign-on-fathers-day\/#primaryimage"},"image":{"@id":"https:\/\/www.mencare.org\/es\/portugal-launches-countrys-first-mencare-campaign-on-fathers-day\/#primaryimage"},"thumbnailUrl":"https:\/\/www.mencare.org\/wp-content\/uploads\/2015\/04\/Postal_-_Evoluo_da_paternidade_em_PT_small.jpg","datePublished":"2015-04-01T00:00:29+00:00","author":{"@id":""},"breadcrumb":{"@id":"https:\/\/www.mencare.org\/es\/portugal-launches-countrys-first-mencare-campaign-on-fathers-day\/#breadcrumb"},"inLanguage":"es-MX","potentialAction":[{"@type":"ReadAction","target":["https:\/\/www.mencare.org\/es\/portugal-launches-countrys-first-mencare-campaign-on-fathers-day\/"]}]},{"@type":"ImageObject","inLanguage":"es-MX","@id":"https:\/\/www.mencare.org\/es\/portugal-launches-countrys-first-mencare-campaign-on-fathers-day\/#primaryimage","url":"https:\/\/www.mencare.org\/wp-content\/uploads\/2015\/04\/Postal_-_Evoluo_da_paternidade_em_PT_small.jpg","contentUrl":"https:\/\/www.mencare.org\/wp-content\/uploads\/2015\/04\/Postal_-_Evoluo_da_paternidade_em_PT_small.jpg","width":600,"height":375,"caption":"A postcard from Portugal's \"Eu sou pai\" (I am a Father) campaign."},{"@type":"BreadcrumbList","@id":"https:\/\/www.mencare.org\/es\/portugal-launches-countrys-first-mencare-campaign-on-fathers-day\/#breadcrumb","itemListElement":[{"@type":"ListItem","position":1,"name":"Home","item":"https:\/\/www.mencare.org\/"},{"@type":"ListItem","position":2,"name":"Portugal launches country&#8217;s first MenCare campaign on Father&#8217;s Day"}]},{"@type":"WebSite","@id":"https:\/\/www.mencare.org\/#website","url":"https:\/\/www.mencare.org\/","name":"Cuidado de los hombres","description":"Una campa\u00f1a mundial por la paternidad","potentialAction":[{"@type":"SearchAction","target":{"@type":"EntryPoint","urlTemplate":"https:\/\/www.mencare.org\/?s={search_term_string}"},"query-input":{"@type":"PropertyValueSpecification","valueRequired":true,"valueName":"search_term_string"}}],"inLanguage":"es-MX"},{"@type":"Person","@id":"","url":"https:\/\/www.mencare.org\/es\/author\/"}]}},"_links":{"self":[{"href":"https:\/\/www.mencare.org\/es\/wp-json\/wp\/v2\/posts\/235","targetHints":{"allow":["GET"]}}],"collection":[{"href":"https:\/\/www.mencare.org\/es\/wp-json\/wp\/v2\/posts"}],"about":[{"href":"https:\/\/www.mencare.org\/es\/wp-json\/wp\/v2\/types\/post"}],"author":[{"embeddable":true,"href":"https:\/\/www.mencare.org\/es\/wp-json\/wp\/v2\/users\/7"}],"replies":[{"embeddable":true,"href":"https:\/\/www.mencare.org\/es\/wp-json\/wp\/v2\/comments?post=235"}],"version-history":[{"count":0,"href":"https:\/\/www.mencare.org\/es\/wp-json\/wp\/v2\/posts\/235\/revisions"}],"wp:featuredmedia":[{"embeddable":true,"href":"https:\/\/www.mencare.org\/es\/wp-json\/wp\/v2\/media\/236"}],"wp:attachment":[{"href":"https:\/\/www.mencare.org\/es\/wp-json\/wp\/v2\/media?parent=235"}],"wp:term":[{"taxonomy":"category","embeddable":true,"href":"https:\/\/www.mencare.org\/es\/wp-json\/wp\/v2\/categories?post=235"},{"taxonomy":"post_tag","embeddable":true,"href":"https:\/\/www.mencare.org\/es\/wp-json\/wp\/v2\/tags?post=235"}],"curies":[{"name":"wp","href":"https:\/\/api.w.org\/{rel}","templated":true}]}}