{"id":321,"date":"2014-12-01T00:00:29","date_gmt":"2014-12-01T00:00:29","guid":{"rendered":"https:\/\/www.mencare.org\/?p=321"},"modified":"2014-12-01T00:00:29","modified_gmt":"2014-12-01T00:00:29","slug":"at-the-menengage-global-symposium-mencare-discusses-global-advocacy-for-involved-fatherhood","status":"publish","type":"post","link":"https:\/\/www.mencare.org\/es\/at-the-menengage-global-symposium-mencare-discusses-global-advocacy-for-involved-fatherhood\/","title":{"rendered":"En el Simposio Global MenEngage, MenCare analiza la defensa global de la paternidad comprometida"},"content":{"rendered":"<div class=\"radius-fix\"><img loading=\"lazy\" decoding=\"async\" class=\"wp-image-323\" src=\"https:\/\/www.mencare.org\/wp-content\/uploads\/2015\/04\/SOWF-Advocacy-Symposium-1024x440.jpg\" alt=\"SOWF-Advocacy-Symposium\" width=\"937\" height=\"403\" srcset=\"https:\/\/www.mencare.org\/wp-content\/uploads\/2015\/04\/SOWF-Advocacy-Symposium-1024x440.jpg 1024w, https:\/\/www.mencare.org\/wp-content\/uploads\/2015\/04\/SOWF-Advocacy-Symposium-300x129.jpg 300w, https:\/\/www.mencare.org\/wp-content\/uploads\/2015\/04\/SOWF-Advocacy-Symposium.jpg 1200w\" sizes=\"auto, (max-width: 937px) 100vw, 937px\" \/><\/div>\n<p>El 10 de noviembre de 2014, primer d\u00eda de la <a href=\"http:\/\/www.menengagedilli2014.net\/\" target=\"_blank\">Simposio mundial de MenEngage<\/a> En Nueva Delhi, India, MenCare celebr\u00f3 un taller de promoci\u00f3n de un d\u00eda de duraci\u00f3n sobre el pr\u00f3ximo lanzamiento de la campa\u00f1a. <em><a href=\"\/es\/what-we-do\/advocacy\/state-of-the-worlds-fathers\/\" target=\"_blank\">Estado de los padres del mundo<\/a><\/em> Informe. M\u00e1s de 60 personas asistieron al taller, en el que se debatieron formas de utilizar el informe como herramienta para la promoci\u00f3n de pol\u00edticas, medios de comunicaci\u00f3n y comunidades en torno a la paternidad comprometida y el cuidado de los hijos en todo el mundo.<\/p>\n<p>Cuatro de cada cinco hombres ser\u00e1n padres en alg\u00fan momento de su vida, y pr\u00e1cticamente todos ellos tienen alg\u00fan tipo de relaci\u00f3n con sus hijos y otras personas en las relaciones de cuidado. Sin embargo, la participaci\u00f3n de los hombres en el cuidado de otras personas rara vez ha formado parte de los esfuerzos mundiales por promover la igualdad de g\u00e9nero y prevenir la violencia.<\/p>\n<p>La campa\u00f1a MenCare lanzar\u00e1 la primera <em>Estado de los padres del mundo<\/em> Informe de junio de 2015, en el que se destacan investigaciones, datos, pol\u00edticas y programas de todo el mundo relacionados con la participaci\u00f3n de los hombres en el cuidado y la paternidad. En \u00e9l se define una agenda mundial de promoci\u00f3n para la participaci\u00f3n de los hombres y los ni\u00f1os en el cuidado como parte de la soluci\u00f3n para lograr la igualdad de g\u00e9nero y otros resultados positivos para las mujeres, los ni\u00f1os y los propios hombres.<\/p>\n<p>El taller en Nueva Delhi incluy\u00f3 una introducci\u00f3n a la <em>Estado de los padres del mundo<\/em> Informe y sus objetivos, una descripci\u00f3n general de las estrategias de promoci\u00f3n y de los medios de comunicaci\u00f3n, y presentaciones sobre campa\u00f1as de promoci\u00f3n relacionadas con la paternidad y el cuidado de los hijos. El evento tambi\u00e9n permiti\u00f3 a los participantes aportar sus opiniones sobre las pol\u00edticas solicitadas, e incluy\u00f3 un debate sobre c\u00f3mo el informe ser\u00eda m\u00e1s \u00fatil para sus esfuerzos de promoci\u00f3n espec\u00edficos.<\/p>\n<p>Utilizando datos globales sobre la participaci\u00f3n de los hombres en el cuidado y la salud materna e infantil, y sobre las conexiones entre la paternidad y la violencia, el informe pretende proporcionar la base para iniciativas sociales, pol\u00edticas y de atenci\u00f3n de la salud concentradas; un cambio institucional amplio; y una conciencia p\u00fablica para lograr una transformaci\u00f3n hacia una paternidad equitativa y comprometida.<\/p>\n<p>Para obtener m\u00e1s informaci\u00f3n sobre el informe o contribuir con ideas, investigaciones o ejemplos de programas, comun\u00edquese con el coordinador global de MenCare. <a href=\"mailto:r.levtov@equimundo.org.br\">Ruti Levtov<\/a>.<\/p>","protected":false},"excerpt":{"rendered":"<p>El 10 de noviembre de 2014, el primer d\u00eda del Simposio Global de MenEngage en Nueva Delhi, India, MenCare organiz\u00f3 un taller de promoci\u00f3n de un d\u00eda de duraci\u00f3n en torno al pr\u00f3ximo informe de la campa\u00f1a Estado de los padres en el mundo. M\u00e1s de 60 personas asistieron al taller, en el que se debatieron formas de utilizar el informe como herramienta para la promoci\u00f3n de pol\u00edticas, medios de comunicaci\u00f3n y comunidades en torno a la paternidad comprometida y el cuidado de los hijos en todo el mundo.<\/p>","protected":false},"author":7,"featured_media":322,"comment_status":"open","ping_status":"open","sticky":false,"template":"","format":"standard","meta":{"footnotes":""},"categories":[1],"tags":[20,114,165,245],"class_list":["post-321","post","type-post","status-publish","format-standard","has-post-thumbnail","hentry","category-uncategorized","tag-asia-pacific","tag-india","tag-menengage-global-symposium","tag-state-of-the-worlds-fathers","countries-india","initiative-state-of-the-worlds-fathers"],"acf":[],"yoast_head":"<!-- This site is optimized with the Yoast SEO plugin v25.9 - https:\/\/yoast.com\/wordpress\/plugins\/seo\/ -->\n<title>At the MenEngage Global Symposium, MenCare discusses global advocacy for involved fatherhood - MenCare<\/title>\n<meta name=\"robots\" content=\"index, follow, max-snippet:-1, max-image-preview:large, max-video-preview:-1\" \/>\n<link rel=\"canonical\" href=\"https:\/\/www.mencare.org\/es\/at-the-menengage-global-symposium-mencare-discusses-global-advocacy-for-involved-fatherhood\/\" \/>\n<meta property=\"og:locale\" content=\"es_MX\" \/>\n<meta property=\"og:type\" content=\"article\" \/>\n<meta property=\"og:title\" content=\"At the MenEngage Global Symposium, MenCare discusses global advocacy for involved fatherhood - MenCare\" \/>\n<meta property=\"og:description\" content=\"On November 10, 2014, the first day of the MenEngage Global Symposium in New Delhi, India, MenCare held a daylong advocacy workshop around the campaign\u2019s forthcoming State of the World\u2019s Fathers report. More than 60 people attended the workshop, discussing ways to use the report as a tool for policy, media and community advocacy around involved fatherhood and caregiving worldwide.\" \/>\n<meta property=\"og:url\" content=\"https:\/\/www.mencare.org\/es\/at-the-menengage-global-symposium-mencare-discusses-global-advocacy-for-involved-fatherhood\/\" \/>\n<meta property=\"og:site_name\" content=\"MenCare\" \/>\n<meta property=\"article:published_time\" content=\"2014-12-01T00:00:29+00:00\" \/>\n<meta property=\"og:image\" content=\"https:\/\/www.mencare.org\/wp-content\/uploads\/2015\/04\/SOWF-Advocacy-Symposium-crop.jpg\" \/>\n\t<meta property=\"og:image:width\" content=\"826\" \/>\n\t<meta property=\"og:image:height\" content=\"516\" \/>\n\t<meta property=\"og:image:type\" content=\"image\/jpeg\" \/>\n<meta name=\"twitter:card\" content=\"summary_large_image\" \/>\n<meta name=\"twitter:label1\" content=\"Written by\" \/>\n\t<meta name=\"twitter:data1\" content=\"\" \/>\n\t<meta name=\"twitter:label2\" content=\"Est. reading time\" \/>\n\t<meta name=\"twitter:data2\" content=\"2 minutes\" \/>\n<script type=\"application\/ld+json\" class=\"yoast-schema-graph\">{\"@context\":\"https:\/\/schema.org\",\"@graph\":[{\"@type\":\"WebPage\",\"@id\":\"https:\/\/www.mencare.org\/at-the-menengage-global-symposium-mencare-discusses-global-advocacy-for-involved-fatherhood\/\",\"url\":\"https:\/\/www.mencare.org\/at-the-menengage-global-symposium-mencare-discusses-global-advocacy-for-involved-fatherhood\/\",\"name\":\"At the MenEngage Global Symposium, MenCare discusses global advocacy for involved fatherhood - MenCare\",\"isPartOf\":{\"@id\":\"https:\/\/www.mencare.org\/#website\"},\"primaryImageOfPage\":{\"@id\":\"https:\/\/www.mencare.org\/at-the-menengage-global-symposium-mencare-discusses-global-advocacy-for-involved-fatherhood\/#primaryimage\"},\"image\":{\"@id\":\"https:\/\/www.mencare.org\/at-the-menengage-global-symposium-mencare-discusses-global-advocacy-for-involved-fatherhood\/#primaryimage\"},\"thumbnailUrl\":\"https:\/\/www.mencare.org\/wp-content\/uploads\/2015\/04\/SOWF-Advocacy-Symposium-crop.jpg\",\"datePublished\":\"2014-12-01T00:00:29+00:00\",\"author\":{\"@id\":\"\"},\"breadcrumb\":{\"@id\":\"https:\/\/www.mencare.org\/at-the-menengage-global-symposium-mencare-discusses-global-advocacy-for-involved-fatherhood\/#breadcrumb\"},\"inLanguage\":\"es-MX\",\"potentialAction\":[{\"@type\":\"ReadAction\",\"target\":[\"https:\/\/www.mencare.org\/at-the-menengage-global-symposium-mencare-discusses-global-advocacy-for-involved-fatherhood\/\"]}]},{\"@type\":\"ImageObject\",\"inLanguage\":\"es-MX\",\"@id\":\"https:\/\/www.mencare.org\/at-the-menengage-global-symposium-mencare-discusses-global-advocacy-for-involved-fatherhood\/#primaryimage\",\"url\":\"https:\/\/www.mencare.org\/wp-content\/uploads\/2015\/04\/SOWF-Advocacy-Symposium-crop.jpg\",\"contentUrl\":\"https:\/\/www.mencare.org\/wp-content\/uploads\/2015\/04\/SOWF-Advocacy-Symposium-crop.jpg\",\"width\":826,\"height\":516,\"caption\":\"Speakers at the State of the World's Fathers advocacy workshop at the MenEngage Global Symposium in India, 2015.\"},{\"@type\":\"BreadcrumbList\",\"@id\":\"https:\/\/www.mencare.org\/at-the-menengage-global-symposium-mencare-discusses-global-advocacy-for-involved-fatherhood\/#breadcrumb\",\"itemListElement\":[{\"@type\":\"ListItem\",\"position\":1,\"name\":\"Home\",\"item\":\"https:\/\/www.mencare.org\/\"},{\"@type\":\"ListItem\",\"position\":2,\"name\":\"At the MenEngage Global Symposium, MenCare discusses global advocacy for involved fatherhood\"}]},{\"@type\":\"WebSite\",\"@id\":\"https:\/\/www.mencare.org\/#website\",\"url\":\"https:\/\/www.mencare.org\/\",\"name\":\"MenCare\",\"description\":\"A Global Fatherhood Campaign\",\"potentialAction\":[{\"@type\":\"SearchAction\",\"target\":{\"@type\":\"EntryPoint\",\"urlTemplate\":\"https:\/\/www.mencare.org\/?s={search_term_string}\"},\"query-input\":{\"@type\":\"PropertyValueSpecification\",\"valueRequired\":true,\"valueName\":\"search_term_string\"}}],\"inLanguage\":\"es-MX\"},{\"@type\":\"Person\",\"@id\":\"\",\"url\":\"https:\/\/www.mencare.org\/es\/author\/\"}]}<\/script>\n<!-- \/ Yoast SEO plugin. -->","yoast_head_json":{"title":"At the MenEngage Global Symposium, MenCare discusses global advocacy for involved fatherhood - MenCare","robots":{"index":"index","follow":"follow","max-snippet":"max-snippet:-1","max-image-preview":"max-image-preview:large","max-video-preview":"max-video-preview:-1"},"canonical":"https:\/\/www.mencare.org\/es\/at-the-menengage-global-symposium-mencare-discusses-global-advocacy-for-involved-fatherhood\/","og_locale":"es_MX","og_type":"article","og_title":"At the MenEngage Global Symposium, MenCare discusses global advocacy for involved fatherhood - MenCare","og_description":"On November 10, 2014, the first day of the MenEngage Global Symposium in New Delhi, India, MenCare held a daylong advocacy workshop around the campaign\u2019s forthcoming State of the World\u2019s Fathers report. More than 60 people attended the workshop, discussing ways to use the report as a tool for policy, media and community advocacy around involved fatherhood and caregiving worldwide.","og_url":"https:\/\/www.mencare.org\/es\/at-the-menengage-global-symposium-mencare-discusses-global-advocacy-for-involved-fatherhood\/","og_site_name":"MenCare","article_published_time":"2014-12-01T00:00:29+00:00","og_image":[{"width":826,"height":516,"url":"https:\/\/www.mencare.org\/wp-content\/uploads\/2015\/04\/SOWF-Advocacy-Symposium-crop.jpg","type":"image\/jpeg"}],"twitter_card":"summary_large_image","twitter_misc":{"Written by":"","Est. reading time":"2 minutes"},"schema":{"@context":"https:\/\/schema.org","@graph":[{"@type":"WebPage","@id":"https:\/\/www.mencare.org\/at-the-menengage-global-symposium-mencare-discusses-global-advocacy-for-involved-fatherhood\/","url":"https:\/\/www.mencare.org\/at-the-menengage-global-symposium-mencare-discusses-global-advocacy-for-involved-fatherhood\/","name":"At the MenEngage Global Symposium, MenCare discusses global advocacy for involved fatherhood - MenCare","isPartOf":{"@id":"https:\/\/www.mencare.org\/#website"},"primaryImageOfPage":{"@id":"https:\/\/www.mencare.org\/at-the-menengage-global-symposium-mencare-discusses-global-advocacy-for-involved-fatherhood\/#primaryimage"},"image":{"@id":"https:\/\/www.mencare.org\/at-the-menengage-global-symposium-mencare-discusses-global-advocacy-for-involved-fatherhood\/#primaryimage"},"thumbnailUrl":"https:\/\/www.mencare.org\/wp-content\/uploads\/2015\/04\/SOWF-Advocacy-Symposium-crop.jpg","datePublished":"2014-12-01T00:00:29+00:00","author":{"@id":""},"breadcrumb":{"@id":"https:\/\/www.mencare.org\/at-the-menengage-global-symposium-mencare-discusses-global-advocacy-for-involved-fatherhood\/#breadcrumb"},"inLanguage":"es-MX","potentialAction":[{"@type":"ReadAction","target":["https:\/\/www.mencare.org\/at-the-menengage-global-symposium-mencare-discusses-global-advocacy-for-involved-fatherhood\/"]}]},{"@type":"ImageObject","inLanguage":"es-MX","@id":"https:\/\/www.mencare.org\/at-the-menengage-global-symposium-mencare-discusses-global-advocacy-for-involved-fatherhood\/#primaryimage","url":"https:\/\/www.mencare.org\/wp-content\/uploads\/2015\/04\/SOWF-Advocacy-Symposium-crop.jpg","contentUrl":"https:\/\/www.mencare.org\/wp-content\/uploads\/2015\/04\/SOWF-Advocacy-Symposium-crop.jpg","width":826,"height":516,"caption":"Speakers at the State of the World's Fathers advocacy workshop at the MenEngage Global Symposium in India, 2015."},{"@type":"BreadcrumbList","@id":"https:\/\/www.mencare.org\/at-the-menengage-global-symposium-mencare-discusses-global-advocacy-for-involved-fatherhood\/#breadcrumb","itemListElement":[{"@type":"ListItem","position":1,"name":"Home","item":"https:\/\/www.mencare.org\/"},{"@type":"ListItem","position":2,"name":"At the MenEngage Global Symposium, MenCare discusses global advocacy for involved fatherhood"}]},{"@type":"WebSite","@id":"https:\/\/www.mencare.org\/#website","url":"https:\/\/www.mencare.org\/","name":"Cuidado de los hombres","description":"Una campa\u00f1a mundial por la paternidad","potentialAction":[{"@type":"SearchAction","target":{"@type":"EntryPoint","urlTemplate":"https:\/\/www.mencare.org\/?s={search_term_string}"},"query-input":{"@type":"PropertyValueSpecification","valueRequired":true,"valueName":"search_term_string"}}],"inLanguage":"es-MX"},{"@type":"Person","@id":"","url":"https:\/\/www.mencare.org\/es\/author\/"}]}},"_links":{"self":[{"href":"https:\/\/www.mencare.org\/es\/wp-json\/wp\/v2\/posts\/321","targetHints":{"allow":["GET"]}}],"collection":[{"href":"https:\/\/www.mencare.org\/es\/wp-json\/wp\/v2\/posts"}],"about":[{"href":"https:\/\/www.mencare.org\/es\/wp-json\/wp\/v2\/types\/post"}],"author":[{"embeddable":true,"href":"https:\/\/www.mencare.org\/es\/wp-json\/wp\/v2\/users\/7"}],"replies":[{"embeddable":true,"href":"https:\/\/www.mencare.org\/es\/wp-json\/wp\/v2\/comments?post=321"}],"version-history":[{"count":0,"href":"https:\/\/www.mencare.org\/es\/wp-json\/wp\/v2\/posts\/321\/revisions"}],"wp:featuredmedia":[{"embeddable":true,"href":"https:\/\/www.mencare.org\/es\/wp-json\/wp\/v2\/media\/322"}],"wp:attachment":[{"href":"https:\/\/www.mencare.org\/es\/wp-json\/wp\/v2\/media?parent=321"}],"wp:term":[{"taxonomy":"category","embeddable":true,"href":"https:\/\/www.mencare.org\/es\/wp-json\/wp\/v2\/categories?post=321"},{"taxonomy":"post_tag","embeddable":true,"href":"https:\/\/www.mencare.org\/es\/wp-json\/wp\/v2\/tags?post=321"}],"curies":[{"name":"wp","href":"https:\/\/api.w.org\/{rel}","templated":true}]}}