{"id":4477,"date":"2016-06-28T14:24:29","date_gmt":"2016-06-28T18:24:29","guid":{"rendered":"https:\/\/www.mencare.org\/?p=4477"},"modified":"2016-07-07T09:03:34","modified_gmt":"2016-07-07T13:03:34","slug":"mencare-switzerland-launch-swiss-dads-photo-exhibition","status":"publish","type":"post","link":"https:\/\/www.mencare.org\/es\/mencare-switzerland-launch-swiss-dads-photo-exhibition\/","title":{"rendered":"MenCare Suiza celebra su lanzamiento p\u00fablico y comparte la exposici\u00f3n fotogr\u00e1fica \u201cPap\u00e1s suizos\u201d"},"content":{"rendered":"<p><strong>Publicaci\u00f3n invitada de nuestros socios en <a href=\"http:\/\/www.maenner.chmasculinities.ch\/\">m\u00e4nner.ch\/masculinidades.ch<\/a><\/strong><\/p>\n<figure id=\"attachment_4478\" aria-describedby=\"caption-attachment-4478\" style=\"width: 1024px\" class=\"wp-caption alignnone\"><img loading=\"lazy\" decoding=\"async\" class=\"size-full wp-image-4478\" src=\"https:\/\/www.mencare.org\/wp-content\/uploads\/2016\/06\/MenCare-Switzerland-Launch-1.jpg\" alt=\"The ribbon-cutting ceremony at the MenCare Switzerland launch event.\" width=\"1024\" height=\"684\" srcset=\"https:\/\/www.mencare.org\/wp-content\/uploads\/2016\/06\/MenCare-Switzerland-Launch-1.jpg 1024w, https:\/\/www.mencare.org\/wp-content\/uploads\/2016\/06\/MenCare-Switzerland-Launch-1-300x200.jpg 300w, https:\/\/www.mencare.org\/wp-content\/uploads\/2016\/06\/MenCare-Switzerland-Launch-1-768x513.jpg 768w\" sizes=\"auto, (max-width: 1024px) 100vw, 1024px\" \/><figcaption id=\"caption-attachment-4478\" class=\"wp-caption-text\">La ceremonia de inauguraci\u00f3n del evento de lanzamiento de MenCare Suiza.<\/figcaption><\/figure>\n<h3>La campa\u00f1a MenCare se lanz\u00f3 oficialmente en Suiza el 30 de mayo. <a href=\"http:\/\/www.masculinities.ch\/\" target=\"_blank\">m\u00e4nner.ch\/masculinidades.ch<\/a> \u2013 la organizaci\u00f3n paraguas de grupos de hombres y padres que abogan por la igualdad de g\u00e9nero en Suiza \u2013 y la reci\u00e9n fundada <a href=\"http:\/\/www.simg.ch\/\" target=\"_blank\">Instituto Suizo para Asuntos de Hombres y G\u00e9nero<\/a> (SIMG) est\u00e1n coordinando el esfuerzo.<\/h3>\n<p>Las mujeres suizas no pudieron votar en las elecciones nacionales hasta 1971, lo que demuestra que el movimiento nacional hacia la igualdad de g\u00e9nero es relativamente reciente. No debe sorprender, entonces, que Suiza tambi\u00e9n haya tardado en llamar la atenci\u00f3n sobre el papel de los hombres en el trabajo de cuidados. Ning\u00fan pa\u00eds de Europa tiene una distribuci\u00f3n tan desigual del trabajo remunerado y no remunerado entre hombres y mujeres como Suiza. Y s\u00f3lo Albania e Irlanda se unen a Suiza en la lista de pa\u00edses europeos que se niegan a conceder a los hombres cualquier tipo de licencia parental, con lo que siguen reforzando el cuidado de los ni\u00f1os como \u201ctrabajo de mujeres\u201d.<\/p>\n<p>Los suizos trabajan unos 16.000 millones de horas al a\u00f1o, y m\u00e1s de la mitad de ellas no reciben remuneraci\u00f3n. De media, las mujeres suizas dedican 20,5 horas semanales al cuidado de los ni\u00f1os, mientras que los padres dedican una media de 13 horas. En el caso de los hombres, esta realidad est\u00e1 empezando a cambiar, pero de forma desconcertante. En los \u00faltimos diez a\u00f1os, el tiempo que los padres suizos dedican al cuidado de los ni\u00f1os y del hogar solo ha aumentado unas 2,5 horas semanales, pero las horas que dedican al trabajo remunerado se han mantenido pr\u00e1cticamente sin cambios: de cada 100 padres con ni\u00f1os peque\u00f1os, 89 siguen trabajando a tiempo completo. Al mismo tiempo, 90 de cada 100 hombres querr\u00edan reducir su jornada laboral y est\u00e1n dispuestos a aceptar recortes salariales para hacerlo.<\/p>\n<h2>MenCare Suiza: un esfuerzo nacional para cambiar corazones y mentes<\/h2>\n<p>En v\u00edsperas del d\u00e9cimo D\u00eda del Padre en Suiza, y tras dos a\u00f1os de trabajo preparatorio, <a href=\"http:\/\/www.mencare.swiss\/en\" target=\"_blank\">MenCare Suiza<\/a> Lanzado p\u00fablicamente el 30 de mayo de 2016. <a href=\"http:\/\/www.masculinities.ch\/\" target=\"_blank\">m\u00e4nner.ch\/masculinidades.ch<\/a> \u2013 la organizaci\u00f3n paraguas de grupos de hombres y padres que abogan por la igualdad de g\u00e9nero en Suiza \u2013 y la reci\u00e9n fundada <a href=\"http:\/\/www.simg.ch\/\" target=\"_blank\">Instituto Suizo para Asuntos de Hombres y G\u00e9nero<\/a> (SIMG) est\u00e1 coordinando el esfuerzo. Para celebrar este paso, el equipo de MenCare Suiza invit\u00f3 a representantes de m\u00e4nner.ch\/masculinities.ch, personalidades y miembros del p\u00fablico a unirse a la celebraci\u00f3n del lanzamiento en la instituci\u00f3n cultural Generationenhaus, en la ciudad capital de Berna.<\/p>\n<figure id=\"attachment_4479\" aria-describedby=\"caption-attachment-4479\" style=\"width: 1024px\" class=\"wp-caption alignnone\"><img loading=\"lazy\" decoding=\"async\" class=\"size-full wp-image-4479\" src=\"https:\/\/www.mencare.org\/wp-content\/uploads\/2016\/06\/MenCare-Switzerland-Launch-2.jpg\" alt=\"Markus Gygli, President of m\u00e4nner.ch\/masculinities.ch, addresses guests at the launch event.\" width=\"1024\" height=\"684\" srcset=\"https:\/\/www.mencare.org\/wp-content\/uploads\/2016\/06\/MenCare-Switzerland-Launch-2.jpg 1024w, https:\/\/www.mencare.org\/wp-content\/uploads\/2016\/06\/MenCare-Switzerland-Launch-2-300x200.jpg 300w, https:\/\/www.mencare.org\/wp-content\/uploads\/2016\/06\/MenCare-Switzerland-Launch-2-768x513.jpg 768w\" sizes=\"auto, (max-width: 1024px) 100vw, 1024px\" \/><figcaption id=\"caption-attachment-4479\" class=\"wp-caption-text\">Markus Gygli, presidente de m\u00e4nner.ch\/masculinities.ch, se dirige a los invitados en el evento de lanzamiento.<\/figcaption><\/figure>\n<p>MenCare Suiza se basa en la convicci\u00f3n de que la distribuci\u00f3n equitativa de los beneficios y las cargas entre los g\u00e9neros implica dividir por igual la responsabilidad del trabajo remunerado y el no remunerado. Esto significa que las mujeres deben desempe\u00f1ar un papel m\u00e1s importante en el empleo remunerado y los hombres deben realizar m\u00e1s trabajo de cuidados. Para lograrlo, MenCare Suiza impulsar\u00e1 un debate sobre los valores sociales y una posterior transformaci\u00f3n de estos valores.<\/p>\n<p>Los socios de MenCare Suiza destacan que la iniciativa es m\u00e1s que una campa\u00f1a; es un programa nacional con varios componentes. Si bien la comunicaci\u00f3n y el trabajo con los medios son cruciales, MenCare Suiza tambi\u00e9n tiene 22 proyectos activos actualmente en implementaci\u00f3n o desarrollo. Estos proyectos se dividen en cinco componentes del programa: (1) Fundamentos (es decir, investigaci\u00f3n y mejores pr\u00e1cticas para el proceso de investigaci\u00f3n a la pr\u00e1ctica); (2) Asuntos p\u00fablicos; (3) Pol\u00edtica; (4) Instituciones y empresas; y (5) Entornos sociales \u00edntimos. En todos los proyectos, MenCare Suiza est\u00e1 adoptando un enfoque colaborativo: el dise\u00f1o del proyecto se realiza junto con agentes de cambio cruciales de cada campo.<\/p>\n<p>En Suiza, las fronteras ling\u00fc\u00edsticas entre los distintos cantones pueden limitar la eficacia de los programas y las campa\u00f1as. Sin embargo, el programa nacional MenCare Suiza pretende tener un alcance verdaderamente nacional: se dirige a audiencias de habla alemana, francesa e italiana con el fin de generar un cambio de actitud duradero con respecto a la participaci\u00f3n de los padres y la contribuci\u00f3n de los hombres en la prestaci\u00f3n de cuidados.<\/p>\n<p>El apoyo financiero para MenCare Suiza proviene de cuatro grandes fundaciones, incluida la Fundaci\u00f3n Oak, as\u00ed como de fuentes federales y cantonales. Con una duraci\u00f3n prevista de 12 a\u00f1os, el programa busca transmitir que el cambio de actitudes sobre el cuidado de personas entre la poblaci\u00f3n en general no se producir\u00e1 de la noche a la ma\u00f1ana; este tipo de cambio lleva tiempo.<\/p>\n<h2>Exposici\u00f3n fotogr\u00e1fica <em>Pap\u00e1s suizos<\/em> Por Johan B\u00e4vman<\/h2>\n<p>Para promocionar el lanzamiento de MenCare Switzerland, m\u00e4nner.ch\/masculinities.ch encarg\u00f3 una serie de fotograf\u00edas al fot\u00f3grafo sueco Johan B\u00e4vman. Las fotograf\u00edas de padres con sus hijos suelen tener el aspecto de fotos de archivo de sonrisas y felicidad. Por ello, B\u00e4vman se pregunt\u00f3: \u00bfc\u00f3mo se pueden retratar las contribuciones de los hombres al cuidado de una manera real? El fot\u00f3grafo fue noticia a nivel internacional cuando present\u00f3 su serie <em>Pap\u00e1s suecos<\/em> El a\u00f1o pasado, B\u00e4vman muestra, a trav\u00e9s de un enfoque documental, la experiencia de los hombres que se adentran en el territorio del cuidado de los ni\u00f1os sin adornos. m\u00e4nner.ch\/masculinities.ch invit\u00f3 a B\u00e4vman a producir la serie. <a href=\"http:\/\/www.mencare.swiss\/en\/swiss-dads\" target=\"_blank\"><em>Pap\u00e1s suizos<\/em><\/a> documentar la vida de los hombres en Suiza de la misma manera.<\/p>\n<figure id=\"attachment_4480\" aria-describedby=\"caption-attachment-4480\" style=\"width: 1024px\" class=\"wp-caption alignnone\"><img loading=\"lazy\" decoding=\"async\" class=\"size-full wp-image-4480\" src=\"https:\/\/www.mencare.org\/wp-content\/uploads\/2016\/06\/MenCare-Switzerland-Launch-3.jpg\" alt=\"Visitors at the vernissage of the Swiss Dads photo exhibition by Johan B\u00e4vman.\" width=\"1024\" height=\"684\" srcset=\"https:\/\/www.mencare.org\/wp-content\/uploads\/2016\/06\/MenCare-Switzerland-Launch-3.jpg 1024w, https:\/\/www.mencare.org\/wp-content\/uploads\/2016\/06\/MenCare-Switzerland-Launch-3-300x200.jpg 300w, https:\/\/www.mencare.org\/wp-content\/uploads\/2016\/06\/MenCare-Switzerland-Launch-3-768x513.jpg 768w\" sizes=\"auto, (max-width: 1024px) 100vw, 1024px\" \/><figcaption id=\"caption-attachment-4480\" class=\"wp-caption-text\">Visitantes en la inauguraci\u00f3n de la <em>Pap\u00e1s suizos<\/em> Exposici\u00f3n fotogr\u00e1fica de Johan B\u00e4vman.<\/figcaption><\/figure>\n<p>El vernissage de la <em>Pap\u00e1s suizos<\/em> La exposici\u00f3n coincidi\u00f3 con el acto de lanzamiento de MenCare Suiza. Las fotograf\u00edas se exhibir\u00e1n del 30 de mayo al 29 de julio de 2016 en el Generationenhaus de Berna.<\/p>\n<h2>Plataforma web de MenCare Suiza<\/h2>\n<p>m\u00e4nner.ch\/masculinities.ch tambi\u00e9n ha creado una plataforma web para MenCare Suiza. El sitio web <a href=\"http:\/\/www.mencare.swiss\/en\" target=\"_blank\">cuidado de hombres.swiss<\/a> Se dirige a un p\u00fablico amplio y ofrece informaci\u00f3n sobre los temas que interesan a los hombres. Cada semana, el portal de noticias del sitio web se actualiza con art\u00edculos que examinan temas relevantes para el trabajo de MenCare, de una manera sencilla y pr\u00e1ctica.<\/p>\n<p>La informaci\u00f3n detallada sobre los distintos proyectos incluidos en el programa nacional de MenCare Suiza est\u00e1 disponible en <a href=\"http:\/\/www.mencare.swiss\/de\/mencare-mencare-0\" target=\"_blank\">Alem\u00e1n<\/a>, <a href=\"http:\/\/www.mencare.swiss\/en\/mencare-mencare-0\" target=\"_blank\">Ingl\u00e9s<\/a>, <a href=\"http:\/\/www.mencare.swiss\/fr\/mencare-mencare-0\" target=\"_blank\">Franc\u00e9s<\/a>, y <a href=\"http:\/\/www.mencare.swiss\/it\/mencare-mencare-0\" target=\"_blank\">italiano<\/a>. El <a href=\"http:\/\/www.mencare.swiss\/de\" target=\"_blank\">portal de noticias<\/a> Desde su lanzamiento p\u00fablico, el sitio incluye contenidos en alem\u00e1n. A partir del oto\u00f1o de 2016, se a\u00f1adir\u00e1n contribuciones en franc\u00e9s.<\/p>\n<p>m\u00e4nner.ch\/masculinities.ch tambi\u00e9n ha publicado la primera edici\u00f3n de su serie \u201cSwiss MenCare Report\u201d. El volumen 1, titulado \u201cPatria Suiza\u201d, analiza la situaci\u00f3n actual de los padres en Suiza. Un breve resumen del informe est\u00e1 disponible en <a href=\"http:\/\/www.mencare.swiss\/en\/fatherland-switzerland-a-brief-summary\" target=\"_blank\">Ingl\u00e9s<\/a>, <a href=\"http:\/\/www.mencare.swiss\/de\/alles-zur-medienkonferenz-1\" target=\"_blank\">Alem\u00e1n<\/a>, <a href=\"http:\/\/www.mencare.swiss\/fr\/patrie-suisse-lessentiel-en-bref\" target=\"_blank\">Franc\u00e9s<\/a>, y <a href=\"http:\/\/www.mencare.swiss\/it\/mencare-svizzera-rapporto-vol-1-vaterland-schweiz-lessenziale-in-breve\" target=\"_blank\">italiano<\/a>.<\/p>\n<p><em>Para obtener m\u00e1s informaci\u00f3n sobre MenCare Suiza:<\/em><\/p>\n<ul>\n<li>Lea el <a href=\"http:\/\/www.mencare.swiss\/en\/more-power-for-switzerland\" target=\"_blank\">presione soltar<\/a> sobre el lanzamiento de MenCare Suiza;<\/li>\n<li>Lea el <a href=\"http:\/\/www.mencare.swiss\/en\/fatherland-switzerland-a-brief-summary\" target=\"_blank\">Resumen breve<\/a> de la \u201cPatria Suiza\u201d;<\/li>\n<li>Ver el <a href=\"http:\/\/www.mencare.swiss\/en\/swiss-dads\" target=\"_blank\"><em>Pap\u00e1s suizos<\/em><\/a> serie fotogr\u00e1fica de Johan B\u00e4vman; y<\/li>\n<li>Ver impresiones visuales de la <a href=\"http:\/\/www.mencare.swiss\/en\/mencare-launch-celebration-photos\" target=\"_blank\">evento de lanzamiento\/vernissage<\/a> y correspondiente <a href=\"http:\/\/www.mencare.swiss\/en\/information-about-the-press-conference\" target=\"_blank\">conferencia de prensa<\/a>.<\/li>\n<\/ul>","protected":false},"excerpt":{"rendered":"<p>Publicaci\u00f3n invitada de nuestros socios de m\u00e4nner.ch\/masculinities.ch La campa\u00f1a MenCare se lanz\u00f3 oficialmente en Suiza el 30 de mayo. m\u00e4nner.ch\/masculinities.ch, la organizaci\u00f3n paraguas de grupos de hombres y padres que abogan por la igualdad de g\u00e9nero en Suiza, y el reci\u00e9n fundado Instituto Suizo para Asuntos de Hombres y G\u00e9nero (SIMG) est\u00e1n coordinando el esfuerzo. A las mujeres suizas no se les permiti\u00f3&nbsp;<a class=\"read-more-link\" href=\"https:\/\/www.mencare.org\/es\/mencare-switzerland-launch-swiss-dads-photo-exhibition\/\">\u2026<\/a><\/p>","protected":false},"author":178,"featured_media":4482,"comment_status":"open","ping_status":"open","sticky":false,"template":"","format":"standard","meta":{"footnotes":""},"categories":[1],"tags":[474,393,512,148,513,251],"class_list":["post-4477","post","type-post","status-publish","format-standard","has-post-thumbnail","hentry","category-uncategorized","tag-johan-bavman","tag-launch","tag-manner-ch","tag-masculinities-ch","tag-swiss-dads","tag-switzerland","countries-switzerland"],"acf":[],"yoast_head":"<!-- This site is optimized with the Yoast SEO plugin v25.9 - https:\/\/yoast.com\/wordpress\/plugins\/seo\/ -->\n<title>MenCare Switzerland celebrates public launch, shares &quot;Swiss Dads&quot;<\/title>\n<meta name=\"description\" content=\"The MenCare campaign launched publicly in Switzerland in May, coordinated by M\u00e4nner.ch\/masculinities.ch and Swiss Institute for Men and Gender Issues (SIMG)\" \/>\n<meta name=\"robots\" content=\"index, follow, max-snippet:-1, max-image-preview:large, max-video-preview:-1\" \/>\n<link rel=\"canonical\" href=\"https:\/\/www.mencare.org\/es\/mencare-switzerland-launch-swiss-dads-photo-exhibition\/\" \/>\n<meta property=\"og:locale\" content=\"es_MX\" \/>\n<meta property=\"og:type\" content=\"article\" \/>\n<meta property=\"og:title\" content=\"MenCare Switzerland celebrates public launch, shares &quot;Swiss Dads&quot;\" \/>\n<meta property=\"og:description\" content=\"The MenCare campaign launched publicly in Switzerland in May, coordinated by M\u00e4nner.ch\/masculinities.ch and Swiss Institute for Men and Gender Issues (SIMG)\" \/>\n<meta property=\"og:url\" content=\"https:\/\/www.mencare.org\/es\/mencare-switzerland-launch-swiss-dads-photo-exhibition\/\" \/>\n<meta property=\"og:site_name\" content=\"MenCare\" \/>\n<meta property=\"article:published_time\" content=\"2016-06-28T18:24:29+00:00\" \/>\n<meta property=\"article:modified_time\" content=\"2016-07-07T13:03:34+00:00\" \/>\n<meta property=\"og:image\" content=\"https:\/\/www.mencare.org\/wp-content\/uploads\/2016\/06\/MenCare-Switzerland-Launch-banner.jpg\" \/>\n\t<meta property=\"og:image:width\" content=\"1024\" \/>\n\t<meta property=\"og:image:height\" content=\"538\" \/>\n\t<meta property=\"og:image:type\" content=\"image\/jpeg\" \/>\n<meta name=\"author\" content=\"RadishLab\" \/>\n<meta name=\"twitter:card\" content=\"summary_large_image\" \/>\n<meta name=\"twitter:label1\" content=\"Written by\" \/>\n\t<meta name=\"twitter:data1\" content=\"RadishLab\" \/>\n\t<meta name=\"twitter:label2\" content=\"Est. reading time\" \/>\n\t<meta name=\"twitter:data2\" content=\"5 minutes\" \/>\n<script type=\"application\/ld+json\" class=\"yoast-schema-graph\">{\"@context\":\"https:\/\/schema.org\",\"@graph\":[{\"@type\":\"WebPage\",\"@id\":\"https:\/\/www.mencare.org\/es\/mencare-switzerland-launch-swiss-dads-photo-exhibition\/\",\"url\":\"https:\/\/www.mencare.org\/es\/mencare-switzerland-launch-swiss-dads-photo-exhibition\/\",\"name\":\"MenCare Switzerland celebrates public launch, shares \\\"Swiss Dads\\\"\",\"isPartOf\":{\"@id\":\"https:\/\/www.mencare.org\/#website\"},\"primaryImageOfPage\":{\"@id\":\"https:\/\/www.mencare.org\/es\/mencare-switzerland-launch-swiss-dads-photo-exhibition\/#primaryimage\"},\"image\":{\"@id\":\"https:\/\/www.mencare.org\/es\/mencare-switzerland-launch-swiss-dads-photo-exhibition\/#primaryimage\"},\"thumbnailUrl\":\"https:\/\/www.mencare.org\/wp-content\/uploads\/2016\/06\/MenCare-Switzerland-Launch-feature.jpg\",\"datePublished\":\"2016-06-28T18:24:29+00:00\",\"dateModified\":\"2016-07-07T13:03:34+00:00\",\"author\":{\"@id\":\"https:\/\/www.mencare.org\/#\/schema\/person\/b9fee429ac8580ed216def21e04b2819\"},\"description\":\"The MenCare campaign launched publicly in Switzerland in May, coordinated by M\u00e4nner.ch\/masculinities.ch and Swiss Institute for Men and Gender Issues (SIMG)\",\"breadcrumb\":{\"@id\":\"https:\/\/www.mencare.org\/es\/mencare-switzerland-launch-swiss-dads-photo-exhibition\/#breadcrumb\"},\"inLanguage\":\"es-MX\",\"potentialAction\":[{\"@type\":\"ReadAction\",\"target\":[\"https:\/\/www.mencare.org\/es\/mencare-switzerland-launch-swiss-dads-photo-exhibition\/\"]}]},{\"@type\":\"ImageObject\",\"inLanguage\":\"es-MX\",\"@id\":\"https:\/\/www.mencare.org\/es\/mencare-switzerland-launch-swiss-dads-photo-exhibition\/#primaryimage\",\"url\":\"https:\/\/www.mencare.org\/wp-content\/uploads\/2016\/06\/MenCare-Switzerland-Launch-feature.jpg\",\"contentUrl\":\"https:\/\/www.mencare.org\/wp-content\/uploads\/2016\/06\/MenCare-Switzerland-Launch-feature.jpg\",\"width\":550,\"height\":400,\"caption\":\"The ribbon-cutting ceremony at the MenCare Switzerland launch event.\"},{\"@type\":\"BreadcrumbList\",\"@id\":\"https:\/\/www.mencare.org\/es\/mencare-switzerland-launch-swiss-dads-photo-exhibition\/#breadcrumb\",\"itemListElement\":[{\"@type\":\"ListItem\",\"position\":1,\"name\":\"Home\",\"item\":\"https:\/\/www.mencare.org\/\"},{\"@type\":\"ListItem\",\"position\":2,\"name\":\"MenCare Switzerland celebrates its public launch and shares \u201cSwiss Dads\u201d photo exhibition\"}]},{\"@type\":\"WebSite\",\"@id\":\"https:\/\/www.mencare.org\/#website\",\"url\":\"https:\/\/www.mencare.org\/\",\"name\":\"MenCare\",\"description\":\"A Global Fatherhood Campaign\",\"potentialAction\":[{\"@type\":\"SearchAction\",\"target\":{\"@type\":\"EntryPoint\",\"urlTemplate\":\"https:\/\/www.mencare.org\/?s={search_term_string}\"},\"query-input\":{\"@type\":\"PropertyValueSpecification\",\"valueRequired\":true,\"valueName\":\"search_term_string\"}}],\"inLanguage\":\"es-MX\"},{\"@type\":\"Person\",\"@id\":\"https:\/\/www.mencare.org\/#\/schema\/person\/b9fee429ac8580ed216def21e04b2819\",\"name\":\"RadishLab\",\"image\":{\"@type\":\"ImageObject\",\"inLanguage\":\"es-MX\",\"@id\":\"https:\/\/www.mencare.org\/#\/schema\/person\/image\/\",\"url\":\"https:\/\/secure.gravatar.com\/avatar\/01a869e9508babcb1c66b6b41356b4ef63d5326e5b27c38b27ed4a46b8e36b9f?s=96&d=mm&r=g\",\"contentUrl\":\"https:\/\/secure.gravatar.com\/avatar\/01a869e9508babcb1c66b6b41356b4ef63d5326e5b27c38b27ed4a46b8e36b9f?s=96&d=mm&r=g\",\"caption\":\"RadishLab\"},\"url\":\"https:\/\/www.mencare.org\/es\/author\/radishlab\/\"}]}<\/script>\n<!-- \/ Yoast SEO plugin. -->","yoast_head_json":{"title":"MenCare Switzerland celebrates public launch, shares \"Swiss Dads\"","description":"The MenCare campaign launched publicly in Switzerland in May, coordinated by M\u00e4nner.ch\/masculinities.ch and Swiss Institute for Men and Gender Issues (SIMG)","robots":{"index":"index","follow":"follow","max-snippet":"max-snippet:-1","max-image-preview":"max-image-preview:large","max-video-preview":"max-video-preview:-1"},"canonical":"https:\/\/www.mencare.org\/es\/mencare-switzerland-launch-swiss-dads-photo-exhibition\/","og_locale":"es_MX","og_type":"article","og_title":"MenCare Switzerland celebrates public launch, shares \"Swiss Dads\"","og_description":"The MenCare campaign launched publicly in Switzerland in May, coordinated by M\u00e4nner.ch\/masculinities.ch and Swiss Institute for Men and Gender Issues (SIMG)","og_url":"https:\/\/www.mencare.org\/es\/mencare-switzerland-launch-swiss-dads-photo-exhibition\/","og_site_name":"MenCare","article_published_time":"2016-06-28T18:24:29+00:00","article_modified_time":"2016-07-07T13:03:34+00:00","og_image":[{"width":1024,"height":538,"url":"https:\/\/www.mencare.org\/wp-content\/uploads\/2016\/06\/MenCare-Switzerland-Launch-banner.jpg","type":"image\/jpeg"}],"author":"RadishLab","twitter_card":"summary_large_image","twitter_misc":{"Written by":"RadishLab","Est. reading time":"5 minutes"},"schema":{"@context":"https:\/\/schema.org","@graph":[{"@type":"WebPage","@id":"https:\/\/www.mencare.org\/es\/mencare-switzerland-launch-swiss-dads-photo-exhibition\/","url":"https:\/\/www.mencare.org\/es\/mencare-switzerland-launch-swiss-dads-photo-exhibition\/","name":"MenCare Switzerland celebrates public launch, shares \"Swiss Dads\"","isPartOf":{"@id":"https:\/\/www.mencare.org\/#website"},"primaryImageOfPage":{"@id":"https:\/\/www.mencare.org\/es\/mencare-switzerland-launch-swiss-dads-photo-exhibition\/#primaryimage"},"image":{"@id":"https:\/\/www.mencare.org\/es\/mencare-switzerland-launch-swiss-dads-photo-exhibition\/#primaryimage"},"thumbnailUrl":"https:\/\/www.mencare.org\/wp-content\/uploads\/2016\/06\/MenCare-Switzerland-Launch-feature.jpg","datePublished":"2016-06-28T18:24:29+00:00","dateModified":"2016-07-07T13:03:34+00:00","author":{"@id":"https:\/\/www.mencare.org\/#\/schema\/person\/b9fee429ac8580ed216def21e04b2819"},"description":"The MenCare campaign launched publicly in Switzerland in May, coordinated by M\u00e4nner.ch\/masculinities.ch and Swiss Institute for Men and Gender Issues (SIMG)","breadcrumb":{"@id":"https:\/\/www.mencare.org\/es\/mencare-switzerland-launch-swiss-dads-photo-exhibition\/#breadcrumb"},"inLanguage":"es-MX","potentialAction":[{"@type":"ReadAction","target":["https:\/\/www.mencare.org\/es\/mencare-switzerland-launch-swiss-dads-photo-exhibition\/"]}]},{"@type":"ImageObject","inLanguage":"es-MX","@id":"https:\/\/www.mencare.org\/es\/mencare-switzerland-launch-swiss-dads-photo-exhibition\/#primaryimage","url":"https:\/\/www.mencare.org\/wp-content\/uploads\/2016\/06\/MenCare-Switzerland-Launch-feature.jpg","contentUrl":"https:\/\/www.mencare.org\/wp-content\/uploads\/2016\/06\/MenCare-Switzerland-Launch-feature.jpg","width":550,"height":400,"caption":"The ribbon-cutting ceremony at the MenCare Switzerland launch event."},{"@type":"BreadcrumbList","@id":"https:\/\/www.mencare.org\/es\/mencare-switzerland-launch-swiss-dads-photo-exhibition\/#breadcrumb","itemListElement":[{"@type":"ListItem","position":1,"name":"Home","item":"https:\/\/www.mencare.org\/"},{"@type":"ListItem","position":2,"name":"MenCare Switzerland celebrates its public launch and shares \u201cSwiss Dads\u201d photo exhibition"}]},{"@type":"WebSite","@id":"https:\/\/www.mencare.org\/#website","url":"https:\/\/www.mencare.org\/","name":"Cuidado de los hombres","description":"Una campa\u00f1a mundial por la paternidad","potentialAction":[{"@type":"SearchAction","target":{"@type":"EntryPoint","urlTemplate":"https:\/\/www.mencare.org\/?s={search_term_string}"},"query-input":{"@type":"PropertyValueSpecification","valueRequired":true,"valueName":"search_term_string"}}],"inLanguage":"es-MX"},{"@type":"Person","@id":"https:\/\/www.mencare.org\/#\/schema\/person\/b9fee429ac8580ed216def21e04b2819","name":"RadishLab","image":{"@type":"ImageObject","inLanguage":"es-MX","@id":"https:\/\/www.mencare.org\/#\/schema\/person\/image\/","url":"https:\/\/secure.gravatar.com\/avatar\/01a869e9508babcb1c66b6b41356b4ef63d5326e5b27c38b27ed4a46b8e36b9f?s=96&d=mm&r=g","contentUrl":"https:\/\/secure.gravatar.com\/avatar\/01a869e9508babcb1c66b6b41356b4ef63d5326e5b27c38b27ed4a46b8e36b9f?s=96&d=mm&r=g","caption":"RadishLab"},"url":"https:\/\/www.mencare.org\/es\/author\/radishlab\/"}]}},"_links":{"self":[{"href":"https:\/\/www.mencare.org\/es\/wp-json\/wp\/v2\/posts\/4477","targetHints":{"allow":["GET"]}}],"collection":[{"href":"https:\/\/www.mencare.org\/es\/wp-json\/wp\/v2\/posts"}],"about":[{"href":"https:\/\/www.mencare.org\/es\/wp-json\/wp\/v2\/types\/post"}],"author":[{"embeddable":true,"href":"https:\/\/www.mencare.org\/es\/wp-json\/wp\/v2\/users\/178"}],"replies":[{"embeddable":true,"href":"https:\/\/www.mencare.org\/es\/wp-json\/wp\/v2\/comments?post=4477"}],"version-history":[{"count":9,"href":"https:\/\/www.mencare.org\/es\/wp-json\/wp\/v2\/posts\/4477\/revisions"}],"predecessor-version":[{"id":4565,"href":"https:\/\/www.mencare.org\/es\/wp-json\/wp\/v2\/posts\/4477\/revisions\/4565"}],"wp:featuredmedia":[{"embeddable":true,"href":"https:\/\/www.mencare.org\/es\/wp-json\/wp\/v2\/media\/4482"}],"wp:attachment":[{"href":"https:\/\/www.mencare.org\/es\/wp-json\/wp\/v2\/media?parent=4477"}],"wp:term":[{"taxonomy":"category","embeddable":true,"href":"https:\/\/www.mencare.org\/es\/wp-json\/wp\/v2\/categories?post=4477"},{"taxonomy":"post_tag","embeddable":true,"href":"https:\/\/www.mencare.org\/es\/wp-json\/wp\/v2\/tags?post=4477"}],"curies":[{"name":"wp","href":"https:\/\/api.w.org\/{rel}","templated":true}]}}