{"id":4789,"date":"2016-08-29T09:40:52","date_gmt":"2016-08-29T13:40:52","guid":{"rendered":"https:\/\/www.mencare.org\/?p=4789"},"modified":"2016-08-29T09:40:52","modified_gmt":"2016-08-29T13:40:52","slug":"mencare-partners-brazil-celebrate-fathers-month-august-research-advocacy","status":"publish","type":"post","link":"https:\/\/www.mencare.org\/es\/mencare-partners-brazil-celebrate-fathers-month-august-research-advocacy\/","title":{"rendered":"Socios de MenCare en Brasil celebran el Mes del Padre en agosto con investigaci\u00f3n y promoci\u00f3n"},"content":{"rendered":"<figure id=\"attachment_4792\" aria-describedby=\"caption-attachment-4792\" style=\"width: 400px\" class=\"wp-caption alignleft\"><img loading=\"lazy\" decoding=\"async\" class=\"wp-image-4792\" src=\"https:\/\/www.mencare.org\/wp-content\/uploads\/2016\/08\/Fathers-Day-Graphic-Brazil-original.jpg\" alt=\"Graphic from MenCare Brazil's Father's Month campaign in August 2016.\" width=\"400\" height=\"400\" srcset=\"https:\/\/www.mencare.org\/wp-content\/uploads\/2016\/08\/Fathers-Day-Graphic-Brazil-original.jpg 600w, https:\/\/www.mencare.org\/wp-content\/uploads\/2016\/08\/Fathers-Day-Graphic-Brazil-original-300x300.jpg 300w\" sizes=\"auto, (max-width: 400px) 100vw, 400px\" \/><figcaption id=\"caption-attachment-4792\" class=\"wp-caption-text\">Gr\u00e1fico del Mes del Padre que dice: \u201cLas mujeres realizan al menos 2,5 veces m\u00e1s trabajo dom\u00e9stico y de cuidados no remunerado que los hombres. Los hombres deben hacerse cargo de la parte que les corresponde de las tareas dom\u00e9sticas y del cuidado de los ni\u00f1os. En otras palabras, \u00a1la mitad!\u201d<\/figcaption><\/figure>\n<p>En Brasil, el D\u00eda del Padre se celebra cada a\u00f1o el segundo domingo de agosto. Este a\u00f1o, <a href=\"https:\/\/www.equimundo.org\/\" target=\"_blank\">Equimundo<\/a>, <a href=\"http:\/\/www.papai.org.br\/\" target=\"_blank\">Instituto Papai<\/a>y otros socios de MenCare en Brasil est\u00e1n utilizando todo el mes de agosto para llamar la atenci\u00f3n sobre la importancia de la participaci\u00f3n activa de los hombres en la paternidad y el cuidado.<\/p>\n<p>Las campa\u00f1as de MenCare en Brasil incluyen <a href=\"https:\/\/www.facebook.com\/Voc%C3%AA-%C3%A9-Meu-Pai-440540649298103\/\" target=\"_blank\"><em>T\u00fa eres mi Pai<\/em><\/a> (\u201cT\u00fa Eres Mi Padre\u201d, en espa\u00f1ol), que es la adaptaci\u00f3n brasile\u00f1a de la campa\u00f1a global MenCare, y <a href=\"https:\/\/www.facebook.com\/institutopapai\/\" target=\"_blank\"><em>Desde la licencia, yo soy el due\u00f1o<\/em><\/a> (\u201cDisculpe, soy padre\u201d, en ingl\u00e9s), que aboga por la ampliaci\u00f3n de la licencia de paternidad remunerada en Brasil. A lo largo del mes, ambas campa\u00f1as est\u00e1n utilizando las redes sociales para discutir los avances y desaf\u00edos relacionados con la ampliaci\u00f3n de la licencia de paternidad y otras pol\u00edticas que promueven el cuidado compartido en Brasil.<\/p>\n<p>Para cerrar el mes, los d\u00edas 30 y 31 de agosto, la Red Nacional de Primera Infancia de Brasil (<a href=\"http:\/\/primeirainfancia.org.br\/\" target=\"_blank\"><em>Red Nacional Primeira Inf\u00e2ncia<\/em><\/a>, en portugu\u00e9s, o RNPI) realizar\u00e1 su Segundo Seminario Nacional sobre Crianza y Primera Infancia, que contar\u00e1 con el lanzamiento del <em>Estado de los Padres de Brasil<\/em> informe.<\/p>","protected":false},"excerpt":{"rendered":"<p>En Brasil, el D\u00eda del Padre se celebra cada a\u00f1o el segundo domingo de agosto. Este a\u00f1o, Equimundo, Instituto Papai y otros socios de MenCare en Brasil est\u00e1n utilizando todo el mes de agosto para llamar la atenci\u00f3n sobre la importancia de la participaci\u00f3n activa de los hombres en la paternidad y el cuidado de los hijos. Las campa\u00f1as de MenCare en Brasil incluyen Voc\u00ea \u00e9 meu Pai (\u201cT\u00fa eres mi padre\u201d).&nbsp;<a class=\"read-more-link\" href=\"https:\/\/www.mencare.org\/es\/mencare-partners-brazil-celebrate-fathers-month-august-research-advocacy\/\">\u2026<\/a><\/p>","protected":false},"author":178,"featured_media":4791,"comment_status":"open","ping_status":"open","sticky":false,"template":"","format":"standard","meta":{"footnotes":""},"categories":[1],"tags":[37,540,213,90,538,397,481,539],"class_list":["post-4789","post","type-post","status-publish","format-standard","has-post-thumbnail","hentry","category-uncategorized","tag-brazil","tag-da-licenca-eu-sou-pai","tag-equimundo","tag-fathers-day","tag-fathers-month","tag-instituto-papai","tag-rede-nacional-primeira-infancia","tag-voce-e-meu-pai","countries-brazil","initiative-mencare","initiative-the-case-for-parental-leave"],"acf":[],"yoast_head":"<!-- This site is optimized with the Yoast SEO plugin v25.9 - https:\/\/yoast.com\/wordpress\/plugins\/seo\/ -->\n<title>MenCare partners in Brazil celebrate Father\u2019s Month in August - MenCare<\/title>\n<meta name=\"description\" content=\"Equimundo, Instituto Papai and other Brazilian MenCare partners are highlighting the importance of men\u2019s engagement in fatherhood and caregiving in Aug. 2016\" \/>\n<meta name=\"robots\" content=\"index, follow, max-snippet:-1, max-image-preview:large, max-video-preview:-1\" \/>\n<link rel=\"canonical\" href=\"https:\/\/www.mencare.org\/es\/mencare-partners-brazil-celebrate-fathers-month-august-research-advocacy\/\" \/>\n<meta property=\"og:locale\" content=\"es_MX\" \/>\n<meta property=\"og:type\" content=\"article\" \/>\n<meta property=\"og:title\" content=\"MenCare partners in Brazil celebrate Father\u2019s Month in August - MenCare\" \/>\n<meta property=\"og:description\" content=\"Equimundo, Instituto Papai and other Brazilian MenCare partners are highlighting the importance of men\u2019s engagement in fatherhood and caregiving in Aug. 2016\" \/>\n<meta property=\"og:url\" content=\"https:\/\/www.mencare.org\/es\/mencare-partners-brazil-celebrate-fathers-month-august-research-advocacy\/\" \/>\n<meta property=\"og:site_name\" content=\"MenCare\" \/>\n<meta property=\"article:published_time\" content=\"2016-08-29T13:40:52+00:00\" \/>\n<meta property=\"og:image\" content=\"https:\/\/www.mencare.org\/wp-content\/uploads\/2016\/08\/Fathers-Day-Graphic-Brazil-banner.jpg\" \/>\n\t<meta property=\"og:image:width\" content=\"1200\" \/>\n\t<meta property=\"og:image:height\" content=\"630\" \/>\n\t<meta property=\"og:image:type\" content=\"image\/jpeg\" \/>\n<meta name=\"author\" content=\"RadishLab\" \/>\n<meta name=\"twitter:card\" content=\"summary_large_image\" \/>\n<meta name=\"twitter:label1\" content=\"Written by\" \/>\n\t<meta name=\"twitter:data1\" content=\"RadishLab\" \/>\n\t<meta name=\"twitter:label2\" content=\"Est. reading time\" \/>\n\t<meta name=\"twitter:data2\" content=\"1 minute\" \/>\n<script type=\"application\/ld+json\" class=\"yoast-schema-graph\">{\"@context\":\"https:\/\/schema.org\",\"@graph\":[{\"@type\":\"WebPage\",\"@id\":\"https:\/\/www.mencare.org\/es\/mencare-partners-brazil-celebrate-fathers-month-august-research-advocacy\/\",\"url\":\"https:\/\/www.mencare.org\/es\/mencare-partners-brazil-celebrate-fathers-month-august-research-advocacy\/\",\"name\":\"MenCare partners in Brazil celebrate Father\u2019s Month in August - MenCare\",\"isPartOf\":{\"@id\":\"https:\/\/www.mencare.org\/#website\"},\"primaryImageOfPage\":{\"@id\":\"https:\/\/www.mencare.org\/es\/mencare-partners-brazil-celebrate-fathers-month-august-research-advocacy\/#primaryimage\"},\"image\":{\"@id\":\"https:\/\/www.mencare.org\/es\/mencare-partners-brazil-celebrate-fathers-month-august-research-advocacy\/#primaryimage\"},\"thumbnailUrl\":\"https:\/\/www.mencare.org\/wp-content\/uploads\/2016\/08\/Fathers-Day-Graphic-Brazil-feature.jpg\",\"datePublished\":\"2016-08-29T13:40:52+00:00\",\"author\":{\"@id\":\"https:\/\/www.mencare.org\/#\/schema\/person\/b9fee429ac8580ed216def21e04b2819\"},\"description\":\"Equimundo, Instituto Papai and other Brazilian MenCare partners are highlighting the importance of men\u2019s engagement in fatherhood and caregiving in Aug. 2016\",\"breadcrumb\":{\"@id\":\"https:\/\/www.mencare.org\/es\/mencare-partners-brazil-celebrate-fathers-month-august-research-advocacy\/#breadcrumb\"},\"inLanguage\":\"es-MX\",\"potentialAction\":[{\"@type\":\"ReadAction\",\"target\":[\"https:\/\/www.mencare.org\/es\/mencare-partners-brazil-celebrate-fathers-month-august-research-advocacy\/\"]}]},{\"@type\":\"ImageObject\",\"inLanguage\":\"es-MX\",\"@id\":\"https:\/\/www.mencare.org\/es\/mencare-partners-brazil-celebrate-fathers-month-august-research-advocacy\/#primaryimage\",\"url\":\"https:\/\/www.mencare.org\/wp-content\/uploads\/2016\/08\/Fathers-Day-Graphic-Brazil-feature.jpg\",\"contentUrl\":\"https:\/\/www.mencare.org\/wp-content\/uploads\/2016\/08\/Fathers-Day-Graphic-Brazil-feature.jpg\",\"width\":550,\"height\":400,\"caption\":\"Graphic from MenCare Brazil's Father's Month campaign in August 2016.\"},{\"@type\":\"BreadcrumbList\",\"@id\":\"https:\/\/www.mencare.org\/es\/mencare-partners-brazil-celebrate-fathers-month-august-research-advocacy\/#breadcrumb\",\"itemListElement\":[{\"@type\":\"ListItem\",\"position\":1,\"name\":\"Home\",\"item\":\"https:\/\/www.mencare.org\/\"},{\"@type\":\"ListItem\",\"position\":2,\"name\":\"MenCare partners in Brazil celebrate Father\u2019s Month in August with research and advocacy\"}]},{\"@type\":\"WebSite\",\"@id\":\"https:\/\/www.mencare.org\/#website\",\"url\":\"https:\/\/www.mencare.org\/\",\"name\":\"MenCare\",\"description\":\"A Global Fatherhood Campaign\",\"potentialAction\":[{\"@type\":\"SearchAction\",\"target\":{\"@type\":\"EntryPoint\",\"urlTemplate\":\"https:\/\/www.mencare.org\/?s={search_term_string}\"},\"query-input\":{\"@type\":\"PropertyValueSpecification\",\"valueRequired\":true,\"valueName\":\"search_term_string\"}}],\"inLanguage\":\"es-MX\"},{\"@type\":\"Person\",\"@id\":\"https:\/\/www.mencare.org\/#\/schema\/person\/b9fee429ac8580ed216def21e04b2819\",\"name\":\"RadishLab\",\"image\":{\"@type\":\"ImageObject\",\"inLanguage\":\"es-MX\",\"@id\":\"https:\/\/www.mencare.org\/#\/schema\/person\/image\/\",\"url\":\"https:\/\/secure.gravatar.com\/avatar\/01a869e9508babcb1c66b6b41356b4ef63d5326e5b27c38b27ed4a46b8e36b9f?s=96&d=mm&r=g\",\"contentUrl\":\"https:\/\/secure.gravatar.com\/avatar\/01a869e9508babcb1c66b6b41356b4ef63d5326e5b27c38b27ed4a46b8e36b9f?s=96&d=mm&r=g\",\"caption\":\"RadishLab\"},\"url\":\"https:\/\/www.mencare.org\/es\/author\/radishlab\/\"}]}<\/script>\n<!-- \/ Yoast SEO plugin. -->","yoast_head_json":{"title":"MenCare partners in Brazil celebrate Father\u2019s Month in August - MenCare","description":"Equimundo, Instituto Papai and other Brazilian MenCare partners are highlighting the importance of men\u2019s engagement in fatherhood and caregiving in Aug. 2016","robots":{"index":"index","follow":"follow","max-snippet":"max-snippet:-1","max-image-preview":"max-image-preview:large","max-video-preview":"max-video-preview:-1"},"canonical":"https:\/\/www.mencare.org\/es\/mencare-partners-brazil-celebrate-fathers-month-august-research-advocacy\/","og_locale":"es_MX","og_type":"article","og_title":"MenCare partners in Brazil celebrate Father\u2019s Month in August - MenCare","og_description":"Equimundo, Instituto Papai and other Brazilian MenCare partners are highlighting the importance of men\u2019s engagement in fatherhood and caregiving in Aug. 2016","og_url":"https:\/\/www.mencare.org\/es\/mencare-partners-brazil-celebrate-fathers-month-august-research-advocacy\/","og_site_name":"MenCare","article_published_time":"2016-08-29T13:40:52+00:00","og_image":[{"width":1200,"height":630,"url":"https:\/\/www.mencare.org\/wp-content\/uploads\/2016\/08\/Fathers-Day-Graphic-Brazil-banner.jpg","type":"image\/jpeg"}],"author":"RadishLab","twitter_card":"summary_large_image","twitter_misc":{"Written by":"RadishLab","Est. reading time":"1 minute"},"schema":{"@context":"https:\/\/schema.org","@graph":[{"@type":"WebPage","@id":"https:\/\/www.mencare.org\/es\/mencare-partners-brazil-celebrate-fathers-month-august-research-advocacy\/","url":"https:\/\/www.mencare.org\/es\/mencare-partners-brazil-celebrate-fathers-month-august-research-advocacy\/","name":"MenCare partners in Brazil celebrate Father\u2019s Month in August - MenCare","isPartOf":{"@id":"https:\/\/www.mencare.org\/#website"},"primaryImageOfPage":{"@id":"https:\/\/www.mencare.org\/es\/mencare-partners-brazil-celebrate-fathers-month-august-research-advocacy\/#primaryimage"},"image":{"@id":"https:\/\/www.mencare.org\/es\/mencare-partners-brazil-celebrate-fathers-month-august-research-advocacy\/#primaryimage"},"thumbnailUrl":"https:\/\/www.mencare.org\/wp-content\/uploads\/2016\/08\/Fathers-Day-Graphic-Brazil-feature.jpg","datePublished":"2016-08-29T13:40:52+00:00","author":{"@id":"https:\/\/www.mencare.org\/#\/schema\/person\/b9fee429ac8580ed216def21e04b2819"},"description":"Equimundo, Instituto Papai and other Brazilian MenCare partners are highlighting the importance of men\u2019s engagement in fatherhood and caregiving in Aug. 2016","breadcrumb":{"@id":"https:\/\/www.mencare.org\/es\/mencare-partners-brazil-celebrate-fathers-month-august-research-advocacy\/#breadcrumb"},"inLanguage":"es-MX","potentialAction":[{"@type":"ReadAction","target":["https:\/\/www.mencare.org\/es\/mencare-partners-brazil-celebrate-fathers-month-august-research-advocacy\/"]}]},{"@type":"ImageObject","inLanguage":"es-MX","@id":"https:\/\/www.mencare.org\/es\/mencare-partners-brazil-celebrate-fathers-month-august-research-advocacy\/#primaryimage","url":"https:\/\/www.mencare.org\/wp-content\/uploads\/2016\/08\/Fathers-Day-Graphic-Brazil-feature.jpg","contentUrl":"https:\/\/www.mencare.org\/wp-content\/uploads\/2016\/08\/Fathers-Day-Graphic-Brazil-feature.jpg","width":550,"height":400,"caption":"Graphic from MenCare Brazil's Father's Month campaign in August 2016."},{"@type":"BreadcrumbList","@id":"https:\/\/www.mencare.org\/es\/mencare-partners-brazil-celebrate-fathers-month-august-research-advocacy\/#breadcrumb","itemListElement":[{"@type":"ListItem","position":1,"name":"Home","item":"https:\/\/www.mencare.org\/"},{"@type":"ListItem","position":2,"name":"MenCare partners in Brazil celebrate Father\u2019s Month in August with research and advocacy"}]},{"@type":"WebSite","@id":"https:\/\/www.mencare.org\/#website","url":"https:\/\/www.mencare.org\/","name":"Cuidado de los hombres","description":"Una campa\u00f1a mundial por la paternidad","potentialAction":[{"@type":"SearchAction","target":{"@type":"EntryPoint","urlTemplate":"https:\/\/www.mencare.org\/?s={search_term_string}"},"query-input":{"@type":"PropertyValueSpecification","valueRequired":true,"valueName":"search_term_string"}}],"inLanguage":"es-MX"},{"@type":"Person","@id":"https:\/\/www.mencare.org\/#\/schema\/person\/b9fee429ac8580ed216def21e04b2819","name":"RadishLab","image":{"@type":"ImageObject","inLanguage":"es-MX","@id":"https:\/\/www.mencare.org\/#\/schema\/person\/image\/","url":"https:\/\/secure.gravatar.com\/avatar\/01a869e9508babcb1c66b6b41356b4ef63d5326e5b27c38b27ed4a46b8e36b9f?s=96&d=mm&r=g","contentUrl":"https:\/\/secure.gravatar.com\/avatar\/01a869e9508babcb1c66b6b41356b4ef63d5326e5b27c38b27ed4a46b8e36b9f?s=96&d=mm&r=g","caption":"RadishLab"},"url":"https:\/\/www.mencare.org\/es\/author\/radishlab\/"}]}},"_links":{"self":[{"href":"https:\/\/www.mencare.org\/es\/wp-json\/wp\/v2\/posts\/4789","targetHints":{"allow":["GET"]}}],"collection":[{"href":"https:\/\/www.mencare.org\/es\/wp-json\/wp\/v2\/posts"}],"about":[{"href":"https:\/\/www.mencare.org\/es\/wp-json\/wp\/v2\/types\/post"}],"author":[{"embeddable":true,"href":"https:\/\/www.mencare.org\/es\/wp-json\/wp\/v2\/users\/178"}],"replies":[{"embeddable":true,"href":"https:\/\/www.mencare.org\/es\/wp-json\/wp\/v2\/comments?post=4789"}],"version-history":[{"count":3,"href":"https:\/\/www.mencare.org\/es\/wp-json\/wp\/v2\/posts\/4789\/revisions"}],"predecessor-version":[{"id":4795,"href":"https:\/\/www.mencare.org\/es\/wp-json\/wp\/v2\/posts\/4789\/revisions\/4795"}],"wp:featuredmedia":[{"embeddable":true,"href":"https:\/\/www.mencare.org\/es\/wp-json\/wp\/v2\/media\/4791"}],"wp:attachment":[{"href":"https:\/\/www.mencare.org\/es\/wp-json\/wp\/v2\/media?parent=4789"}],"wp:term":[{"taxonomy":"category","embeddable":true,"href":"https:\/\/www.mencare.org\/es\/wp-json\/wp\/v2\/categories?post=4789"},{"taxonomy":"post_tag","embeddable":true,"href":"https:\/\/www.mencare.org\/es\/wp-json\/wp\/v2\/tags?post=4789"}],"curies":[{"name":"wp","href":"https:\/\/api.w.org\/{rel}","templated":true}]}}