{"id":5474,"date":"2017-06-07T13:10:30","date_gmt":"2017-06-07T17:10:30","guid":{"rendered":"https:\/\/www.mencare.org\/?p=5474"},"modified":"2017-06-07T14:04:26","modified_gmt":"2017-06-07T18:04:26","slug":"join-us-online-june-8-10-mencare-global-meeting","status":"publish","type":"post","link":"https:\/\/www.mencare.org\/es\/join-us-online-june-8-10-mencare-global-meeting\/","title":{"rendered":"\u00danase a nosotros en l\u00ednea del 8 al 10 de junio en la Reuni\u00f3n Global de MenCare"},"content":{"rendered":"<p><strong>100 profesionales, activistas e investigadores de 50 pa\u00edses se re\u00fanen para promover la agenda global de igualdad de g\u00e9nero en el cuidado de los hombres y revelar <em>La situaci\u00f3n de los padres en el mundo: es hora de actuar <\/em>informe.<\/strong><\/p>\n<p style=\"text-align: left\"><strong>Qu\u00e9<\/strong>: Reuni\u00f3n mundial de MenCare 2017 (del 8 al 10 de junio) y lanzamiento de la <em>La situaci\u00f3n de los padres en el mundo: es hora de actuar <\/em>Informe (9 de junio)<br \/>\n<strong>Cuando<\/strong>: Jueves 8 de junio \u2013 S\u00e1bado 10 de junio de 2017 de 9:00 a 17:00 CEST<br \/>\n<strong>Transmisi\u00f3n en vivo<\/strong>: <a href=\"https:\/\/www.mencare.org\/es\/livestream\/\" target=\"_blank\" rel=\"noopener noreferrer\">www.men-care.org\/transmisi\u00f3n en vivo<\/a><\/p>\n<p>La Reuni\u00f3n Global de MenCare 2017, que comenzar\u00e1 con unas palabras sobre la participaci\u00f3n de los hombres en la igualdad de g\u00e9nero y la paternidad a cargo de la Sra. Brankica Jankovic, Comisionada para la Protecci\u00f3n de la Igualdad, a las 9:00 CEST del 8 de junio, reunir\u00e1 a casi 100 activistas, acad\u00e9micos y profesionales durante tres d\u00edas (del 8 al 10 de junio) de 50 pa\u00edses para compartir e intercambiar nuevos hallazgos, lecciones aprendidas y reflexiones en el campo de la participaci\u00f3n de los hombres como padres y cuidadores en pro de la igualdad de g\u00e9nero. La reuni\u00f3n est\u00e1 organizada conjuntamente por Equimundo, Centar E8 y los miembros del Comit\u00e9 Directivo de MenCare, Sonke Gender Justice, Save the Children y MenEngage Alliance, en Belgrado, Serbia.<\/p>\n<p>Hallazgos de la <em>La situaci\u00f3n de los padres en el mundo: es hora de actuar <\/em>El informe de 2017 se dar\u00e1 a conocer el segundo d\u00eda de la reuni\u00f3n, el viernes 9 de junio, de 9:00 a 10:00 CEST. El segundo informe de la historia <em>Estado de los padres del mundo <\/em>El informe se basa en casi 100 estudios e informes de investigaci\u00f3n, con datos de casi todos los pa\u00edses donde est\u00e1 disponible, para revelar qu\u00e9 ha estancado el progreso hacia la igualdad de g\u00e9nero global y para establecer una agenda audaz para los hombres y los ni\u00f1os que realizan el 50 por ciento del trabajo de cuidado no remunerado del mundo. El informe es una publicaci\u00f3n de promoci\u00f3n de MenCare, producida por Equimundo.<\/p>\n<h3><span style=\"text-decoration: underline\">Orden del d\u00eda<\/span>:<\/h3>\n<p><em><strong>Jueves 8 de junio: <\/strong>Sesiones transmitidas en vivo:<\/em><\/p>\n<ul>\n<li><strong>9:30 \u2013 10:30 CEST:<\/strong> Discurso de apertura: Una mirada retrospectiva a los \u00faltimos 6 a\u00f1os de la campa\u00f1a MenCare: \u00e9xitos clave, nuevas plataformas e iniciativas, y preguntas cr\u00edticas para los hombres y los cuidadores\n<ul>\n<li>Jane Kato-Wallace, Equimundo (Moderadora)<\/li>\n<li>Gary Barker, Equimundo<\/li>\n<li>Nigina Abaszade, UNFPA-Europa del Este y Asia Central<\/li>\n<li>Nikki van der Gaag, Oxfam GB<\/li>\n<\/ul>\n<\/li>\n<li><strong>14:30 \u2013 16:00 CEST:<\/strong> Sesi\u00f3n plenaria \u2013 Romper los ciclos de violencia: trabajar con los hombres como padres para prevenir la violencia contra las mujeres y los ni\u00f1os\n<ul>\n<li>Laxman Belbase, Secretar\u00eda Global de la Alianza MenEngage (Moderador)<\/li>\n<li>Ruti Levtov y Kate Doyle, Equimundo y RWAMREC<\/li>\n<li>Getaalem Kassa, HIWOT Etiop\u00eda<\/li>\n<li>Marina Parker y Sergey Zakharov, Centro Anna<\/li>\n<\/ul>\n<\/li>\n<li><strong>16:30 \u2013 17:30 CEST:<\/strong> Plenaria \u2013 Promoci\u00f3n de la igualdad de g\u00e9nero y el cuidado de los hombres ante instituciones clave\n<ul>\n<li>Tomas Agnemo, Save the Children-Suecia (Moderador)<\/li>\n<li>Mar\u00eda Pazos, PLENT<\/li>\n<li>Wessel van den Berg, Sonke Justicia de g\u00e9nero<\/li>\n<li>Liana Ghent, Fundaci\u00f3n Paso a Paso<\/li>\n<li>Milena Mihajlovic, Centro CIP<\/li>\n<\/ul>\n<\/li>\n<\/ul>\n<p><em><strong>Viernes 9 de junio: <\/strong>Sesiones transmitidas en vivo<\/em>:<\/p>\n<ul>\n<li><strong>9:00 \u2013 10:00 CEST:<\/strong> Lanzamiento de <em>Estado de los padres del mundo <\/em>2017\n<ul>\n<li>John Crownover, CARE International Balkans (Moderador)<\/li>\n<li>Gary Barker, Equimundo<\/li>\n<li>Monika Queisser, OCDE<\/li>\n<li>Francisco Aguayo, CulturaSalud\/EME<\/li>\n<li>Ola Andersson, Embajada de Suecia en Belgrado<\/li>\n<\/ul>\n<\/li>\n<\/ul>\n<p><em><strong>S\u00e1bado 10 de junio: <\/strong>Sesiones transmitidas en vivo<\/em><\/p>\n<ul>\n<li><strong>9:00 \u2013 10:00 CEST:<\/strong> Plenaria \u2013 Investigaci\u00f3n sobre la acci\u00f3n para la igualdad de g\u00e9nero y el cuidado masculino\n<ul>\n<li>Ruti Levtov, Equimundo (Moderador)<\/li>\n<li>Lena Karlsson, ONU Mujeres-MENA<\/li>\n<li>Nataliia Koshovska, UNFPA-Ucrania<\/li>\n<li>Anam Parvez y Nikki van der Gaag, Oxfam GB<\/li>\n<\/ul>\n<\/li>\n<\/ul>\n<h3><span style=\"text-decoration: underline\">Difunde la palabra<\/span>:<\/h3>\n<p>Para unirse a la Reuni\u00f3n Global de MenCare en l\u00ednea, utilice <a href=\"https:\/\/twitter.com\/search?src=typd&amp;q=%23mencare2017\" target=\"_blank\" rel=\"noopener noreferrer\">#MenCare2017<\/a><\/p>\n<p>Para descargar <em>La situaci\u00f3n de los padres en el mundo: es hora de actuar<\/em> El viernes 9 de junio de 2017, visite: <a href=\"http:\/\/www.sowf.men-care.org\">www.sowf.men-care.org<\/a><\/p>\n<p>Para unirse a la conversaci\u00f3n en l\u00ednea sobre el informe, utilice <a href=\"https:\/\/twitter.com\/search?q=%23worldsfathers&amp;src=typd\" target=\"_blank\" rel=\"noopener noreferrer\">#Padres del Mundo<\/a><\/p>","protected":false},"excerpt":{"rendered":"<p>100 profesionales, activistas e investigadores de 50 pa\u00edses se re\u00fanen para promover la agenda global de igualdad de g\u00e9nero en el cuidado de los hombres y presentar el informe Estado de los padres en el mundo: tiempo de actuar. Qu\u00e9: Reuni\u00f3n mundial de MenCare 2017 (del 8 al 10 de junio) y lanzamiento del informe Estado de los padres en el mundo: tiempo de actuar (9 de junio) Cu\u00e1ndo: Jueves, 1 de junio&nbsp;<a class=\"read-more-link\" href=\"https:\/\/www.mencare.org\/es\/join-us-online-june-8-10-mencare-global-meeting\/\">\u2026<\/a><\/p>","protected":false},"author":178,"featured_media":5490,"comment_status":"closed","ping_status":"closed","sticky":false,"template":"","format":"standard","meta":{"footnotes":""},"categories":[1],"tags":[586,590,160,588],"class_list":["post-5474","post","type-post","status-publish","format-standard","has-post-thumbnail","hentry","category-uncategorized","tag-mencare-global-meeting","tag-mencare-global-meeting-2017","tag-mencare","tag-state-of-the-worlds-fathers-time-for-action","countries-global","initiative-state-of-the-worlds-fathers"],"acf":[],"yoast_head":"<!-- This site is optimized with the Yoast SEO plugin v25.9 - https:\/\/yoast.com\/wordpress\/plugins\/seo\/ -->\n<title>Join us online June 8-10 at the MenCare Global Meeting<\/title>\n<meta name=\"description\" content=\"100 practitioners, activists, and researchers from 50 countries are gathering to advance the global gender equality agenda on men\u2019s caregiving and unveil State of the World\u2019s Fathers: Time for Action report.\" \/>\n<meta name=\"robots\" content=\"index, follow, max-snippet:-1, max-image-preview:large, max-video-preview:-1\" \/>\n<link rel=\"canonical\" href=\"http:\/\/www.mencare.org\/es\/join-us-online-june-8-10-mencare-global-meeting\/\" \/>\n<meta property=\"og:locale\" content=\"es_MX\" \/>\n<meta property=\"og:type\" content=\"article\" \/>\n<meta property=\"og:title\" content=\"Join us online June 8-10 at the MenCare Global Meeting\" \/>\n<meta property=\"og:description\" content=\"100 practitioners, activists, and researchers from 50 countries are gathering to advance the global gender equality agenda on men\u2019s caregiving and unveil State of the World\u2019s Fathers: Time for Action report.\" \/>\n<meta property=\"og:url\" content=\"http:\/\/www.mencare.org\/es\/join-us-online-june-8-10-mencare-global-meeting\/\" \/>\n<meta property=\"og:site_name\" content=\"MenCare\" \/>\n<meta property=\"article:published_time\" content=\"2017-06-07T17:10:30+00:00\" \/>\n<meta property=\"article:modified_time\" content=\"2017-06-07T18:04:26+00:00\" \/>\n<meta property=\"og:image\" content=\"http:\/\/www.mencare.org\/wp-content\/uploads\/2017\/06\/meeting-banner.jpg\" \/>\n\t<meta property=\"og:image:width\" content=\"1200\" \/>\n\t<meta property=\"og:image:height\" content=\"620\" \/>\n\t<meta property=\"og:image:type\" content=\"image\/jpeg\" \/>\n<meta name=\"author\" content=\"RadishLab\" \/>\n<meta name=\"twitter:card\" content=\"summary_large_image\" \/>\n<meta name=\"twitter:label1\" content=\"Written by\" \/>\n\t<meta name=\"twitter:data1\" content=\"RadishLab\" \/>\n\t<meta name=\"twitter:label2\" content=\"Est. reading time\" \/>\n\t<meta name=\"twitter:data2\" content=\"3 minutes\" \/>\n<script type=\"application\/ld+json\" class=\"yoast-schema-graph\">{\"@context\":\"https:\/\/schema.org\",\"@graph\":[{\"@type\":\"WebPage\",\"@id\":\"http:\/\/www.mencare.org\/pt\/join-us-online-june-8-10-mencare-global-meeting\/\",\"url\":\"http:\/\/www.mencare.org\/pt\/join-us-online-june-8-10-mencare-global-meeting\/\",\"name\":\"Join us online June 8-10 at the MenCare Global Meeting\",\"isPartOf\":{\"@id\":\"https:\/\/www.mencare.org\/#website\"},\"primaryImageOfPage\":{\"@id\":\"http:\/\/www.mencare.org\/pt\/join-us-online-june-8-10-mencare-global-meeting\/#primaryimage\"},\"image\":{\"@id\":\"http:\/\/www.mencare.org\/pt\/join-us-online-june-8-10-mencare-global-meeting\/#primaryimage\"},\"thumbnailUrl\":\"https:\/\/www.mencare.org\/wp-content\/uploads\/2017\/06\/meeting-feature.jpg\",\"datePublished\":\"2017-06-07T17:10:30+00:00\",\"dateModified\":\"2017-06-07T18:04:26+00:00\",\"author\":{\"@id\":\"https:\/\/www.mencare.org\/#\/schema\/person\/b9fee429ac8580ed216def21e04b2819\"},\"description\":\"100 practitioners, activists, and researchers from 50 countries are gathering to advance the global gender equality agenda on men\u2019s caregiving and unveil State of the World\u2019s Fathers: Time for Action report.\",\"breadcrumb\":{\"@id\":\"http:\/\/www.mencare.org\/pt\/join-us-online-june-8-10-mencare-global-meeting\/#breadcrumb\"},\"inLanguage\":\"es-MX\",\"potentialAction\":[{\"@type\":\"ReadAction\",\"target\":[\"http:\/\/www.mencare.org\/pt\/join-us-online-june-8-10-mencare-global-meeting\/\"]}]},{\"@type\":\"ImageObject\",\"inLanguage\":\"es-MX\",\"@id\":\"http:\/\/www.mencare.org\/pt\/join-us-online-june-8-10-mencare-global-meeting\/#primaryimage\",\"url\":\"https:\/\/www.mencare.org\/wp-content\/uploads\/2017\/06\/meeting-feature.jpg\",\"contentUrl\":\"https:\/\/www.mencare.org\/wp-content\/uploads\/2017\/06\/meeting-feature.jpg\",\"width\":550,\"height\":400},{\"@type\":\"BreadcrumbList\",\"@id\":\"http:\/\/www.mencare.org\/pt\/join-us-online-june-8-10-mencare-global-meeting\/#breadcrumb\",\"itemListElement\":[{\"@type\":\"ListItem\",\"position\":1,\"name\":\"Home\",\"item\":\"https:\/\/www.mencare.org\/\"},{\"@type\":\"ListItem\",\"position\":2,\"name\":\"Join us online June 8-10 at the MenCare Global Meeting\"}]},{\"@type\":\"WebSite\",\"@id\":\"https:\/\/www.mencare.org\/#website\",\"url\":\"https:\/\/www.mencare.org\/\",\"name\":\"MenCare\",\"description\":\"A Global Fatherhood Campaign\",\"potentialAction\":[{\"@type\":\"SearchAction\",\"target\":{\"@type\":\"EntryPoint\",\"urlTemplate\":\"https:\/\/www.mencare.org\/?s={search_term_string}\"},\"query-input\":{\"@type\":\"PropertyValueSpecification\",\"valueRequired\":true,\"valueName\":\"search_term_string\"}}],\"inLanguage\":\"es-MX\"},{\"@type\":\"Person\",\"@id\":\"https:\/\/www.mencare.org\/#\/schema\/person\/b9fee429ac8580ed216def21e04b2819\",\"name\":\"RadishLab\",\"image\":{\"@type\":\"ImageObject\",\"inLanguage\":\"es-MX\",\"@id\":\"https:\/\/www.mencare.org\/#\/schema\/person\/image\/\",\"url\":\"https:\/\/secure.gravatar.com\/avatar\/01a869e9508babcb1c66b6b41356b4ef63d5326e5b27c38b27ed4a46b8e36b9f?s=96&d=mm&r=g\",\"contentUrl\":\"https:\/\/secure.gravatar.com\/avatar\/01a869e9508babcb1c66b6b41356b4ef63d5326e5b27c38b27ed4a46b8e36b9f?s=96&d=mm&r=g\",\"caption\":\"RadishLab\"},\"url\":\"https:\/\/www.mencare.org\/es\/author\/radishlab\/\"}]}<\/script>\n<!-- \/ Yoast SEO plugin. -->","yoast_head_json":{"title":"\u00danase a nosotros en l\u00ednea del 8 al 10 de junio en la Reuni\u00f3n Global de MenCare","description":"100 practitioners, activists, and researchers from 50 countries are gathering to advance the global gender equality agenda on men\u2019s caregiving and unveil State of the World\u2019s Fathers: Time for Action report.","robots":{"index":"index","follow":"follow","max-snippet":"max-snippet:-1","max-image-preview":"max-image-preview:large","max-video-preview":"max-video-preview:-1"},"canonical":"http:\/\/www.mencare.org\/es\/join-us-online-june-8-10-mencare-global-meeting\/","og_locale":"es_MX","og_type":"article","og_title":"Join us online June 8-10 at the MenCare Global Meeting","og_description":"100 practitioners, activists, and researchers from 50 countries are gathering to advance the global gender equality agenda on men\u2019s caregiving and unveil State of the World\u2019s Fathers: Time for Action report.","og_url":"http:\/\/www.mencare.org\/es\/join-us-online-june-8-10-mencare-global-meeting\/","og_site_name":"MenCare","article_published_time":"2017-06-07T17:10:30+00:00","article_modified_time":"2017-06-07T18:04:26+00:00","og_image":[{"width":1200,"height":620,"url":"http:\/\/www.mencare.org\/wp-content\/uploads\/2017\/06\/meeting-banner.jpg","type":"image\/jpeg"}],"author":"RadishLab","twitter_card":"summary_large_image","twitter_misc":{"Written by":"RadishLab","Est. reading time":"3 minutes"},"schema":{"@context":"https:\/\/schema.org","@graph":[{"@type":"WebPage","@id":"http:\/\/www.mencare.org\/pt\/join-us-online-june-8-10-mencare-global-meeting\/","url":"http:\/\/www.mencare.org\/pt\/join-us-online-june-8-10-mencare-global-meeting\/","name":"\u00danase a nosotros en l\u00ednea del 8 al 10 de junio en la Reuni\u00f3n Global de MenCare","isPartOf":{"@id":"https:\/\/www.mencare.org\/#website"},"primaryImageOfPage":{"@id":"http:\/\/www.mencare.org\/pt\/join-us-online-june-8-10-mencare-global-meeting\/#primaryimage"},"image":{"@id":"http:\/\/www.mencare.org\/pt\/join-us-online-june-8-10-mencare-global-meeting\/#primaryimage"},"thumbnailUrl":"https:\/\/www.mencare.org\/wp-content\/uploads\/2017\/06\/meeting-feature.jpg","datePublished":"2017-06-07T17:10:30+00:00","dateModified":"2017-06-07T18:04:26+00:00","author":{"@id":"https:\/\/www.mencare.org\/#\/schema\/person\/b9fee429ac8580ed216def21e04b2819"},"description":"100 practitioners, activists, and researchers from 50 countries are gathering to advance the global gender equality agenda on men\u2019s caregiving and unveil State of the World\u2019s Fathers: Time for Action report.","breadcrumb":{"@id":"http:\/\/www.mencare.org\/pt\/join-us-online-june-8-10-mencare-global-meeting\/#breadcrumb"},"inLanguage":"es-MX","potentialAction":[{"@type":"ReadAction","target":["http:\/\/www.mencare.org\/pt\/join-us-online-june-8-10-mencare-global-meeting\/"]}]},{"@type":"ImageObject","inLanguage":"es-MX","@id":"http:\/\/www.mencare.org\/pt\/join-us-online-june-8-10-mencare-global-meeting\/#primaryimage","url":"https:\/\/www.mencare.org\/wp-content\/uploads\/2017\/06\/meeting-feature.jpg","contentUrl":"https:\/\/www.mencare.org\/wp-content\/uploads\/2017\/06\/meeting-feature.jpg","width":550,"height":400},{"@type":"BreadcrumbList","@id":"http:\/\/www.mencare.org\/pt\/join-us-online-june-8-10-mencare-global-meeting\/#breadcrumb","itemListElement":[{"@type":"ListItem","position":1,"name":"Home","item":"https:\/\/www.mencare.org\/"},{"@type":"ListItem","position":2,"name":"Join us online June 8-10 at the MenCare Global Meeting"}]},{"@type":"WebSite","@id":"https:\/\/www.mencare.org\/#website","url":"https:\/\/www.mencare.org\/","name":"Cuidado de los hombres","description":"Una campa\u00f1a mundial por la paternidad","potentialAction":[{"@type":"SearchAction","target":{"@type":"EntryPoint","urlTemplate":"https:\/\/www.mencare.org\/?s={search_term_string}"},"query-input":{"@type":"PropertyValueSpecification","valueRequired":true,"valueName":"search_term_string"}}],"inLanguage":"es-MX"},{"@type":"Person","@id":"https:\/\/www.mencare.org\/#\/schema\/person\/b9fee429ac8580ed216def21e04b2819","name":"RadishLab","image":{"@type":"ImageObject","inLanguage":"es-MX","@id":"https:\/\/www.mencare.org\/#\/schema\/person\/image\/","url":"https:\/\/secure.gravatar.com\/avatar\/01a869e9508babcb1c66b6b41356b4ef63d5326e5b27c38b27ed4a46b8e36b9f?s=96&d=mm&r=g","contentUrl":"https:\/\/secure.gravatar.com\/avatar\/01a869e9508babcb1c66b6b41356b4ef63d5326e5b27c38b27ed4a46b8e36b9f?s=96&d=mm&r=g","caption":"RadishLab"},"url":"https:\/\/www.mencare.org\/es\/author\/radishlab\/"}]}},"_links":{"self":[{"href":"https:\/\/www.mencare.org\/es\/wp-json\/wp\/v2\/posts\/5474","targetHints":{"allow":["GET"]}}],"collection":[{"href":"https:\/\/www.mencare.org\/es\/wp-json\/wp\/v2\/posts"}],"about":[{"href":"https:\/\/www.mencare.org\/es\/wp-json\/wp\/v2\/types\/post"}],"author":[{"embeddable":true,"href":"https:\/\/www.mencare.org\/es\/wp-json\/wp\/v2\/users\/178"}],"replies":[{"embeddable":true,"href":"https:\/\/www.mencare.org\/es\/wp-json\/wp\/v2\/comments?post=5474"}],"version-history":[{"count":10,"href":"https:\/\/www.mencare.org\/es\/wp-json\/wp\/v2\/posts\/5474\/revisions"}],"predecessor-version":[{"id":5492,"href":"https:\/\/www.mencare.org\/es\/wp-json\/wp\/v2\/posts\/5474\/revisions\/5492"}],"wp:featuredmedia":[{"embeddable":true,"href":"https:\/\/www.mencare.org\/es\/wp-json\/wp\/v2\/media\/5490"}],"wp:attachment":[{"href":"https:\/\/www.mencare.org\/es\/wp-json\/wp\/v2\/media?parent=5474"}],"wp:term":[{"taxonomy":"category","embeddable":true,"href":"https:\/\/www.mencare.org\/es\/wp-json\/wp\/v2\/categories?post=5474"},{"taxonomy":"post_tag","embeddable":true,"href":"https:\/\/www.mencare.org\/es\/wp-json\/wp\/v2\/tags?post=5474"}],"curies":[{"name":"wp","href":"https:\/\/api.w.org\/{rel}","templated":true}]}}