{"id":5835,"date":"2017-09-27T16:08:27","date_gmt":"2017-09-27T20:08:27","guid":{"rendered":"https:\/\/www.mencare.org\/?p=5835"},"modified":"2017-10-30T10:40:26","modified_gmt":"2017-10-30T14:40:26","slug":"seminar-new-experiences-fatherhood-caregiving-held-parma-italy","status":"publish","type":"post","link":"https:\/\/www.mencare.org\/es\/seminar-new-experiences-fatherhood-caregiving-held-parma-italy\/","title":{"rendered":"Seminario sobre nuevas experiencias de paternidad y cuidado celebrado en Parma, Italia"},"content":{"rendered":"<div class=\"radius-fix\"><img loading=\"lazy\" decoding=\"async\" class=\"alignnone size-full wp-image-5945\" src=\"https:\/\/www.mencare.org\/wp-content\/uploads\/2017\/09\/Parma-Fatherhood-Seminar-Sept2017-1200px.jpg\" alt=\"Participants at the fatherhood and caregiving held in Parma, Italy\" width=\"1200\" height=\"630\" srcset=\"https:\/\/www.mencare.org\/wp-content\/uploads\/2017\/09\/Parma-Fatherhood-Seminar-Sept2017-1200px.jpg 1200w, https:\/\/www.mencare.org\/wp-content\/uploads\/2017\/09\/Parma-Fatherhood-Seminar-Sept2017-1200px-300x158.jpg 300w, https:\/\/www.mencare.org\/wp-content\/uploads\/2017\/09\/Parma-Fatherhood-Seminar-Sept2017-1200px-768x403.jpg 768w, https:\/\/www.mencare.org\/wp-content\/uploads\/2017\/09\/Parma-Fatherhood-Seminar-Sept2017-1200px-1024x538.jpg 1024w\" sizes=\"auto, (max-width: 1200px) 100vw, 1200px\" \/><\/div>\n<p>El 22 y 23 de septiembre de 2017, la Universidad de Parma organiz\u00f3 un seminario en Parma, Italia, sobre las realidades actuales de la paternidad y el cuidado, junto con <a href=\"https:\/\/www.mencare.org\/es\/about-mencare\/our-partners\/#italy\">Socio de MenCare<\/a> Il Giardino dei Padri (una red de organizaciones italianas) y asociaciones locales de Parma, lideradas por Maurizio Artoni de Il Cerchio dei Pap\u00e0.<\/p>\n<p>En las \u00faltimas d\u00e9cadas, las percepciones sobre la paternidad y el papel de los padres han comenzado a cambiar. M\u00e1s lentamente que en otros pa\u00edses, los padres en Italia est\u00e1n comenzando a involucrarse m\u00e1s en la crianza y el cuidado de los hijos. Esta transformaci\u00f3n es el resultado de cambios en las expectativas y oportunidades para las mujeres y las madres, de una mayor inversi\u00f3n en la construcci\u00f3n de espacios para la intimidad y el cuidado de los hombres, y de un panorama m\u00e1s variado de estructuras familiares y relacionales.<\/p>\n<p>Sin embargo, a pesar de estos cambios, la conversaci\u00f3n p\u00fablica no ha seguido el ritmo de las transformaciones sociales relacionadas con nuevos modelos de paternidad, nuevos m\u00e9todos de crianza y relaciones m\u00e1s equitativas.<\/p>\n<p>El seminario, por tanto, ten\u00eda como objetivo reunir a un grupo influyente de acad\u00e9micos dedicados a la investigaci\u00f3n de estos temas con l\u00edderes clave de iniciativas, proyectos y campa\u00f1as desarrolladas por organizaciones e instituciones. El prop\u00f3sito no era s\u00f3lo proporcionar una serie de instant\u00e1neas sobre las realidades del cuidado en la actualidad, sino tambi\u00e9n buscar v\u00edas adicionales de apoyo que fomenten formas nuevas y m\u00e1s equitativas de paternidad.<\/p>\n<p>El primer d\u00eda del seminario, un grupo de acad\u00e9micos habl\u00f3 sobre el surgimiento de nuevos modelos de paternidad comprometida en Italia. Analizaron los cambios hacia roles de g\u00e9nero m\u00e1s equitativos dentro de las familias, as\u00ed como los estereotipos persistentes y los obst\u00e1culos pol\u00edticos a la igualdad (como una pol\u00edtica de licencia por paternidad de solo dos d\u00edas). A continuaci\u00f3n, tuvo lugar una sesi\u00f3n de intercambio de experiencias para organizaciones que trabajan para involucrar a los padres, que incluy\u00f3 una presentaci\u00f3n de la <a href=\"https:\/\/www.mencare.org\/es\/2017\/06\/27\/second-ever-mencare-global-meeting-brings-together-100-practitioners-activists-researchers-50-countries-engage-men-fathers-caregivers-gender-equality\/\">Reuni\u00f3n mundial de MenCare 2017<\/a> en Belgrado (Serbia) y de la Plataforma Internacional para una Licencia Parental Igualitaria, Intransferible y Totalmente Remunerada (<a href=\"http:\/\/equalandnontransferable.org\/\" target=\"_blank\" rel=\"noopener\">ABUNDANCIA<\/a>).<\/p>\n<p>El segundo d\u00eda del seminario, Il Giardino dei Padri facilit\u00f3 una sesi\u00f3n de trabajo para planificar acciones compartidas para promover la participaci\u00f3n equitativa de los hombres en el cuidado de los dem\u00e1s. Los participantes acordaron celebrar una reuni\u00f3n anual sobre paternidad comprometida, establecer contactos con otras asociaciones y actores relevantes que trabajan en estos temas y recopilar y compartir las mejores pr\u00e1cticas. La principal decisi\u00f3n adoptada fue respaldar a PLENT y organizar una reuni\u00f3n general sobre el tema en Florencia a principios de 2018. Mientras tanto, un subgrupo de trabajo desarrollar\u00e1 opciones de pol\u00edticas y propuestas de estrategias de comunicaci\u00f3n para introducir la plataforma en Italia.<\/p>\n<p>Conozca m\u00e1s sobre el seminario en italiano <a href=\"https:\/\/www.mencare.org\/wp-content\/uploads\/2017\/09\/BROCHURE-La-reinvenzione-della-paternita\u0300.pdf\" target=\"_blank\" rel=\"noopener\">aqu\u00ed<\/a>.<\/p>","protected":false},"excerpt":{"rendered":"<p>El 22 y 23 de septiembre de 2017, la Universidad de Parma organiz\u00f3 un seminario en Parma, Italia, sobre las realidades actuales de la paternidad y el cuidado de los hijos, junto con Il Giardino dei Padri (una red de organizaciones italianas) y asociaciones locales de Parma, lideradas por Maurizio Artoni de Il Cerchio dei Pap\u00e0. En las \u00faltimas d\u00e9cadas, las percepciones de la paternidad&nbsp;<a class=\"read-more-link\" href=\"https:\/\/www.mencare.org\/es\/seminar-new-experiences-fatherhood-caregiving-held-parma-italy\/\">\u2026<\/a><\/p>","protected":false},"author":178,"featured_media":5944,"comment_status":"closed","ping_status":"closed","sticky":false,"template":"","format":"standard","meta":{"footnotes":""},"categories":[1],"tags":[623,550,547,622,586,590,624,621],"class_list":["post-5835","post","type-post","status-publish","format-standard","has-post-thumbnail","hentry","category-uncategorized","tag-il-cerchio-dei-papa","tag-il-giardino-dei-padri","tag-italy","tag-maurizio-artoni","tag-mencare-global-meeting","tag-mencare-global-meeting-2017","tag-plent","tag-university-of-parma","countries-italy"],"acf":[],"yoast_head":"<!-- This site is optimized with the Yoast SEO plugin v25.9 - https:\/\/yoast.com\/wordpress\/plugins\/seo\/ -->\n<title>Seminar on new experiences of fatherhood and caregiving held in Parma, Italy \u2013\u00a0MenCare<\/title>\n<meta name=\"description\" content=\"On September 22\u201323, MenCare partner Il Cerchio dei Pap\u00e0 and University of Parma hosted a seminar in Parma, Italy on fatherhood and caregiving.\" \/>\n<meta name=\"robots\" content=\"index, follow, max-snippet:-1, max-image-preview:large, max-video-preview:-1\" \/>\n<link rel=\"canonical\" href=\"http:\/\/www.mencare.org\/es\/seminar-new-experiences-fatherhood-caregiving-held-parma-italy\/\" \/>\n<meta property=\"og:locale\" content=\"es_MX\" \/>\n<meta property=\"og:type\" content=\"article\" \/>\n<meta property=\"og:title\" content=\"Seminar on new experiences of fatherhood and caregiving held in Parma, Italy \u2013\u00a0MenCare\" \/>\n<meta property=\"og:description\" content=\"On September 22\u201323, MenCare partner Il Cerchio dei Pap\u00e0 and University of Parma hosted a seminar in Parma, Italy on fatherhood and caregiving.\" \/>\n<meta property=\"og:url\" content=\"http:\/\/www.mencare.org\/es\/seminar-new-experiences-fatherhood-caregiving-held-parma-italy\/\" \/>\n<meta property=\"og:site_name\" content=\"MenCare\" \/>\n<meta property=\"article:published_time\" content=\"2017-09-27T20:08:27+00:00\" \/>\n<meta property=\"article:modified_time\" content=\"2017-10-30T14:40:26+00:00\" \/>\n<meta property=\"og:image\" content=\"http:\/\/www.mencare.org\/wp-content\/uploads\/2017\/09\/Parma-Fatherhood-Seminar-Sept2017-1200px.jpg\" \/>\n\t<meta property=\"og:image:width\" content=\"1200\" \/>\n\t<meta property=\"og:image:height\" content=\"630\" \/>\n\t<meta property=\"og:image:type\" content=\"image\/jpeg\" \/>\n<meta name=\"author\" content=\"RadishLab\" \/>\n<meta name=\"twitter:card\" content=\"summary_large_image\" \/>\n<meta name=\"twitter:label1\" content=\"Written by\" \/>\n\t<meta name=\"twitter:data1\" content=\"RadishLab\" \/>\n\t<meta name=\"twitter:label2\" content=\"Est. reading time\" \/>\n\t<meta name=\"twitter:data2\" content=\"2 minutes\" \/>\n<script type=\"application\/ld+json\" class=\"yoast-schema-graph\">{\"@context\":\"https:\/\/schema.org\",\"@graph\":[{\"@type\":\"WebPage\",\"@id\":\"http:\/\/www.mencare.org\/pt\/seminar-new-experiences-fatherhood-caregiving-held-parma-italy\/\",\"url\":\"http:\/\/www.mencare.org\/pt\/seminar-new-experiences-fatherhood-caregiving-held-parma-italy\/\",\"name\":\"Seminar on new experiences of fatherhood and caregiving held in Parma, Italy \u2013\u00a0MenCare\",\"isPartOf\":{\"@id\":\"https:\/\/www.mencare.org\/#website\"},\"primaryImageOfPage\":{\"@id\":\"http:\/\/www.mencare.org\/pt\/seminar-new-experiences-fatherhood-caregiving-held-parma-italy\/#primaryimage\"},\"image\":{\"@id\":\"http:\/\/www.mencare.org\/pt\/seminar-new-experiences-fatherhood-caregiving-held-parma-italy\/#primaryimage\"},\"thumbnailUrl\":\"https:\/\/www.mencare.org\/wp-content\/uploads\/2017\/09\/Parma-Fatherhood-Seminar-Sept2017-550px.jpg\",\"datePublished\":\"2017-09-27T20:08:27+00:00\",\"dateModified\":\"2017-10-30T14:40:26+00:00\",\"author\":{\"@id\":\"https:\/\/www.mencare.org\/#\/schema\/person\/b9fee429ac8580ed216def21e04b2819\"},\"description\":\"On September 22\u201323, MenCare partner Il Cerchio dei Pap\u00e0 and University of Parma hosted a seminar in Parma, Italy on fatherhood and caregiving.\",\"breadcrumb\":{\"@id\":\"http:\/\/www.mencare.org\/pt\/seminar-new-experiences-fatherhood-caregiving-held-parma-italy\/#breadcrumb\"},\"inLanguage\":\"es-MX\",\"potentialAction\":[{\"@type\":\"ReadAction\",\"target\":[\"http:\/\/www.mencare.org\/pt\/seminar-new-experiences-fatherhood-caregiving-held-parma-italy\/\"]}]},{\"@type\":\"ImageObject\",\"inLanguage\":\"es-MX\",\"@id\":\"http:\/\/www.mencare.org\/pt\/seminar-new-experiences-fatherhood-caregiving-held-parma-italy\/#primaryimage\",\"url\":\"https:\/\/www.mencare.org\/wp-content\/uploads\/2017\/09\/Parma-Fatherhood-Seminar-Sept2017-550px.jpg\",\"contentUrl\":\"https:\/\/www.mencare.org\/wp-content\/uploads\/2017\/09\/Parma-Fatherhood-Seminar-Sept2017-550px.jpg\",\"width\":550,\"height\":400,\"caption\":\"Participants at the fatherhood and caregiving held in Parma, Italy\"},{\"@type\":\"BreadcrumbList\",\"@id\":\"http:\/\/www.mencare.org\/pt\/seminar-new-experiences-fatherhood-caregiving-held-parma-italy\/#breadcrumb\",\"itemListElement\":[{\"@type\":\"ListItem\",\"position\":1,\"name\":\"Home\",\"item\":\"https:\/\/www.mencare.org\/\"},{\"@type\":\"ListItem\",\"position\":2,\"name\":\"Seminar on new experiences of fatherhood and caregiving held in Parma, Italy\"}]},{\"@type\":\"WebSite\",\"@id\":\"https:\/\/www.mencare.org\/#website\",\"url\":\"https:\/\/www.mencare.org\/\",\"name\":\"MenCare\",\"description\":\"A Global Fatherhood Campaign\",\"potentialAction\":[{\"@type\":\"SearchAction\",\"target\":{\"@type\":\"EntryPoint\",\"urlTemplate\":\"https:\/\/www.mencare.org\/?s={search_term_string}\"},\"query-input\":{\"@type\":\"PropertyValueSpecification\",\"valueRequired\":true,\"valueName\":\"search_term_string\"}}],\"inLanguage\":\"es-MX\"},{\"@type\":\"Person\",\"@id\":\"https:\/\/www.mencare.org\/#\/schema\/person\/b9fee429ac8580ed216def21e04b2819\",\"name\":\"RadishLab\",\"image\":{\"@type\":\"ImageObject\",\"inLanguage\":\"es-MX\",\"@id\":\"https:\/\/www.mencare.org\/#\/schema\/person\/image\/\",\"url\":\"https:\/\/secure.gravatar.com\/avatar\/01a869e9508babcb1c66b6b41356b4ef63d5326e5b27c38b27ed4a46b8e36b9f?s=96&d=mm&r=g\",\"contentUrl\":\"https:\/\/secure.gravatar.com\/avatar\/01a869e9508babcb1c66b6b41356b4ef63d5326e5b27c38b27ed4a46b8e36b9f?s=96&d=mm&r=g\",\"caption\":\"RadishLab\"},\"url\":\"https:\/\/www.mencare.org\/es\/author\/radishlab\/\"}]}<\/script>\n<!-- \/ Yoast SEO plugin. -->","yoast_head_json":{"title":"Seminar on new experiences of fatherhood and caregiving held in Parma, Italy \u2013\u00a0MenCare","description":"On September 22\u201323, MenCare partner Il Cerchio dei Pap\u00e0 and University of Parma hosted a seminar in Parma, Italy on fatherhood and caregiving.","robots":{"index":"index","follow":"follow","max-snippet":"max-snippet:-1","max-image-preview":"max-image-preview:large","max-video-preview":"max-video-preview:-1"},"canonical":"http:\/\/www.mencare.org\/es\/seminar-new-experiences-fatherhood-caregiving-held-parma-italy\/","og_locale":"es_MX","og_type":"article","og_title":"Seminar on new experiences of fatherhood and caregiving held in Parma, Italy \u2013\u00a0MenCare","og_description":"On September 22\u201323, MenCare partner Il Cerchio dei Pap\u00e0 and University of Parma hosted a seminar in Parma, Italy on fatherhood and caregiving.","og_url":"http:\/\/www.mencare.org\/es\/seminar-new-experiences-fatherhood-caregiving-held-parma-italy\/","og_site_name":"MenCare","article_published_time":"2017-09-27T20:08:27+00:00","article_modified_time":"2017-10-30T14:40:26+00:00","og_image":[{"width":1200,"height":630,"url":"http:\/\/www.mencare.org\/wp-content\/uploads\/2017\/09\/Parma-Fatherhood-Seminar-Sept2017-1200px.jpg","type":"image\/jpeg"}],"author":"RadishLab","twitter_card":"summary_large_image","twitter_misc":{"Written by":"RadishLab","Est. reading time":"2 minutes"},"schema":{"@context":"https:\/\/schema.org","@graph":[{"@type":"WebPage","@id":"http:\/\/www.mencare.org\/pt\/seminar-new-experiences-fatherhood-caregiving-held-parma-italy\/","url":"http:\/\/www.mencare.org\/pt\/seminar-new-experiences-fatherhood-caregiving-held-parma-italy\/","name":"Seminar on new experiences of fatherhood and caregiving held in Parma, Italy \u2013\u00a0MenCare","isPartOf":{"@id":"https:\/\/www.mencare.org\/#website"},"primaryImageOfPage":{"@id":"http:\/\/www.mencare.org\/pt\/seminar-new-experiences-fatherhood-caregiving-held-parma-italy\/#primaryimage"},"image":{"@id":"http:\/\/www.mencare.org\/pt\/seminar-new-experiences-fatherhood-caregiving-held-parma-italy\/#primaryimage"},"thumbnailUrl":"https:\/\/www.mencare.org\/wp-content\/uploads\/2017\/09\/Parma-Fatherhood-Seminar-Sept2017-550px.jpg","datePublished":"2017-09-27T20:08:27+00:00","dateModified":"2017-10-30T14:40:26+00:00","author":{"@id":"https:\/\/www.mencare.org\/#\/schema\/person\/b9fee429ac8580ed216def21e04b2819"},"description":"On September 22\u201323, MenCare partner Il Cerchio dei Pap\u00e0 and University of Parma hosted a seminar in Parma, Italy on fatherhood and caregiving.","breadcrumb":{"@id":"http:\/\/www.mencare.org\/pt\/seminar-new-experiences-fatherhood-caregiving-held-parma-italy\/#breadcrumb"},"inLanguage":"es-MX","potentialAction":[{"@type":"ReadAction","target":["http:\/\/www.mencare.org\/pt\/seminar-new-experiences-fatherhood-caregiving-held-parma-italy\/"]}]},{"@type":"ImageObject","inLanguage":"es-MX","@id":"http:\/\/www.mencare.org\/pt\/seminar-new-experiences-fatherhood-caregiving-held-parma-italy\/#primaryimage","url":"https:\/\/www.mencare.org\/wp-content\/uploads\/2017\/09\/Parma-Fatherhood-Seminar-Sept2017-550px.jpg","contentUrl":"https:\/\/www.mencare.org\/wp-content\/uploads\/2017\/09\/Parma-Fatherhood-Seminar-Sept2017-550px.jpg","width":550,"height":400,"caption":"Participants at the fatherhood and caregiving held in Parma, Italy"},{"@type":"BreadcrumbList","@id":"http:\/\/www.mencare.org\/pt\/seminar-new-experiences-fatherhood-caregiving-held-parma-italy\/#breadcrumb","itemListElement":[{"@type":"ListItem","position":1,"name":"Home","item":"https:\/\/www.mencare.org\/"},{"@type":"ListItem","position":2,"name":"Seminar on new experiences of fatherhood and caregiving held in Parma, Italy"}]},{"@type":"WebSite","@id":"https:\/\/www.mencare.org\/#website","url":"https:\/\/www.mencare.org\/","name":"Cuidado de los hombres","description":"Una campa\u00f1a mundial por la paternidad","potentialAction":[{"@type":"SearchAction","target":{"@type":"EntryPoint","urlTemplate":"https:\/\/www.mencare.org\/?s={search_term_string}"},"query-input":{"@type":"PropertyValueSpecification","valueRequired":true,"valueName":"search_term_string"}}],"inLanguage":"es-MX"},{"@type":"Person","@id":"https:\/\/www.mencare.org\/#\/schema\/person\/b9fee429ac8580ed216def21e04b2819","name":"RadishLab","image":{"@type":"ImageObject","inLanguage":"es-MX","@id":"https:\/\/www.mencare.org\/#\/schema\/person\/image\/","url":"https:\/\/secure.gravatar.com\/avatar\/01a869e9508babcb1c66b6b41356b4ef63d5326e5b27c38b27ed4a46b8e36b9f?s=96&d=mm&r=g","contentUrl":"https:\/\/secure.gravatar.com\/avatar\/01a869e9508babcb1c66b6b41356b4ef63d5326e5b27c38b27ed4a46b8e36b9f?s=96&d=mm&r=g","caption":"RadishLab"},"url":"https:\/\/www.mencare.org\/es\/author\/radishlab\/"}]}},"_links":{"self":[{"href":"https:\/\/www.mencare.org\/es\/wp-json\/wp\/v2\/posts\/5835","targetHints":{"allow":["GET"]}}],"collection":[{"href":"https:\/\/www.mencare.org\/es\/wp-json\/wp\/v2\/posts"}],"about":[{"href":"https:\/\/www.mencare.org\/es\/wp-json\/wp\/v2\/types\/post"}],"author":[{"embeddable":true,"href":"https:\/\/www.mencare.org\/es\/wp-json\/wp\/v2\/users\/178"}],"replies":[{"embeddable":true,"href":"https:\/\/www.mencare.org\/es\/wp-json\/wp\/v2\/comments?post=5835"}],"version-history":[{"count":10,"href":"https:\/\/www.mencare.org\/es\/wp-json\/wp\/v2\/posts\/5835\/revisions"}],"predecessor-version":[{"id":6000,"href":"https:\/\/www.mencare.org\/es\/wp-json\/wp\/v2\/posts\/5835\/revisions\/6000"}],"wp:featuredmedia":[{"embeddable":true,"href":"https:\/\/www.mencare.org\/es\/wp-json\/wp\/v2\/media\/5944"}],"wp:attachment":[{"href":"https:\/\/www.mencare.org\/es\/wp-json\/wp\/v2\/media?parent=5835"}],"wp:term":[{"taxonomy":"category","embeddable":true,"href":"https:\/\/www.mencare.org\/es\/wp-json\/wp\/v2\/categories?post=5835"},{"taxonomy":"post_tag","embeddable":true,"href":"https:\/\/www.mencare.org\/es\/wp-json\/wp\/v2\/tags?post=5835"}],"curies":[{"name":"wp","href":"https:\/\/api.w.org\/{rel}","templated":true}]}}