{"id":6025,"date":"2017-12-18T15:42:19","date_gmt":"2017-12-18T19:42:19","guid":{"rendered":"https:\/\/www.mencare.org\/?p=6025"},"modified":"2017-12-18T15:43:17","modified_gmt":"2017-12-18T19:43:17","slug":"mencare-partners-expand-parental-leave-netherlands","status":"publish","type":"post","link":"https:\/\/www.mencare.org\/es\/mencare-partners-expand-parental-leave-netherlands\/","title":{"rendered":"Los socios de MenCare celebran el compromiso del gobierno de ampliar la licencia parental en los Pa\u00edses Bajos"},"content":{"rendered":"<div class=\"radius-fix\"><img loading=\"lazy\" decoding=\"async\" class=\"fullwidth alignnone wp-image-6027 size-full\" src=\"https:\/\/www.mencare.org\/wp-content\/uploads\/2017\/12\/Parental-Leave-Netherlands-1200px.jpg\" alt=\"\" width=\"1200\" height=\"630\" srcset=\"https:\/\/www.mencare.org\/wp-content\/uploads\/2017\/12\/Parental-Leave-Netherlands-1200px.jpg 1200w, https:\/\/www.mencare.org\/wp-content\/uploads\/2017\/12\/Parental-Leave-Netherlands-1200px-300x158.jpg 300w, https:\/\/www.mencare.org\/wp-content\/uploads\/2017\/12\/Parental-Leave-Netherlands-1200px-768x403.jpg 768w, https:\/\/www.mencare.org\/wp-content\/uploads\/2017\/12\/Parental-Leave-Netherlands-1200px-1024x538.jpg 1024w\" sizes=\"auto, (max-width: 1200px) 100vw, 1200px\" \/><\/div>\n<p>El 10 de octubre de 2017, los l\u00edderes del parlamento holand\u00e9s presentaron su nuevo acuerdo de coalici\u00f3n, titulado <a href=\"https:\/\/www.government.nl\/documents\/publications\/2017\/10\/10\/coalition-agreement-confidence-in-the-future\" target=\"_blank\" rel=\"noopener\"><em><u>Confianza en el futuro<\/u><\/em><\/a>, que incluye disposiciones para ampliar la licencia parental en los Pa\u00edses Bajos.<\/p>\n<p>En virtud del nuevo acuerdo, el gobierno holand\u00e9s acord\u00f3 ampliar la licencia para padres (y otras parejas) de dos a cinco d\u00edas de licencia totalmente remunerada, que se tomar\u00e1n inmediatamente despu\u00e9s del nacimiento de su hijo. Este aumento entrar\u00e1 en vigor el 1 de enero de 2019. Adem\u00e1s, un padre o pareja tendr\u00e1 derecho a cinco semanas adicionales de licencia parental no transferible, que se tomar\u00e1n durante los primeros seis meses despu\u00e9s del nacimiento de su hijo y se pagar\u00e1n a raz\u00f3n de 70% de su salario. Este derecho entrar\u00e1 en vigor el 1 de julio de 2020.<\/p>\n<p>Socio de MenCare <a href=\"https:\/\/www.rutgers.international\/\" target=\"_blank\" rel=\"noopener\"><u>Universidad Rutgers<\/u><\/a>, junto con muchos otros grupos en los Pa\u00edses Bajos, ha llevado a cabo durante a\u00f1os una amplia <a href=\"https:\/\/www.mencare.org\/es\/resources\/images-fatherhood-summary\/\"><u>investigaci\u00f3n<\/u><\/a> y <a href=\"https:\/\/www.mencare.org\/es\/2016\/09\/28\/netherlands-rutgers-adapts-mencare-parental-leave-platform-call-increased-paternity-leave\/\"><u>defensa<\/u><\/a> para ampliar la licencia parental en el pa\u00eds. Uniendo fuerzas con organizaciones de derechos del ni\u00f1o, grupos de padres y feministas, una plataforma de organizaciones y expertos holandeses \u2013llamada <a href=\"https:\/\/www.vaderzoektverlof.nl\/\" target=\"_blank\" rel=\"noopener\"><u>Vader Zoekt Verlof<\/u><\/a> (\u201cPadres en busca de licencia\u201d) \u2013 ha logrado un amplio apoyo pol\u00edtico para la expansi\u00f3n de la licencia parental, lo que result\u00f3 en el compromiso del nuevo gobierno de aumentarla.<\/p>\n<p>Si bien Vader Zoekt Verlof apoya un aumento a\u00fan mayor de las licencias, aplaude este cambio fundamental en la forma en que el gobierno holand\u00e9s considera el papel de los padres en el trabajo de cuidado. El reconocimiento por parte del gobierno de los hombres como cuidadores puede ayudar a fomentar un cambio cultural hacia una mayor igualdad en el lugar de trabajo, en el hogar y en las relaciones.<\/p>\n<p>El a\u00f1o que viene, Vader Zoekt Verlof seguir\u00e1 de cerca los acontecimientos pol\u00edticos nacionales para garantizar que la legislaci\u00f3n sea lo m\u00e1s inclusiva posible para todos los padres y parejas. Por ahora, la plataforma est\u00e1 celebrando el logro a trav\u00e9s de una nueva campa\u00f1a que incluye <a href=\"https:\/\/www.youtube.com\/channel\/UC9fO0yEa9yB8OkWGMxnwP1Q\/videos\" target=\"_blank\" rel=\"noopener\"><u>v\u00eddeos<\/u><\/a> y<a href=\"https:\/\/www.facebook.com\/Vaderzoektverlof\/\" target=\"_blank\" rel=\"noopener\"><u> Facebook<\/u><\/a> superar a.<\/p>\n<p>En el futuro, Rutgers tambi\u00e9n planea desarrollar un estudio de caso sobre la expansi\u00f3n de la licencia parental en los Pa\u00edses Bajos, con el fin de comprender los factores clave para el \u00e9xito y compartir las lecciones aprendidas con los socios de MenCare en todo el mundo.<\/p>\n<p><em>Para obtener m\u00e1s informaci\u00f3n, por favor\u00a0<a href=\"mailto:i.smit@rutgers.nl\" target=\"_blank\" rel=\"noopener\"><u>correo electr\u00f3nico<\/u>yo<\/a>\u00a0Ilze Smit, Universidad de Rutgers.<\/em><\/p>","protected":false},"excerpt":{"rendered":"<p>El 10 de octubre de 2017, los l\u00edderes del parlamento holand\u00e9s presentaron su nuevo acuerdo de coalici\u00f3n, titulado Confianza en el futuro, que incluye disposiciones para ampliar la licencia parental en los Pa\u00edses Bajos. En virtud del nuevo acuerdo, el gobierno holand\u00e9s acord\u00f3 extender la licencia para los padres (y otras parejas) de dos a cinco d\u00edas de licencia totalmente remunerada.&nbsp;<a class=\"read-more-link\" href=\"https:\/\/www.mencare.org\/es\/mencare-partners-expand-parental-leave-netherlands\/\">\u2026<\/a><\/p>","protected":false},"author":178,"featured_media":6026,"comment_status":"closed","ping_status":"closed","sticky":false,"template":"","format":"standard","meta":{"footnotes":""},"categories":[1],"tags":[377,195,199,226],"class_list":["post-6025","post","type-post","status-publish","format-standard","has-post-thumbnail","hentry","category-uncategorized","tag-netherlands","tag-parental-leave","tag-paternity-leave","tag-rutgers","countries-netherlands","initiative-the-case-for-parental-leave"],"acf":[],"yoast_head":"<!-- This site is optimized with the Yoast SEO plugin v25.9 - https:\/\/yoast.com\/wordpress\/plugins\/seo\/ -->\n<title>MenCare partners celebrate government commitment to expand parental leave in the Netherlands \u2013\u00a0MenCare<\/title>\n<meta name=\"description\" content=\"In October 2017, leaders of the Dutch parliament presented their new coalition agreement, including expansion of parental leave in the Netherlands.\" \/>\n<meta name=\"robots\" content=\"index, follow, max-snippet:-1, max-image-preview:large, max-video-preview:-1\" \/>\n<link rel=\"canonical\" href=\"http:\/\/www.mencare.org\/es\/mencare-partners-expand-parental-leave-netherlands\/\" \/>\n<meta property=\"og:locale\" content=\"es_MX\" \/>\n<meta property=\"og:type\" content=\"article\" \/>\n<meta property=\"og:title\" content=\"MenCare partners celebrate government commitment to expand parental leave in the Netherlands \u2013\u00a0MenCare\" \/>\n<meta property=\"og:description\" content=\"In October 2017, leaders of the Dutch parliament presented their new coalition agreement, including expansion of parental leave in the Netherlands.\" \/>\n<meta property=\"og:url\" content=\"http:\/\/www.mencare.org\/es\/mencare-partners-expand-parental-leave-netherlands\/\" \/>\n<meta property=\"og:site_name\" content=\"MenCare\" \/>\n<meta property=\"article:published_time\" content=\"2017-12-18T19:42:19+00:00\" \/>\n<meta property=\"article:modified_time\" content=\"2017-12-18T19:43:17+00:00\" \/>\n<meta property=\"og:image\" content=\"http:\/\/www.mencare.org\/wp-content\/uploads\/2017\/12\/Parental-Leave-Netherlands-1200px.jpg\" \/>\n\t<meta property=\"og:image:width\" content=\"1200\" \/>\n\t<meta property=\"og:image:height\" content=\"630\" \/>\n\t<meta property=\"og:image:type\" content=\"image\/jpeg\" \/>\n<meta name=\"author\" content=\"RadishLab\" \/>\n<meta name=\"twitter:card\" content=\"summary_large_image\" \/>\n<meta name=\"twitter:label1\" content=\"Written by\" \/>\n\t<meta name=\"twitter:data1\" content=\"RadishLab\" \/>\n\t<meta name=\"twitter:label2\" content=\"Est. reading time\" \/>\n\t<meta name=\"twitter:data2\" content=\"2 minutes\" \/>\n<script type=\"application\/ld+json\" class=\"yoast-schema-graph\">{\"@context\":\"https:\/\/schema.org\",\"@graph\":[{\"@type\":\"WebPage\",\"@id\":\"http:\/\/www.mencare.org\/mencare-partners-expand-parental-leave-netherlands\/\",\"url\":\"http:\/\/www.mencare.org\/mencare-partners-expand-parental-leave-netherlands\/\",\"name\":\"MenCare partners celebrate government commitment to expand parental leave in the Netherlands \u2013\u00a0MenCare\",\"isPartOf\":{\"@id\":\"https:\/\/www.mencare.org\/#website\"},\"primaryImageOfPage\":{\"@id\":\"http:\/\/www.mencare.org\/mencare-partners-expand-parental-leave-netherlands\/#primaryimage\"},\"image\":{\"@id\":\"http:\/\/www.mencare.org\/mencare-partners-expand-parental-leave-netherlands\/#primaryimage\"},\"thumbnailUrl\":\"https:\/\/www.mencare.org\/wp-content\/uploads\/2017\/12\/Parental-Leave-Netherlands-550px.jpg\",\"datePublished\":\"2017-12-18T19:42:19+00:00\",\"dateModified\":\"2017-12-18T19:43:17+00:00\",\"author\":{\"@id\":\"https:\/\/www.mencare.org\/#\/schema\/person\/b9fee429ac8580ed216def21e04b2819\"},\"description\":\"In October 2017, leaders of the Dutch parliament presented their new coalition agreement, including expansion of parental leave in the Netherlands.\",\"breadcrumb\":{\"@id\":\"http:\/\/www.mencare.org\/mencare-partners-expand-parental-leave-netherlands\/#breadcrumb\"},\"inLanguage\":\"es-MX\",\"potentialAction\":[{\"@type\":\"ReadAction\",\"target\":[\"http:\/\/www.mencare.org\/mencare-partners-expand-parental-leave-netherlands\/\"]}]},{\"@type\":\"ImageObject\",\"inLanguage\":\"es-MX\",\"@id\":\"http:\/\/www.mencare.org\/mencare-partners-expand-parental-leave-netherlands\/#primaryimage\",\"url\":\"https:\/\/www.mencare.org\/wp-content\/uploads\/2017\/12\/Parental-Leave-Netherlands-550px.jpg\",\"contentUrl\":\"https:\/\/www.mencare.org\/wp-content\/uploads\/2017\/12\/Parental-Leave-Netherlands-550px.jpg\",\"width\":550,\"height\":400},{\"@type\":\"BreadcrumbList\",\"@id\":\"http:\/\/www.mencare.org\/mencare-partners-expand-parental-leave-netherlands\/#breadcrumb\",\"itemListElement\":[{\"@type\":\"ListItem\",\"position\":1,\"name\":\"Home\",\"item\":\"https:\/\/www.mencare.org\/\"},{\"@type\":\"ListItem\",\"position\":2,\"name\":\"MenCare partners celebrate government commitment to expand parental leave in the Netherlands\"}]},{\"@type\":\"WebSite\",\"@id\":\"https:\/\/www.mencare.org\/#website\",\"url\":\"https:\/\/www.mencare.org\/\",\"name\":\"MenCare\",\"description\":\"A Global Fatherhood Campaign\",\"potentialAction\":[{\"@type\":\"SearchAction\",\"target\":{\"@type\":\"EntryPoint\",\"urlTemplate\":\"https:\/\/www.mencare.org\/?s={search_term_string}\"},\"query-input\":{\"@type\":\"PropertyValueSpecification\",\"valueRequired\":true,\"valueName\":\"search_term_string\"}}],\"inLanguage\":\"es-MX\"},{\"@type\":\"Person\",\"@id\":\"https:\/\/www.mencare.org\/#\/schema\/person\/b9fee429ac8580ed216def21e04b2819\",\"name\":\"RadishLab\",\"image\":{\"@type\":\"ImageObject\",\"inLanguage\":\"es-MX\",\"@id\":\"https:\/\/www.mencare.org\/#\/schema\/person\/image\/\",\"url\":\"https:\/\/secure.gravatar.com\/avatar\/01a869e9508babcb1c66b6b41356b4ef63d5326e5b27c38b27ed4a46b8e36b9f?s=96&d=mm&r=g\",\"contentUrl\":\"https:\/\/secure.gravatar.com\/avatar\/01a869e9508babcb1c66b6b41356b4ef63d5326e5b27c38b27ed4a46b8e36b9f?s=96&d=mm&r=g\",\"caption\":\"RadishLab\"},\"url\":\"https:\/\/www.mencare.org\/es\/author\/radishlab\/\"}]}<\/script>\n<!-- \/ Yoast SEO plugin. -->","yoast_head_json":{"title":"MenCare partners celebrate government commitment to expand parental leave in the Netherlands \u2013\u00a0MenCare","description":"In October 2017, leaders of the Dutch parliament presented their new coalition agreement, including expansion of parental leave in the Netherlands.","robots":{"index":"index","follow":"follow","max-snippet":"max-snippet:-1","max-image-preview":"max-image-preview:large","max-video-preview":"max-video-preview:-1"},"canonical":"http:\/\/www.mencare.org\/es\/mencare-partners-expand-parental-leave-netherlands\/","og_locale":"es_MX","og_type":"article","og_title":"MenCare partners celebrate government commitment to expand parental leave in the Netherlands \u2013\u00a0MenCare","og_description":"In October 2017, leaders of the Dutch parliament presented their new coalition agreement, including expansion of parental leave in the Netherlands.","og_url":"http:\/\/www.mencare.org\/es\/mencare-partners-expand-parental-leave-netherlands\/","og_site_name":"MenCare","article_published_time":"2017-12-18T19:42:19+00:00","article_modified_time":"2017-12-18T19:43:17+00:00","og_image":[{"width":1200,"height":630,"url":"http:\/\/www.mencare.org\/wp-content\/uploads\/2017\/12\/Parental-Leave-Netherlands-1200px.jpg","type":"image\/jpeg"}],"author":"RadishLab","twitter_card":"summary_large_image","twitter_misc":{"Written by":"RadishLab","Est. reading time":"2 minutes"},"schema":{"@context":"https:\/\/schema.org","@graph":[{"@type":"WebPage","@id":"http:\/\/www.mencare.org\/mencare-partners-expand-parental-leave-netherlands\/","url":"http:\/\/www.mencare.org\/mencare-partners-expand-parental-leave-netherlands\/","name":"MenCare partners celebrate government commitment to expand parental leave in the Netherlands \u2013\u00a0MenCare","isPartOf":{"@id":"https:\/\/www.mencare.org\/#website"},"primaryImageOfPage":{"@id":"http:\/\/www.mencare.org\/mencare-partners-expand-parental-leave-netherlands\/#primaryimage"},"image":{"@id":"http:\/\/www.mencare.org\/mencare-partners-expand-parental-leave-netherlands\/#primaryimage"},"thumbnailUrl":"https:\/\/www.mencare.org\/wp-content\/uploads\/2017\/12\/Parental-Leave-Netherlands-550px.jpg","datePublished":"2017-12-18T19:42:19+00:00","dateModified":"2017-12-18T19:43:17+00:00","author":{"@id":"https:\/\/www.mencare.org\/#\/schema\/person\/b9fee429ac8580ed216def21e04b2819"},"description":"In October 2017, leaders of the Dutch parliament presented their new coalition agreement, including expansion of parental leave in the Netherlands.","breadcrumb":{"@id":"http:\/\/www.mencare.org\/mencare-partners-expand-parental-leave-netherlands\/#breadcrumb"},"inLanguage":"es-MX","potentialAction":[{"@type":"ReadAction","target":["http:\/\/www.mencare.org\/mencare-partners-expand-parental-leave-netherlands\/"]}]},{"@type":"ImageObject","inLanguage":"es-MX","@id":"http:\/\/www.mencare.org\/mencare-partners-expand-parental-leave-netherlands\/#primaryimage","url":"https:\/\/www.mencare.org\/wp-content\/uploads\/2017\/12\/Parental-Leave-Netherlands-550px.jpg","contentUrl":"https:\/\/www.mencare.org\/wp-content\/uploads\/2017\/12\/Parental-Leave-Netherlands-550px.jpg","width":550,"height":400},{"@type":"BreadcrumbList","@id":"http:\/\/www.mencare.org\/mencare-partners-expand-parental-leave-netherlands\/#breadcrumb","itemListElement":[{"@type":"ListItem","position":1,"name":"Home","item":"https:\/\/www.mencare.org\/"},{"@type":"ListItem","position":2,"name":"MenCare partners celebrate government commitment to expand parental leave in the Netherlands"}]},{"@type":"WebSite","@id":"https:\/\/www.mencare.org\/#website","url":"https:\/\/www.mencare.org\/","name":"Cuidado de los hombres","description":"Una campa\u00f1a mundial por la paternidad","potentialAction":[{"@type":"SearchAction","target":{"@type":"EntryPoint","urlTemplate":"https:\/\/www.mencare.org\/?s={search_term_string}"},"query-input":{"@type":"PropertyValueSpecification","valueRequired":true,"valueName":"search_term_string"}}],"inLanguage":"es-MX"},{"@type":"Person","@id":"https:\/\/www.mencare.org\/#\/schema\/person\/b9fee429ac8580ed216def21e04b2819","name":"RadishLab","image":{"@type":"ImageObject","inLanguage":"es-MX","@id":"https:\/\/www.mencare.org\/#\/schema\/person\/image\/","url":"https:\/\/secure.gravatar.com\/avatar\/01a869e9508babcb1c66b6b41356b4ef63d5326e5b27c38b27ed4a46b8e36b9f?s=96&d=mm&r=g","contentUrl":"https:\/\/secure.gravatar.com\/avatar\/01a869e9508babcb1c66b6b41356b4ef63d5326e5b27c38b27ed4a46b8e36b9f?s=96&d=mm&r=g","caption":"RadishLab"},"url":"https:\/\/www.mencare.org\/es\/author\/radishlab\/"}]}},"_links":{"self":[{"href":"https:\/\/www.mencare.org\/es\/wp-json\/wp\/v2\/posts\/6025","targetHints":{"allow":["GET"]}}],"collection":[{"href":"https:\/\/www.mencare.org\/es\/wp-json\/wp\/v2\/posts"}],"about":[{"href":"https:\/\/www.mencare.org\/es\/wp-json\/wp\/v2\/types\/post"}],"author":[{"embeddable":true,"href":"https:\/\/www.mencare.org\/es\/wp-json\/wp\/v2\/users\/178"}],"replies":[{"embeddable":true,"href":"https:\/\/www.mencare.org\/es\/wp-json\/wp\/v2\/comments?post=6025"}],"version-history":[{"count":2,"href":"https:\/\/www.mencare.org\/es\/wp-json\/wp\/v2\/posts\/6025\/revisions"}],"predecessor-version":[{"id":6029,"href":"https:\/\/www.mencare.org\/es\/wp-json\/wp\/v2\/posts\/6025\/revisions\/6029"}],"wp:featuredmedia":[{"embeddable":true,"href":"https:\/\/www.mencare.org\/es\/wp-json\/wp\/v2\/media\/6026"}],"wp:attachment":[{"href":"https:\/\/www.mencare.org\/es\/wp-json\/wp\/v2\/media?parent=6025"}],"wp:term":[{"taxonomy":"category","embeddable":true,"href":"https:\/\/www.mencare.org\/es\/wp-json\/wp\/v2\/categories?post=6025"},{"taxonomy":"post_tag","embeddable":true,"href":"https:\/\/www.mencare.org\/es\/wp-json\/wp\/v2\/tags?post=6025"}],"curies":[{"name":"wp","href":"https:\/\/api.w.org\/{rel}","templated":true}]}}