{"id":6803,"date":"2019-02-05T14:55:23","date_gmt":"2019-02-05T18:55:23","guid":{"rendered":"https:\/\/www.mencare.org\/?p=6803"},"modified":"2019-02-05T14:56:10","modified_gmt":"2019-02-05T18:56:10","slug":"my-experience-becoming-the-primary-caregiver-for-our-children","status":"publish","type":"post","link":"https:\/\/www.mencare.org\/es\/my-experience-becoming-the-primary-caregiver-for-our-children\/","title":{"rendered":"Mi experiencia convirti\u00e9ndome en el cuidador principal de nuestros hijos"},"content":{"rendered":"<div class=\"radius-fix\"><img loading=\"lazy\" decoding=\"async\" class=\"fullwidth alignnone wp-image-6810 size-full\" src=\"https:\/\/www.mencare.org\/wp-content\/uploads\/2019\/02\/fred_Banner.jpg\" alt=\"\" width=\"1200\" height=\"620\" srcset=\"https:\/\/www.mencare.org\/wp-content\/uploads\/2019\/02\/fred_Banner.jpg 1200w, https:\/\/www.mencare.org\/wp-content\/uploads\/2019\/02\/fred_Banner-300x155.jpg 300w, https:\/\/www.mencare.org\/wp-content\/uploads\/2019\/02\/fred_Banner-768x397.jpg 768w, https:\/\/www.mencare.org\/wp-content\/uploads\/2019\/02\/fred_Banner-1024x529.jpg 1024w\" sizes=\"auto, (max-width: 1200px) 100vw, 1200px\" \/><\/div>\n<p><em>Por <\/em><em><a href=\"http:\/\/www.federicobastiani.org\/\" target=\"_blank\" rel=\"noopener\">Federico Bastiani<\/a><\/em><\/p>\n<p>Cuando me acercaba a los 40, con dos ni\u00f1os de 2 y 5 a\u00f1os, sent\u00ed la necesidad de empezar a priorizar.<\/p>\n<p>Despu\u00e9s de haber pasado m\u00e1s de diez a\u00f1os en una oficina de marketing, trabajando m\u00e1s de diez horas al d\u00eda, mi rutina consist\u00eda en llegar a casa por la noche demasiado cansado para jugar con mis hijos. Sent\u00eda que el tiempo pasaba demasiado r\u00e1pido y que me perd\u00eda muchas cosas. Mi esposa siempre se hab\u00eda dedicado a la familia, sacrificando su vida profesional. En nuestro caso, tanto los abuelos maternos como los paternos viv\u00edan demasiado lejos, y las ni\u00f1eras costaban m\u00e1s de la mitad del sueldo. Pens\u00e9 que esto significaba que necesitaba trabajar a\u00fan m\u00e1s y sacrificar a\u00fan m\u00e1s tiempo con mis hijos. Sin embargo, me di cuenta de que necesitaba salir de la proverbial rueda de h\u00e1mster.<\/p>\n<p>Empec\u00e9 a pensar en una soluci\u00f3n transitoria y empec\u00e9 por pedir una baja por maternidad o paternidad, seis meses por cada hijo, y cobrar el 30% de mi salario. La baja por maternidad o paternidad no es universal, pero tiene el poder de ayudar a transformar las desigualdades de g\u00e9nero y mejorar la vida de los padres y los hijos. En Italia, muy pocos padres optan por esta opci\u00f3n, y en mi empresa era algo inaudito, pero decid\u00ed intentarlo.<\/p>\n<p>Era necesario darle prioridad a lo que consideraba m\u00e1s importante. Pasamos m\u00e1s tiempo comparando descuentos y mejores precios, y tenemos la suerte de estar rodeados de amigos que tienen hijos mayores que podr\u00edan pasarles ropa y juguetes usados y de buena calidad, muy queridos y de gran calidad.<\/p>\n<p>Estos privilegios nos han permitido simplificar nuestro estilo de vida y controlar los gastos, viviendo dentro de nuestras posibilidades. Lo \u00fanico que realmente importa para nuestra familia es pasar tiempo juntos y viajar tanto como podamos. En este a\u00f1o de transici\u00f3n, mi mujer empez\u00f3 a buscar trabajo y yo pens\u00e9 en c\u00f3mo reinventarme en el mundo de la comunicaci\u00f3n como freelance. Al final del a\u00f1o de vacaciones, la elecci\u00f3n no fue f\u00e1cil. Estaba decidiendo dejar un trabajo fijo y lanzarme de cabeza a la incertidumbre, pero tambi\u00e9n record\u00e9 que no estaba satisfecho con el acuerdo anterior. Algo ten\u00eda que cambiar.<\/p>\n<p>Mi esposa finalmente encontr\u00f3 un trabajo que le encanta y que se adapta perfectamente a ella, y yo encontr\u00e9 a mis primeros clientes por el boca a boca. Al final, logramos adoptar un nuevo estilo de vida. Por supuesto, trabajar desde casa y al mismo tiempo cuidar de dos ni\u00f1os no es f\u00e1cil. En una ocasi\u00f3n, tuve una llamada importante con dos personas, una en Estados Unidos y otra en Jap\u00f3n. La llamada se program\u00f3 durante la siesta de mi hijo menor, pero el beb\u00e9 se despert\u00f3 temprano, cinco minutos antes de la llamada. Decid\u00ed poner a los dos ni\u00f1os en una ba\u00f1era baja, pero en medio de la llamada escuch\u00e9 a mi hijo mayor gritar desde el ba\u00f1o. Me dirig\u00ed al ba\u00f1o para ver qu\u00e9 estaba pasando y descubr\u00ed que mi hijo menor hab\u00eda hecho sus necesidades en la ba\u00f1era y estaba esparciendo su creaci\u00f3n por todo el ba\u00f1o, para gran disgusto y horror de mi hijo mayor, que en ese momento estaba hist\u00e9rico. La llamada tuvo que ser interrumpida, como puedes imaginar. Esta es solo una de las muchas historias de un trabajador independiente y padre a tiempo completo.<\/p>\n<p>A menudo trabajo los domingos o hasta altas horas de la noche. Mi esposa y yo solemos organizar los horarios como si se tratara de una carrera de relevos. Al mismo tiempo, tambi\u00e9n puedo ser testigo de c\u00f3mo mi esposa prospera y finalmente recupera su puesto en el mundo laboral, una oportunidad que, lamentablemente, todav\u00eda se les niega a muchas mujeres debido a la carga desigual del trabajo de cuidados que enfrentan, as\u00ed como a la brecha salarial de g\u00e9nero y otras desigualdades. La paternidad es, sin duda, agotadora, pero en estos dos a\u00f1os que miro hacia atr\u00e1s en mi vida puedo dar fe de que ver a los hijos crecer d\u00eda a d\u00eda es un lujo, y me siento bendecido por poder participar en su cuidado.<\/p>","protected":false},"excerpt":{"rendered":"<p>Cuando me acercaba a los 40 a\u00f1os, con dos hijos de 2 y 5 a\u00f1os, sent\u00ed la necesidad de empezar a priorizar. Despu\u00e9s de haber pasado m\u00e1s de diez a\u00f1os en una oficina de marketing, trabajando m\u00e1s de diez horas al d\u00eda, mi rutina consist\u00eda en llegar a casa por la noche demasiado cansado para jugar con mis hijos. Sent\u00eda que el tiempo pasaba demasiado r\u00e1pido y que me perd\u00eda muchas cosas. Mi esposa siempre se hab\u00eda dedicado a la familia, sacrificando su vida profesional. En nuestro caso, los abuelos maternos y paternos estaban demasiado lejos, y las ni\u00f1eras costaban m\u00e1s de la mitad del salario.<\/p>","protected":false},"author":178,"featured_media":6811,"comment_status":"closed","ping_status":"closed","sticky":false,"template":"","format":"standard","meta":{"footnotes":""},"categories":[653],"tags":[516,734,547,195,199,736],"class_list":["post-6803","post","type-post","status-publish","format-standard","has-post-thumbnail","hentry","category-fatherhood-and-caregiving","tag-caregiving","tag-equitable","tag-italy","tag-parental-leave","tag-paternity-leave","tag-primary-caregiver","countries-italy","initiative-the-case-for-parental-leave"],"acf":[],"yoast_head":"<!-- This site is optimized with the Yoast SEO plugin v25.9 - https:\/\/yoast.com\/wordpress\/plugins\/seo\/ -->\n<title>My experience becoming the primary caregiver for our children - MenCare<\/title>\n<meta name=\"description\" content=\"Fatherhood is undoubtedly tiring, but in these two years I look back on my life and can testify that watching one&#039;s children growing day-by-day is a luxury.\" \/>\n<meta name=\"robots\" content=\"index, follow, max-snippet:-1, max-image-preview:large, max-video-preview:-1\" \/>\n<link rel=\"canonical\" href=\"https:\/\/www.mencare.org\/es\/my-experience-becoming-the-primary-caregiver-for-our-children\/\" \/>\n<meta property=\"og:locale\" content=\"es_MX\" \/>\n<meta property=\"og:type\" content=\"article\" \/>\n<meta property=\"og:title\" content=\"My experience becoming the primary caregiver for our children\" \/>\n<meta property=\"og:description\" content=\"&quot;When I was nearing 40, with two children aged 2 and 5 years old, I felt the need to start prioritizing.&quot;\" \/>\n<meta property=\"og:url\" content=\"https:\/\/www.mencare.org\/es\/my-experience-becoming-the-primary-caregiver-for-our-children\/\" \/>\n<meta property=\"og:site_name\" content=\"MenCare\" \/>\n<meta property=\"article:published_time\" content=\"2019-02-05T18:55:23+00:00\" \/>\n<meta property=\"article:modified_time\" content=\"2019-02-05T18:56:10+00:00\" \/>\n<meta property=\"og:image\" content=\"https:\/\/www.mencare.org\/wp-content\/uploads\/2019\/02\/fred_Banner.jpg\" \/>\n\t<meta property=\"og:image:width\" content=\"1200\" \/>\n\t<meta property=\"og:image:height\" content=\"620\" \/>\n\t<meta property=\"og:image:type\" content=\"image\/jpeg\" \/>\n<meta name=\"author\" content=\"RadishLab\" \/>\n<meta name=\"twitter:card\" content=\"summary_large_image\" \/>\n<meta name=\"twitter:label1\" content=\"Written by\" \/>\n\t<meta name=\"twitter:data1\" content=\"RadishLab\" \/>\n\t<meta name=\"twitter:label2\" content=\"Est. reading time\" \/>\n\t<meta name=\"twitter:data2\" content=\"3 minutes\" \/>\n<script type=\"application\/ld+json\" class=\"yoast-schema-graph\">{\"@context\":\"https:\/\/schema.org\",\"@graph\":[{\"@type\":\"WebPage\",\"@id\":\"https:\/\/www.mencare.org\/pt\/my-experience-becoming-the-primary-caregiver-for-our-children\/\",\"url\":\"https:\/\/www.mencare.org\/pt\/my-experience-becoming-the-primary-caregiver-for-our-children\/\",\"name\":\"My experience becoming the primary caregiver for our children - MenCare\",\"isPartOf\":{\"@id\":\"https:\/\/www.mencare.org\/#website\"},\"primaryImageOfPage\":{\"@id\":\"https:\/\/www.mencare.org\/pt\/my-experience-becoming-the-primary-caregiver-for-our-children\/#primaryimage\"},\"image\":{\"@id\":\"https:\/\/www.mencare.org\/pt\/my-experience-becoming-the-primary-caregiver-for-our-children\/#primaryimage\"},\"thumbnailUrl\":\"https:\/\/www.mencare.org\/wp-content\/uploads\/2019\/02\/Fred_feat.jpg\",\"datePublished\":\"2019-02-05T18:55:23+00:00\",\"dateModified\":\"2019-02-05T18:56:10+00:00\",\"author\":{\"@id\":\"https:\/\/www.mencare.org\/#\/schema\/person\/b9fee429ac8580ed216def21e04b2819\"},\"description\":\"Fatherhood is undoubtedly tiring, but in these two years I look back on my life and can testify that watching one's children growing day-by-day is a luxury.\",\"breadcrumb\":{\"@id\":\"https:\/\/www.mencare.org\/pt\/my-experience-becoming-the-primary-caregiver-for-our-children\/#breadcrumb\"},\"inLanguage\":\"es-MX\",\"potentialAction\":[{\"@type\":\"ReadAction\",\"target\":[\"https:\/\/www.mencare.org\/pt\/my-experience-becoming-the-primary-caregiver-for-our-children\/\"]}]},{\"@type\":\"ImageObject\",\"inLanguage\":\"es-MX\",\"@id\":\"https:\/\/www.mencare.org\/pt\/my-experience-becoming-the-primary-caregiver-for-our-children\/#primaryimage\",\"url\":\"https:\/\/www.mencare.org\/wp-content\/uploads\/2019\/02\/Fred_feat.jpg\",\"contentUrl\":\"https:\/\/www.mencare.org\/wp-content\/uploads\/2019\/02\/Fred_feat.jpg\",\"width\":550,\"height\":400},{\"@type\":\"BreadcrumbList\",\"@id\":\"https:\/\/www.mencare.org\/pt\/my-experience-becoming-the-primary-caregiver-for-our-children\/#breadcrumb\",\"itemListElement\":[{\"@type\":\"ListItem\",\"position\":1,\"name\":\"Home\",\"item\":\"https:\/\/www.mencare.org\/\"},{\"@type\":\"ListItem\",\"position\":2,\"name\":\"My experience becoming the primary caregiver for our children\"}]},{\"@type\":\"WebSite\",\"@id\":\"https:\/\/www.mencare.org\/#website\",\"url\":\"https:\/\/www.mencare.org\/\",\"name\":\"MenCare\",\"description\":\"A Global Fatherhood Campaign\",\"potentialAction\":[{\"@type\":\"SearchAction\",\"target\":{\"@type\":\"EntryPoint\",\"urlTemplate\":\"https:\/\/www.mencare.org\/?s={search_term_string}\"},\"query-input\":{\"@type\":\"PropertyValueSpecification\",\"valueRequired\":true,\"valueName\":\"search_term_string\"}}],\"inLanguage\":\"es-MX\"},{\"@type\":\"Person\",\"@id\":\"https:\/\/www.mencare.org\/#\/schema\/person\/b9fee429ac8580ed216def21e04b2819\",\"name\":\"RadishLab\",\"image\":{\"@type\":\"ImageObject\",\"inLanguage\":\"es-MX\",\"@id\":\"https:\/\/www.mencare.org\/#\/schema\/person\/image\/\",\"url\":\"https:\/\/secure.gravatar.com\/avatar\/01a869e9508babcb1c66b6b41356b4ef63d5326e5b27c38b27ed4a46b8e36b9f?s=96&d=mm&r=g\",\"contentUrl\":\"https:\/\/secure.gravatar.com\/avatar\/01a869e9508babcb1c66b6b41356b4ef63d5326e5b27c38b27ed4a46b8e36b9f?s=96&d=mm&r=g\",\"caption\":\"RadishLab\"},\"url\":\"https:\/\/www.mencare.org\/es\/author\/radishlab\/\"}]}<\/script>\n<!-- \/ Yoast SEO plugin. -->","yoast_head_json":{"title":"My experience becoming the primary caregiver for our children - MenCare","description":"Fatherhood is undoubtedly tiring, but in these two years I look back on my life and can testify that watching one's children growing day-by-day is a luxury.","robots":{"index":"index","follow":"follow","max-snippet":"max-snippet:-1","max-image-preview":"max-image-preview:large","max-video-preview":"max-video-preview:-1"},"canonical":"https:\/\/www.mencare.org\/es\/my-experience-becoming-the-primary-caregiver-for-our-children\/","og_locale":"es_MX","og_type":"article","og_title":"My experience becoming the primary caregiver for our children","og_description":"\"When I was nearing 40, with two children aged 2 and 5 years old, I felt the need to start prioritizing.\"","og_url":"https:\/\/www.mencare.org\/es\/my-experience-becoming-the-primary-caregiver-for-our-children\/","og_site_name":"MenCare","article_published_time":"2019-02-05T18:55:23+00:00","article_modified_time":"2019-02-05T18:56:10+00:00","og_image":[{"width":1200,"height":620,"url":"https:\/\/www.mencare.org\/wp-content\/uploads\/2019\/02\/fred_Banner.jpg","type":"image\/jpeg"}],"author":"RadishLab","twitter_card":"summary_large_image","twitter_misc":{"Written by":"RadishLab","Est. reading time":"3 minutes"},"schema":{"@context":"https:\/\/schema.org","@graph":[{"@type":"WebPage","@id":"https:\/\/www.mencare.org\/pt\/my-experience-becoming-the-primary-caregiver-for-our-children\/","url":"https:\/\/www.mencare.org\/pt\/my-experience-becoming-the-primary-caregiver-for-our-children\/","name":"My experience becoming the primary caregiver for our children - MenCare","isPartOf":{"@id":"https:\/\/www.mencare.org\/#website"},"primaryImageOfPage":{"@id":"https:\/\/www.mencare.org\/pt\/my-experience-becoming-the-primary-caregiver-for-our-children\/#primaryimage"},"image":{"@id":"https:\/\/www.mencare.org\/pt\/my-experience-becoming-the-primary-caregiver-for-our-children\/#primaryimage"},"thumbnailUrl":"https:\/\/www.mencare.org\/wp-content\/uploads\/2019\/02\/Fred_feat.jpg","datePublished":"2019-02-05T18:55:23+00:00","dateModified":"2019-02-05T18:56:10+00:00","author":{"@id":"https:\/\/www.mencare.org\/#\/schema\/person\/b9fee429ac8580ed216def21e04b2819"},"description":"Fatherhood is undoubtedly tiring, but in these two years I look back on my life and can testify that watching one's children growing day-by-day is a luxury.","breadcrumb":{"@id":"https:\/\/www.mencare.org\/pt\/my-experience-becoming-the-primary-caregiver-for-our-children\/#breadcrumb"},"inLanguage":"es-MX","potentialAction":[{"@type":"ReadAction","target":["https:\/\/www.mencare.org\/pt\/my-experience-becoming-the-primary-caregiver-for-our-children\/"]}]},{"@type":"ImageObject","inLanguage":"es-MX","@id":"https:\/\/www.mencare.org\/pt\/my-experience-becoming-the-primary-caregiver-for-our-children\/#primaryimage","url":"https:\/\/www.mencare.org\/wp-content\/uploads\/2019\/02\/Fred_feat.jpg","contentUrl":"https:\/\/www.mencare.org\/wp-content\/uploads\/2019\/02\/Fred_feat.jpg","width":550,"height":400},{"@type":"BreadcrumbList","@id":"https:\/\/www.mencare.org\/pt\/my-experience-becoming-the-primary-caregiver-for-our-children\/#breadcrumb","itemListElement":[{"@type":"ListItem","position":1,"name":"Home","item":"https:\/\/www.mencare.org\/"},{"@type":"ListItem","position":2,"name":"My experience becoming the primary caregiver for our children"}]},{"@type":"WebSite","@id":"https:\/\/www.mencare.org\/#website","url":"https:\/\/www.mencare.org\/","name":"Cuidado de los hombres","description":"Una campa\u00f1a mundial por la paternidad","potentialAction":[{"@type":"SearchAction","target":{"@type":"EntryPoint","urlTemplate":"https:\/\/www.mencare.org\/?s={search_term_string}"},"query-input":{"@type":"PropertyValueSpecification","valueRequired":true,"valueName":"search_term_string"}}],"inLanguage":"es-MX"},{"@type":"Person","@id":"https:\/\/www.mencare.org\/#\/schema\/person\/b9fee429ac8580ed216def21e04b2819","name":"RadishLab","image":{"@type":"ImageObject","inLanguage":"es-MX","@id":"https:\/\/www.mencare.org\/#\/schema\/person\/image\/","url":"https:\/\/secure.gravatar.com\/avatar\/01a869e9508babcb1c66b6b41356b4ef63d5326e5b27c38b27ed4a46b8e36b9f?s=96&d=mm&r=g","contentUrl":"https:\/\/secure.gravatar.com\/avatar\/01a869e9508babcb1c66b6b41356b4ef63d5326e5b27c38b27ed4a46b8e36b9f?s=96&d=mm&r=g","caption":"RadishLab"},"url":"https:\/\/www.mencare.org\/es\/author\/radishlab\/"}]}},"_links":{"self":[{"href":"https:\/\/www.mencare.org\/es\/wp-json\/wp\/v2\/posts\/6803","targetHints":{"allow":["GET"]}}],"collection":[{"href":"https:\/\/www.mencare.org\/es\/wp-json\/wp\/v2\/posts"}],"about":[{"href":"https:\/\/www.mencare.org\/es\/wp-json\/wp\/v2\/types\/post"}],"author":[{"embeddable":true,"href":"https:\/\/www.mencare.org\/es\/wp-json\/wp\/v2\/users\/178"}],"replies":[{"embeddable":true,"href":"https:\/\/www.mencare.org\/es\/wp-json\/wp\/v2\/comments?post=6803"}],"version-history":[{"count":0,"href":"https:\/\/www.mencare.org\/es\/wp-json\/wp\/v2\/posts\/6803\/revisions"}],"wp:featuredmedia":[{"embeddable":true,"href":"https:\/\/www.mencare.org\/es\/wp-json\/wp\/v2\/media\/6811"}],"wp:attachment":[{"href":"https:\/\/www.mencare.org\/es\/wp-json\/wp\/v2\/media?parent=6803"}],"wp:term":[{"taxonomy":"category","embeddable":true,"href":"https:\/\/www.mencare.org\/es\/wp-json\/wp\/v2\/categories?post=6803"},{"taxonomy":"post_tag","embeddable":true,"href":"https:\/\/www.mencare.org\/es\/wp-json\/wp\/v2\/tags?post=6803"}],"curies":[{"name":"wp","href":"https:\/\/api.w.org\/{rel}","templated":true}]}}