{"id":7198,"date":"2020-08-11T15:39:07","date_gmt":"2020-08-11T19:39:07","guid":{"rendered":"https:\/\/www.mencare.org\/?p=7198"},"modified":"2020-08-11T15:39:07","modified_gmt":"2020-08-11T19:39:07","slug":"deeds-driven-dads-establishes-new-caribbean-fatherhood-coalition","status":"publish","type":"post","link":"https:\/\/www.mencare.org\/es\/deeds-driven-dads-establishes-new-caribbean-fatherhood-coalition\/","title":{"rendered":"Deeds Driven Dads establece una nueva Coalici\u00f3n de Paternidad del Caribe"},"content":{"rendered":"<figure id=\"attachment_7199\" aria-describedby=\"caption-attachment-7199\" style=\"width: 1200px\" class=\"wp-caption alignnone\"><img loading=\"lazy\" decoding=\"async\" class=\"fullwidth wp-image-7199 size-full\" src=\"https:\/\/www.mencare.org\/wp-content\/uploads\/2020\/08\/Future-Fathers-Club-.jpg\" alt=\"\" width=\"1200\" height=\"631\" srcset=\"https:\/\/www.mencare.org\/wp-content\/uploads\/2020\/08\/Future-Fathers-Club-.jpg 1200w, https:\/\/www.mencare.org\/wp-content\/uploads\/2020\/08\/Future-Fathers-Club--300x158.jpg 300w, https:\/\/www.mencare.org\/wp-content\/uploads\/2020\/08\/Future-Fathers-Club--768x404.jpg 768w, https:\/\/www.mencare.org\/wp-content\/uploads\/2020\/08\/Future-Fathers-Club--1024x538.jpg 1024w\" sizes=\"auto, (max-width: 1200px) 100vw, 1200px\" \/><figcaption id=\"caption-attachment-7199\" class=\"wp-caption-text\">Club de futuros padres<\/figcaption><\/figure>\n<p><em>Esta historia fue escrita por Stevan Lynn, Deeds Driven Dads.<\/em><\/p>\n<p>Deeds Driven Dads fue recientemente honrado por la hist\u00f3rica Organizaci\u00f3n de Estados del Caribe Oriental (OECO) como Embajador del Movimiento de Desarrollo Comunitario Sostenible, una iniciativa regional de desarrollo social y econ\u00f3mico creada a ra\u00edz de la pandemia de COVID-19, que abarca una gran variedad de iniciativas comunitarias sostenibles, desde el emprendimiento innovador hasta el cierre de la brecha digital.<\/p>\n<p>La misi\u00f3n de Deeds Driven Dad de trabajar con padres en todo el Caribe ha sido reconocida como de vital importancia para lograr una sostenibilidad comunitaria duradera con nuevas ideas de vanguardia, oportunidades y capacitaciones y servicios para la fuerza laboral, reduciendo la creciente dependencia del turismo como principal fuente de estabilidad econ\u00f3mica.<\/p>\n<p>Es bajo esta luz que Deeds Driven Dads ha establecido la Coalici\u00f3n de Paternidad del Caribe, galvanizando a la regi\u00f3n en la organizaci\u00f3n de recursos, informaci\u00f3n, capacitaciones, defensa, oportunidades y educaci\u00f3n para padres y figuras paternas, creando as\u00ed un enfoque unificado para abordar problemas de larga data que han afectado negativamente a familias, comunidades y naciones.<\/p>\n<p>Nuestro lema sigue siendo m\u00e1s v\u00e1lido que nunca: \u201c\u00a1La paternidad son hechos, no palabras!\u201d<\/p>\n<figure id=\"attachment_7200\" aria-describedby=\"caption-attachment-7200\" style=\"width: 1200px\" class=\"wp-caption alignnone\"><img loading=\"lazy\" decoding=\"async\" class=\"wp-image-7200\" src=\"https:\/\/www.mencare.org\/wp-content\/uploads\/2020\/08\/Antigua-Team.jpg\" alt=\"\" width=\"1200\" height=\"485\" srcset=\"https:\/\/www.mencare.org\/wp-content\/uploads\/2020\/08\/Antigua-Team.jpg 3644w, https:\/\/www.mencare.org\/wp-content\/uploads\/2020\/08\/Antigua-Team-300x121.jpg 300w, https:\/\/www.mencare.org\/wp-content\/uploads\/2020\/08\/Antigua-Team-768x310.jpg 768w, https:\/\/www.mencare.org\/wp-content\/uploads\/2020\/08\/Antigua-Team-1024x414.jpg 1024w\" sizes=\"auto, (max-width: 1200px) 100vw, 1200px\" \/><figcaption id=\"caption-attachment-7200\" class=\"wp-caption-text\">Equipo de Antigua<\/figcaption><\/figure>\n<figure id=\"attachment_7201\" aria-describedby=\"caption-attachment-7201\" style=\"width: 300px\" class=\"wp-caption alignleft\"><img loading=\"lazy\" decoding=\"async\" class=\"wp-image-7201 size-medium\" src=\"https:\/\/www.mencare.org\/wp-content\/uploads\/2020\/08\/Caribbrean-Fatherhood-Coalitiion-300x257.jpg\" alt=\"\" width=\"300\" height=\"257\" srcset=\"https:\/\/www.mencare.org\/wp-content\/uploads\/2020\/08\/Caribbrean-Fatherhood-Coalitiion-300x257.jpg 300w, https:\/\/www.mencare.org\/wp-content\/uploads\/2020\/08\/Caribbrean-Fatherhood-Coalitiion-768x658.jpg 768w, https:\/\/www.mencare.org\/wp-content\/uploads\/2020\/08\/Caribbrean-Fatherhood-Coalitiion-1024x877.jpg 1024w, https:\/\/www.mencare.org\/wp-content\/uploads\/2020\/08\/Caribbrean-Fatherhood-Coalitiion.jpg 1167w\" sizes=\"auto, (max-width: 300px) 100vw, 300px\" \/><figcaption id=\"caption-attachment-7201\" class=\"wp-caption-text\">Coalici\u00f3n de paternidad del Caribe<\/figcaption><\/figure>\n<p>&nbsp;<\/p>\n<p>&nbsp;<\/p>\n<p>&nbsp;<\/p>\n<p>&nbsp;<\/p>\n<p>&nbsp;<\/p>\n<p>&nbsp;<\/p>\n<p>&nbsp;<\/p>\n<p>&nbsp;<\/p>\n<figure id=\"attachment_7202\" aria-describedby=\"caption-attachment-7202\" style=\"width: 300px\" class=\"wp-caption alignleft\"><img loading=\"lazy\" decoding=\"async\" class=\"size-medium wp-image-7202\" src=\"https:\/\/www.mencare.org\/wp-content\/uploads\/2020\/08\/Coach-Lynn-300x210.jpg\" alt=\"\" width=\"300\" height=\"210\" srcset=\"https:\/\/www.mencare.org\/wp-content\/uploads\/2020\/08\/Coach-Lynn-300x210.jpg 300w, https:\/\/www.mencare.org\/wp-content\/uploads\/2020\/08\/Coach-Lynn-156x109.jpg 156w, https:\/\/www.mencare.org\/wp-content\/uploads\/2020\/08\/Coach-Lynn.jpg 528w\" sizes=\"auto, (max-width: 300px) 100vw, 300px\" \/><figcaption id=\"caption-attachment-7202\" class=\"wp-caption-text\">Entrenador Lynn<\/figcaption><\/figure>\n<p>&nbsp;<\/p>\n<figure id=\"attachment_7203\" aria-describedby=\"caption-attachment-7203\" style=\"width: 272px\" class=\"wp-caption alignnone\"><img loading=\"lazy\" decoding=\"async\" class=\"size-medium wp-image-7203\" src=\"https:\/\/www.mencare.org\/wp-content\/uploads\/2020\/08\/Deeds-Driven-Dads-International-272x300.png\" alt=\"\" width=\"272\" height=\"300\" srcset=\"https:\/\/www.mencare.org\/wp-content\/uploads\/2020\/08\/Deeds-Driven-Dads-International-272x300.png 272w, https:\/\/www.mencare.org\/wp-content\/uploads\/2020\/08\/Deeds-Driven-Dads-International-768x846.png 768w, https:\/\/www.mencare.org\/wp-content\/uploads\/2020\/08\/Deeds-Driven-Dads-International.png 867w\" sizes=\"auto, (max-width: 272px) 100vw, 272px\" \/><figcaption id=\"caption-attachment-7203\" class=\"wp-caption-text\">Pap\u00e1s motivados por las acciones<\/figcaption><\/figure>","protected":false},"excerpt":{"rendered":"<p>Deeds Driven Dads fue recientemente honrado por la hist\u00f3rica Organizaci\u00f3n de Estados del Caribe Oriental (OECO) como Embajador del Movimiento de Desarrollo Comunitario Sostenible, una iniciativa regional de construcci\u00f3n social y econ\u00f3mica creada a ra\u00edz de la pandemia de COVID-19, que abarca una gran variedad de iniciativas comunitarias sostenibles, desde el emprendimiento innovador hasta el cierre de la brecha digital.<\/p>","protected":false},"author":173,"featured_media":7204,"comment_status":"closed","ping_status":"closed","sticky":false,"template":"","format":"standard","meta":{"footnotes":""},"categories":[653],"tags":[798,833,634],"class_list":["post-7198","post","type-post","status-publish","format-standard","has-post-thumbnail","hentry","category-fatherhood-and-caregiving","tag-deeds-driven-dads","tag-partner","tag-the-caribbean","countries-united-states"],"acf":[],"yoast_head":"<!-- This site is optimized with the Yoast SEO plugin v25.9 - https:\/\/yoast.com\/wordpress\/plugins\/seo\/ -->\n<title>Deeds Driven Dads establishes new Caribbean Fatherhood Coalition - MenCare<\/title>\n<meta name=\"robots\" content=\"index, follow, max-snippet:-1, max-image-preview:large, max-video-preview:-1\" \/>\n<link rel=\"canonical\" href=\"https:\/\/www.mencare.org\/es\/deeds-driven-dads-establishes-new-caribbean-fatherhood-coalition\/\" \/>\n<meta property=\"og:locale\" content=\"es_MX\" \/>\n<meta property=\"og:type\" content=\"article\" \/>\n<meta property=\"og:title\" content=\"Deeds Driven Dads establishes new Caribbean Fatherhood Coalition - MenCare\" \/>\n<meta property=\"og:description\" content=\"Deeds Driven Dads, was recently honored by the historic Organization of Eastern Caribbean States (OECS) as Ambassador to the Sustainable Community Development Movement, a regional social and economic\u00a0building initiative created in the wake of the COVID-19 pandemic, encompassing a myriad of sustainable community initiatives from innovative entrepreneurship to closing the digital divide.\" \/>\n<meta property=\"og:url\" content=\"https:\/\/www.mencare.org\/es\/deeds-driven-dads-establishes-new-caribbean-fatherhood-coalition\/\" \/>\n<meta property=\"og:site_name\" content=\"MenCare\" \/>\n<meta property=\"article:published_time\" content=\"2020-08-11T19:39:07+00:00\" \/>\n<meta property=\"og:image\" content=\"https:\/\/www.mencare.org\/wp-content\/uploads\/2020\/08\/Antigua-Team.jpg\" \/>\n\t<meta property=\"og:image:width\" content=\"3644\" \/>\n\t<meta property=\"og:image:height\" content=\"1473\" \/>\n\t<meta property=\"og:image:type\" content=\"image\/jpeg\" \/>\n<meta name=\"author\" content=\"lona\" \/>\n<meta name=\"twitter:card\" content=\"summary_large_image\" \/>\n<meta name=\"twitter:image\" content=\"https:\/\/www.mencare.org\/wp-content\/uploads\/2020\/08\/Antigua-Team.jpg\" \/>\n<meta name=\"twitter:label1\" content=\"Written by\" \/>\n\t<meta name=\"twitter:data1\" content=\"lona\" \/>\n\t<meta name=\"twitter:label2\" content=\"Est. reading time\" \/>\n\t<meta name=\"twitter:data2\" content=\"1 minute\" \/>\n<script type=\"application\/ld+json\" class=\"yoast-schema-graph\">{\"@context\":\"https:\/\/schema.org\",\"@graph\":[{\"@type\":\"WebPage\",\"@id\":\"https:\/\/www.mencare.org\/pt\/deeds-driven-dads-establishes-new-caribbean-fatherhood-coalition\/\",\"url\":\"https:\/\/www.mencare.org\/pt\/deeds-driven-dads-establishes-new-caribbean-fatherhood-coalition\/\",\"name\":\"Deeds Driven Dads establishes new Caribbean Fatherhood Coalition - MenCare\",\"isPartOf\":{\"@id\":\"https:\/\/www.mencare.org\/#website\"},\"primaryImageOfPage\":{\"@id\":\"https:\/\/www.mencare.org\/pt\/deeds-driven-dads-establishes-new-caribbean-fatherhood-coalition\/#primaryimage\"},\"image\":{\"@id\":\"https:\/\/www.mencare.org\/pt\/deeds-driven-dads-establishes-new-caribbean-fatherhood-coalition\/#primaryimage\"},\"thumbnailUrl\":\"https:\/\/www.mencare.org\/wp-content\/uploads\/2020\/08\/Antigua-Team-1.jpg\",\"datePublished\":\"2020-08-11T19:39:07+00:00\",\"author\":{\"@id\":\"https:\/\/www.mencare.org\/#\/schema\/person\/58948687a512184b1b395f62c7d2fd86\"},\"breadcrumb\":{\"@id\":\"https:\/\/www.mencare.org\/pt\/deeds-driven-dads-establishes-new-caribbean-fatherhood-coalition\/#breadcrumb\"},\"inLanguage\":\"es-MX\",\"potentialAction\":[{\"@type\":\"ReadAction\",\"target\":[\"https:\/\/www.mencare.org\/pt\/deeds-driven-dads-establishes-new-caribbean-fatherhood-coalition\/\"]}]},{\"@type\":\"ImageObject\",\"inLanguage\":\"es-MX\",\"@id\":\"https:\/\/www.mencare.org\/pt\/deeds-driven-dads-establishes-new-caribbean-fatherhood-coalition\/#primaryimage\",\"url\":\"https:\/\/www.mencare.org\/wp-content\/uploads\/2020\/08\/Antigua-Team-1.jpg\",\"contentUrl\":\"https:\/\/www.mencare.org\/wp-content\/uploads\/2020\/08\/Antigua-Team-1.jpg\",\"width\":550,\"height\":399},{\"@type\":\"BreadcrumbList\",\"@id\":\"https:\/\/www.mencare.org\/pt\/deeds-driven-dads-establishes-new-caribbean-fatherhood-coalition\/#breadcrumb\",\"itemListElement\":[{\"@type\":\"ListItem\",\"position\":1,\"name\":\"Home\",\"item\":\"https:\/\/www.mencare.org\/\"},{\"@type\":\"ListItem\",\"position\":2,\"name\":\"Deeds Driven Dads establishes new Caribbean Fatherhood Coalition\"}]},{\"@type\":\"WebSite\",\"@id\":\"https:\/\/www.mencare.org\/#website\",\"url\":\"https:\/\/www.mencare.org\/\",\"name\":\"MenCare\",\"description\":\"A Global Fatherhood Campaign\",\"potentialAction\":[{\"@type\":\"SearchAction\",\"target\":{\"@type\":\"EntryPoint\",\"urlTemplate\":\"https:\/\/www.mencare.org\/?s={search_term_string}\"},\"query-input\":{\"@type\":\"PropertyValueSpecification\",\"valueRequired\":true,\"valueName\":\"search_term_string\"}}],\"inLanguage\":\"es-MX\"},{\"@type\":\"Person\",\"@id\":\"https:\/\/www.mencare.org\/#\/schema\/person\/58948687a512184b1b395f62c7d2fd86\",\"name\":\"lona\",\"image\":{\"@type\":\"ImageObject\",\"inLanguage\":\"es-MX\",\"@id\":\"https:\/\/www.mencare.org\/#\/schema\/person\/image\/\",\"url\":\"https:\/\/secure.gravatar.com\/avatar\/454605f9a5ac40f6c8168d2c8c5c71d6d5d63996a8f4437c96286777b30d03b2?s=96&d=mm&r=g\",\"contentUrl\":\"https:\/\/secure.gravatar.com\/avatar\/454605f9a5ac40f6c8168d2c8c5c71d6d5d63996a8f4437c96286777b30d03b2?s=96&d=mm&r=g\",\"caption\":\"lona\"},\"url\":\"https:\/\/www.mencare.org\/es\/author\/lona\/\"}]}<\/script>\n<!-- \/ Yoast SEO plugin. -->","yoast_head_json":{"title":"Deeds Driven Dads establishes new Caribbean Fatherhood Coalition - MenCare","robots":{"index":"index","follow":"follow","max-snippet":"max-snippet:-1","max-image-preview":"max-image-preview:large","max-video-preview":"max-video-preview:-1"},"canonical":"https:\/\/www.mencare.org\/es\/deeds-driven-dads-establishes-new-caribbean-fatherhood-coalition\/","og_locale":"es_MX","og_type":"article","og_title":"Deeds Driven Dads establishes new Caribbean Fatherhood Coalition - MenCare","og_description":"Deeds Driven Dads, was recently honored by the historic Organization of Eastern Caribbean States (OECS) as Ambassador to the Sustainable Community Development Movement, a regional social and economic\u00a0building initiative created in the wake of the COVID-19 pandemic, encompassing a myriad of sustainable community initiatives from innovative entrepreneurship to closing the digital divide.","og_url":"https:\/\/www.mencare.org\/es\/deeds-driven-dads-establishes-new-caribbean-fatherhood-coalition\/","og_site_name":"MenCare","article_published_time":"2020-08-11T19:39:07+00:00","og_image":[{"width":3644,"height":1473,"url":"https:\/\/www.mencare.org\/wp-content\/uploads\/2020\/08\/Antigua-Team.jpg","type":"image\/jpeg"}],"author":"lona","twitter_card":"summary_large_image","twitter_image":"https:\/\/www.mencare.org\/wp-content\/uploads\/2020\/08\/Antigua-Team.jpg","twitter_misc":{"Written by":"lona","Est. reading time":"1 minute"},"schema":{"@context":"https:\/\/schema.org","@graph":[{"@type":"WebPage","@id":"https:\/\/www.mencare.org\/pt\/deeds-driven-dads-establishes-new-caribbean-fatherhood-coalition\/","url":"https:\/\/www.mencare.org\/pt\/deeds-driven-dads-establishes-new-caribbean-fatherhood-coalition\/","name":"Deeds Driven Dads establishes new Caribbean Fatherhood Coalition - MenCare","isPartOf":{"@id":"https:\/\/www.mencare.org\/#website"},"primaryImageOfPage":{"@id":"https:\/\/www.mencare.org\/pt\/deeds-driven-dads-establishes-new-caribbean-fatherhood-coalition\/#primaryimage"},"image":{"@id":"https:\/\/www.mencare.org\/pt\/deeds-driven-dads-establishes-new-caribbean-fatherhood-coalition\/#primaryimage"},"thumbnailUrl":"https:\/\/www.mencare.org\/wp-content\/uploads\/2020\/08\/Antigua-Team-1.jpg","datePublished":"2020-08-11T19:39:07+00:00","author":{"@id":"https:\/\/www.mencare.org\/#\/schema\/person\/58948687a512184b1b395f62c7d2fd86"},"breadcrumb":{"@id":"https:\/\/www.mencare.org\/pt\/deeds-driven-dads-establishes-new-caribbean-fatherhood-coalition\/#breadcrumb"},"inLanguage":"es-MX","potentialAction":[{"@type":"ReadAction","target":["https:\/\/www.mencare.org\/pt\/deeds-driven-dads-establishes-new-caribbean-fatherhood-coalition\/"]}]},{"@type":"ImageObject","inLanguage":"es-MX","@id":"https:\/\/www.mencare.org\/pt\/deeds-driven-dads-establishes-new-caribbean-fatherhood-coalition\/#primaryimage","url":"https:\/\/www.mencare.org\/wp-content\/uploads\/2020\/08\/Antigua-Team-1.jpg","contentUrl":"https:\/\/www.mencare.org\/wp-content\/uploads\/2020\/08\/Antigua-Team-1.jpg","width":550,"height":399},{"@type":"BreadcrumbList","@id":"https:\/\/www.mencare.org\/pt\/deeds-driven-dads-establishes-new-caribbean-fatherhood-coalition\/#breadcrumb","itemListElement":[{"@type":"ListItem","position":1,"name":"Home","item":"https:\/\/www.mencare.org\/"},{"@type":"ListItem","position":2,"name":"Deeds Driven Dads establishes new Caribbean Fatherhood Coalition"}]},{"@type":"WebSite","@id":"https:\/\/www.mencare.org\/#website","url":"https:\/\/www.mencare.org\/","name":"Cuidado de los hombres","description":"Una campa\u00f1a mundial por la paternidad","potentialAction":[{"@type":"SearchAction","target":{"@type":"EntryPoint","urlTemplate":"https:\/\/www.mencare.org\/?s={search_term_string}"},"query-input":{"@type":"PropertyValueSpecification","valueRequired":true,"valueName":"search_term_string"}}],"inLanguage":"es-MX"},{"@type":"Person","@id":"https:\/\/www.mencare.org\/#\/schema\/person\/58948687a512184b1b395f62c7d2fd86","name":"lona","image":{"@type":"ImageObject","inLanguage":"es-MX","@id":"https:\/\/www.mencare.org\/#\/schema\/person\/image\/","url":"https:\/\/secure.gravatar.com\/avatar\/454605f9a5ac40f6c8168d2c8c5c71d6d5d63996a8f4437c96286777b30d03b2?s=96&d=mm&r=g","contentUrl":"https:\/\/secure.gravatar.com\/avatar\/454605f9a5ac40f6c8168d2c8c5c71d6d5d63996a8f4437c96286777b30d03b2?s=96&d=mm&r=g","caption":"lona"},"url":"https:\/\/www.mencare.org\/es\/author\/lona\/"}]}},"_links":{"self":[{"href":"https:\/\/www.mencare.org\/es\/wp-json\/wp\/v2\/posts\/7198","targetHints":{"allow":["GET"]}}],"collection":[{"href":"https:\/\/www.mencare.org\/es\/wp-json\/wp\/v2\/posts"}],"about":[{"href":"https:\/\/www.mencare.org\/es\/wp-json\/wp\/v2\/types\/post"}],"author":[{"embeddable":true,"href":"https:\/\/www.mencare.org\/es\/wp-json\/wp\/v2\/users\/173"}],"replies":[{"embeddable":true,"href":"https:\/\/www.mencare.org\/es\/wp-json\/wp\/v2\/comments?post=7198"}],"version-history":[{"count":0,"href":"https:\/\/www.mencare.org\/es\/wp-json\/wp\/v2\/posts\/7198\/revisions"}],"wp:featuredmedia":[{"embeddable":true,"href":"https:\/\/www.mencare.org\/es\/wp-json\/wp\/v2\/media\/7204"}],"wp:attachment":[{"href":"https:\/\/www.mencare.org\/es\/wp-json\/wp\/v2\/media?parent=7198"}],"wp:term":[{"taxonomy":"category","embeddable":true,"href":"https:\/\/www.mencare.org\/es\/wp-json\/wp\/v2\/categories?post=7198"},{"taxonomy":"post_tag","embeddable":true,"href":"https:\/\/www.mencare.org\/es\/wp-json\/wp\/v2\/tags?post=7198"}],"curies":[{"name":"wp","href":"https:\/\/api.w.org\/{rel}","templated":true}]}}