{"id":741,"date":"2014-03-01T00:00:53","date_gmt":"2014-03-01T00:00:53","guid":{"rendered":"https:\/\/www.mencare.org\/?p=741"},"modified":"2014-03-01T00:00:53","modified_gmt":"2014-03-01T00:00:53","slug":"international-seminar-discusses-cape-verdes-mencare-campaign","status":"publish","type":"post","link":"https:\/\/www.mencare.org\/es\/international-seminar-discusses-cape-verdes-mencare-campaign\/","title":{"rendered":"Seminario internacional analiza la campa\u00f1a MenCare de Cabo Verde"},"content":{"rendered":"<p><img loading=\"lazy\" decoding=\"async\" class=\"alignleft wp-image-726\" src=\"https:\/\/www.mencare.org\/wp-content\/uploads\/2015\/05\/cape-verde.jpg\" alt=\"Cape Verde's &quot;Ami e Pai&quot; MenCare campaign logo\" width=\"400\" height=\"292\" srcset=\"https:\/\/www.mencare.org\/wp-content\/uploads\/2015\/05\/cape-verde.jpg 550w, https:\/\/www.mencare.org\/wp-content\/uploads\/2015\/05\/cape-verde-300x219.jpg 300w\" sizes=\"auto, (max-width: 400px) 100vw, 400px\" \/>La campa\u00f1a \u201cAmi \u00ea Pai\u201d de MenCare en Cabo Verde, que se desarroll\u00f3 a lo largo de 2013, est\u00e1 siendo evaluada. La iniciativa fue discutida durante el seminario internacional \u201cDin\u00e1micas familiares, sexualidades y g\u00e9nero: desaf\u00edos del contexto caboverdiano\u201d, que tuvo lugar los d\u00edas 4 y 5 de enero en la Universidad de Cabo Verde, en Praia, y en el que participaron especialistas en relaciones familiares y de g\u00e9nero de Cabo Verde, Brasil y Portugal.<\/p>\n<p>Zelinda Cohen, presidenta de la Comisi\u00f3n Nacional de Derechos Humanos y Ciudadan\u00eda de Cabo Verde, present\u00f3 los resultados de la campa\u00f1a y ofreci\u00f3 sus conclusiones sobre el programa. Cohen considera que la iniciativa fue muy importante para llamar la atenci\u00f3n sobre la importancia de la paternidad en el desarrollo infantil, as\u00ed como para apoyar a las familias, la cohesi\u00f3n social e incluso la estabilidad pol\u00edtica. Pero tambi\u00e9n abog\u00f3 por la continuaci\u00f3n de este tipo de proyectos, ya que se necesita m\u00e1s tiempo para cambiar la mentalidad nacional sobre el papel de los hombres en el cuidado de los ni\u00f1os.<\/p>\n<p>Lea el blog local de MenCare Cabo Verde <a href=\"http:\/\/amiepai.blogs.sapo.cv\/\" target=\"_blank\">aqu\u00ed<\/a>.<\/p>","protected":false},"excerpt":{"rendered":"<p>La campa\u00f1a de MenCare de Cabo Verde \u201cAmi \u00ea Pai\u201d, realizada a lo largo de 2013, est\u00e1 siendo evaluada. La iniciativa fue discutida durante el seminario internacional \u201cDin\u00e1micas familiares, sexualidades y g\u00e9nero: desaf\u00edos del contexto caboverdiano\u201d, que tuvo lugar los d\u00edas 4 y 5 de enero en la Universidad de Cabo Verde, en Praia. Participaron especialistas en&nbsp;<a class=\"read-more-link\" href=\"https:\/\/www.mencare.org\/es\/international-seminar-discusses-cape-verdes-mencare-campaign\/\">\u2026<\/a><\/p>","protected":false},"author":7,"featured_media":726,"comment_status":"open","ping_status":"open","sticky":false,"template":"","format":"standard","meta":{"footnotes":""},"categories":[1],"tags":[17,44,182,247],"class_list":["post-741","post","type-post","status-publish","format-standard","has-post-thumbnail","hentry","category-uncategorized","tag-ami-e-pai","tag-cape-verde","tag-national-commission-for-human-rights-and-citizenship-of-cape-verde","tag-sub-saharan-africa"],"acf":[],"yoast_head":"<!-- This site is optimized with the Yoast SEO plugin v25.9 - https:\/\/yoast.com\/wordpress\/plugins\/seo\/ -->\n<title>International Seminar Discusses Cape Verde\u2019s MenCare Campaign - MenCare<\/title>\n<meta name=\"robots\" content=\"index, follow, max-snippet:-1, max-image-preview:large, max-video-preview:-1\" \/>\n<link rel=\"canonical\" href=\"http:\/\/www.mencare.org\/es\/international-seminar-discusses-cape-verdes-mencare-campaign\/\" \/>\n<meta property=\"og:locale\" content=\"es_MX\" \/>\n<meta property=\"og:type\" content=\"article\" \/>\n<meta property=\"og:title\" content=\"International Seminar Discusses Cape Verde\u2019s MenCare Campaign - MenCare\" \/>\n<meta property=\"og:description\" content=\"Cape Verde\u2019s MenCare campaign \u201cAmi \u00ea Pai,\u201d conducted throughout the year 2013, is now being evaluated. The initiative was discussed during the international seminar \u201cFamily Dynamics, Sexualities and Gender: Challenges of the Cape Verdean context,&#8221; which took place on January 4th and 5th at the University of Cape Verde, in Praia. Participants included specialists on&nbsp;&hellip;\" \/>\n<meta property=\"og:url\" content=\"http:\/\/www.mencare.org\/es\/international-seminar-discusses-cape-verdes-mencare-campaign\/\" \/>\n<meta property=\"og:site_name\" content=\"MenCare\" \/>\n<meta property=\"article:published_time\" content=\"2014-03-01T00:00:53+00:00\" \/>\n<meta property=\"og:image\" content=\"http:\/\/www.mencare.org\/wp-content\/uploads\/2015\/05\/cape-verde.jpg\" \/>\n\t<meta property=\"og:image:width\" content=\"550\" \/>\n\t<meta property=\"og:image:height\" content=\"402\" \/>\n\t<meta property=\"og:image:type\" content=\"image\/jpeg\" \/>\n<meta name=\"twitter:card\" content=\"summary_large_image\" \/>\n<meta name=\"twitter:label1\" content=\"Written by\" \/>\n\t<meta name=\"twitter:data1\" content=\"\" \/>\n\t<meta name=\"twitter:label2\" content=\"Est. reading time\" \/>\n\t<meta name=\"twitter:data2\" content=\"1 minute\" \/>\n<script type=\"application\/ld+json\" class=\"yoast-schema-graph\">{\"@context\":\"https:\/\/schema.org\",\"@graph\":[{\"@type\":\"WebPage\",\"@id\":\"http:\/\/www.mencare.org\/es\/international-seminar-discusses-cape-verdes-mencare-campaign\/\",\"url\":\"http:\/\/www.mencare.org\/es\/international-seminar-discusses-cape-verdes-mencare-campaign\/\",\"name\":\"International Seminar Discusses Cape Verde\u2019s MenCare Campaign - MenCare\",\"isPartOf\":{\"@id\":\"https:\/\/www.mencare.org\/#website\"},\"primaryImageOfPage\":{\"@id\":\"http:\/\/www.mencare.org\/es\/international-seminar-discusses-cape-verdes-mencare-campaign\/#primaryimage\"},\"image\":{\"@id\":\"http:\/\/www.mencare.org\/es\/international-seminar-discusses-cape-verdes-mencare-campaign\/#primaryimage\"},\"thumbnailUrl\":\"https:\/\/www.mencare.org\/wp-content\/uploads\/2015\/05\/cape-verde.jpg\",\"datePublished\":\"2014-03-01T00:00:53+00:00\",\"author\":{\"@id\":\"\"},\"breadcrumb\":{\"@id\":\"http:\/\/www.mencare.org\/es\/international-seminar-discusses-cape-verdes-mencare-campaign\/#breadcrumb\"},\"inLanguage\":\"es-MX\",\"potentialAction\":[{\"@type\":\"ReadAction\",\"target\":[\"http:\/\/www.mencare.org\/es\/international-seminar-discusses-cape-verdes-mencare-campaign\/\"]}]},{\"@type\":\"ImageObject\",\"inLanguage\":\"es-MX\",\"@id\":\"http:\/\/www.mencare.org\/es\/international-seminar-discusses-cape-verdes-mencare-campaign\/#primaryimage\",\"url\":\"https:\/\/www.mencare.org\/wp-content\/uploads\/2015\/05\/cape-verde.jpg\",\"contentUrl\":\"https:\/\/www.mencare.org\/wp-content\/uploads\/2015\/05\/cape-verde.jpg\",\"width\":550,\"height\":402,\"caption\":\"Cape Verde's \\\"Ami e Pai\\\" MenCare campaign logo\"},{\"@type\":\"BreadcrumbList\",\"@id\":\"http:\/\/www.mencare.org\/es\/international-seminar-discusses-cape-verdes-mencare-campaign\/#breadcrumb\",\"itemListElement\":[{\"@type\":\"ListItem\",\"position\":1,\"name\":\"Home\",\"item\":\"https:\/\/www.mencare.org\/\"},{\"@type\":\"ListItem\",\"position\":2,\"name\":\"International Seminar Discusses Cape Verde\u2019s MenCare Campaign\"}]},{\"@type\":\"WebSite\",\"@id\":\"https:\/\/www.mencare.org\/#website\",\"url\":\"https:\/\/www.mencare.org\/\",\"name\":\"MenCare\",\"description\":\"A Global Fatherhood Campaign\",\"potentialAction\":[{\"@type\":\"SearchAction\",\"target\":{\"@type\":\"EntryPoint\",\"urlTemplate\":\"https:\/\/www.mencare.org\/?s={search_term_string}\"},\"query-input\":{\"@type\":\"PropertyValueSpecification\",\"valueRequired\":true,\"valueName\":\"search_term_string\"}}],\"inLanguage\":\"es-MX\"},{\"@type\":\"Person\",\"@id\":\"\",\"url\":\"https:\/\/www.mencare.org\/es\/author\/\"}]}<\/script>\n<!-- \/ Yoast SEO plugin. -->","yoast_head_json":{"title":"International Seminar Discusses Cape Verde\u2019s MenCare Campaign - MenCare","robots":{"index":"index","follow":"follow","max-snippet":"max-snippet:-1","max-image-preview":"max-image-preview:large","max-video-preview":"max-video-preview:-1"},"canonical":"http:\/\/www.mencare.org\/es\/international-seminar-discusses-cape-verdes-mencare-campaign\/","og_locale":"es_MX","og_type":"article","og_title":"International Seminar Discusses Cape Verde\u2019s MenCare Campaign - MenCare","og_description":"Cape Verde\u2019s MenCare campaign \u201cAmi \u00ea Pai,\u201d conducted throughout the year 2013, is now being evaluated. The initiative was discussed during the international seminar \u201cFamily Dynamics, Sexualities and Gender: Challenges of the Cape Verdean context,&#8221; which took place on January 4th and 5th at the University of Cape Verde, in Praia. Participants included specialists on&nbsp;&hellip;","og_url":"http:\/\/www.mencare.org\/es\/international-seminar-discusses-cape-verdes-mencare-campaign\/","og_site_name":"MenCare","article_published_time":"2014-03-01T00:00:53+00:00","og_image":[{"width":550,"height":402,"url":"http:\/\/www.mencare.org\/wp-content\/uploads\/2015\/05\/cape-verde.jpg","type":"image\/jpeg"}],"twitter_card":"summary_large_image","twitter_misc":{"Written by":"","Est. reading time":"1 minute"},"schema":{"@context":"https:\/\/schema.org","@graph":[{"@type":"WebPage","@id":"http:\/\/www.mencare.org\/es\/international-seminar-discusses-cape-verdes-mencare-campaign\/","url":"http:\/\/www.mencare.org\/es\/international-seminar-discusses-cape-verdes-mencare-campaign\/","name":"International Seminar Discusses Cape Verde\u2019s MenCare Campaign - MenCare","isPartOf":{"@id":"https:\/\/www.mencare.org\/#website"},"primaryImageOfPage":{"@id":"http:\/\/www.mencare.org\/es\/international-seminar-discusses-cape-verdes-mencare-campaign\/#primaryimage"},"image":{"@id":"http:\/\/www.mencare.org\/es\/international-seminar-discusses-cape-verdes-mencare-campaign\/#primaryimage"},"thumbnailUrl":"https:\/\/www.mencare.org\/wp-content\/uploads\/2015\/05\/cape-verde.jpg","datePublished":"2014-03-01T00:00:53+00:00","author":{"@id":""},"breadcrumb":{"@id":"http:\/\/www.mencare.org\/es\/international-seminar-discusses-cape-verdes-mencare-campaign\/#breadcrumb"},"inLanguage":"es-MX","potentialAction":[{"@type":"ReadAction","target":["http:\/\/www.mencare.org\/es\/international-seminar-discusses-cape-verdes-mencare-campaign\/"]}]},{"@type":"ImageObject","inLanguage":"es-MX","@id":"http:\/\/www.mencare.org\/es\/international-seminar-discusses-cape-verdes-mencare-campaign\/#primaryimage","url":"https:\/\/www.mencare.org\/wp-content\/uploads\/2015\/05\/cape-verde.jpg","contentUrl":"https:\/\/www.mencare.org\/wp-content\/uploads\/2015\/05\/cape-verde.jpg","width":550,"height":402,"caption":"Cape Verde's \"Ami e Pai\" MenCare campaign logo"},{"@type":"BreadcrumbList","@id":"http:\/\/www.mencare.org\/es\/international-seminar-discusses-cape-verdes-mencare-campaign\/#breadcrumb","itemListElement":[{"@type":"ListItem","position":1,"name":"Home","item":"https:\/\/www.mencare.org\/"},{"@type":"ListItem","position":2,"name":"International Seminar Discusses Cape Verde\u2019s MenCare Campaign"}]},{"@type":"WebSite","@id":"https:\/\/www.mencare.org\/#website","url":"https:\/\/www.mencare.org\/","name":"Cuidado de los hombres","description":"Una campa\u00f1a mundial por la paternidad","potentialAction":[{"@type":"SearchAction","target":{"@type":"EntryPoint","urlTemplate":"https:\/\/www.mencare.org\/?s={search_term_string}"},"query-input":{"@type":"PropertyValueSpecification","valueRequired":true,"valueName":"search_term_string"}}],"inLanguage":"es-MX"},{"@type":"Person","@id":"","url":"https:\/\/www.mencare.org\/es\/author\/"}]}},"_links":{"self":[{"href":"https:\/\/www.mencare.org\/es\/wp-json\/wp\/v2\/posts\/741","targetHints":{"allow":["GET"]}}],"collection":[{"href":"https:\/\/www.mencare.org\/es\/wp-json\/wp\/v2\/posts"}],"about":[{"href":"https:\/\/www.mencare.org\/es\/wp-json\/wp\/v2\/types\/post"}],"author":[{"embeddable":true,"href":"https:\/\/www.mencare.org\/es\/wp-json\/wp\/v2\/users\/7"}],"replies":[{"embeddable":true,"href":"https:\/\/www.mencare.org\/es\/wp-json\/wp\/v2\/comments?post=741"}],"version-history":[{"count":0,"href":"https:\/\/www.mencare.org\/es\/wp-json\/wp\/v2\/posts\/741\/revisions"}],"wp:featuredmedia":[{"embeddable":true,"href":"https:\/\/www.mencare.org\/es\/wp-json\/wp\/v2\/media\/726"}],"wp:attachment":[{"href":"https:\/\/www.mencare.org\/es\/wp-json\/wp\/v2\/media?parent=741"}],"wp:term":[{"taxonomy":"category","embeddable":true,"href":"https:\/\/www.mencare.org\/es\/wp-json\/wp\/v2\/categories?post=741"},{"taxonomy":"post_tag","embeddable":true,"href":"https:\/\/www.mencare.org\/es\/wp-json\/wp\/v2\/tags?post=741"}],"curies":[{"name":"wp","href":"https:\/\/api.w.org\/{rel}","templated":true}]}}