{"id":7664,"date":"2023-04-20T12:02:04","date_gmt":"2023-04-20T16:02:04","guid":{"rendered":"https:\/\/www.mencare.org\/?p=7664"},"modified":"2023-04-24T09:39:48","modified_gmt":"2023-04-24T13:39:48","slug":"caring-masculinities","status":"publish","type":"post","link":"https:\/\/www.mencare.org\/es\/caring-masculinities\/","title":{"rendered":"Masculinidades cuidadoras: \u00bfQu\u00e9 son y por qu\u00e9 son importantes?"},"content":{"rendered":"<p><em>Por Rodrigo Barraza, codirector para las Am\u00e9ricas, Fondo Global para la Ni\u00f1ez<\/em><\/p>\n\n\n\n<figure class=\"wp-block-image size-large\"><a href=\"https:\/\/www.mencare.org\/wp-content\/uploads\/2023\/04\/pintando-1.jpg\"><img loading=\"lazy\" decoding=\"async\" width=\"1024\" height=\"768\" src=\"https:\/\/www.mencare.org\/wp-content\/uploads\/2023\/04\/pintando-1-1024x768.jpg\" alt=\"\" class=\"wp-image-7670\" srcset=\"https:\/\/www.mencare.org\/wp-content\/uploads\/2023\/04\/pintando-1-1024x768.jpg 1024w, https:\/\/www.mencare.org\/wp-content\/uploads\/2023\/04\/pintando-1-300x225.jpg 300w, https:\/\/www.mencare.org\/wp-content\/uploads\/2023\/04\/pintando-1-768x576.jpg 768w, https:\/\/www.mencare.org\/wp-content\/uploads\/2023\/04\/pintando-1-1536x1152.jpg 1536w, https:\/\/www.mencare.org\/wp-content\/uploads\/2023\/04\/pintando-1.jpg 2048w\" sizes=\"auto, (max-width: 1024px) 100vw, 1024px\" \/><\/a><\/figure>\n\n\n\n<p><em>Nota del editor: esta publicaci\u00f3n tambi\u00e9n est\u00e1 disponible en <a href=\"https:\/\/www.mencare.org\/es\/2023\/04\/20\/masculinidades-cuidadoras\/\">Espa\u00f1ol<\/a>.<\/em><\/p>\n\n\n\n<p><em><br><\/em><strong>Para muchos hombres y ni\u00f1os de Am\u00e9rica Central, el cuidado sirve como una v\u00eda para ejercer poder sobre los dem\u00e1s. La nueva campa\u00f1a medi\u00e1tica de GFC \u201ccuidar-nos hace bien\u201d alienta a los ni\u00f1os y j\u00f3venes a repensar los cuidados desde una l\u00f3gica de corresponsabilidad, apoyo integral y empat\u00eda.<\/strong><\/p>\n\n\n\n<p>Casi desde el momento en que nacen, a muchos ni\u00f1os se les ense\u00f1a que el cuidado equivale al control, la provisi\u00f3n y la protecci\u00f3n.<\/p>\n\n\n\n<p>Para estos ni\u00f1os y los hombres en los que se convierten, cuidar significa mandar. Bajo esta idea, el hombre brinda cuidados como el \u201cjefe de familia\u201d, el que siempre tiene la \u00faltima palabra, el que toma las decisiones solo y sin ayuda. Para cuidar, muchos hombres necesitan tener siempre todas las respuestas y no dudar ni un segundo de ellos mismos y de sus acciones.<\/p>\n\n\n\n<p>Seg\u00fan los valores masculinos tradicionales, el cuidado tambi\u00e9n puede justificar el uso de la violencia. Los hombres pueden caer en la trampa de pensar que saben lo que es mejor para las personas que cuidan, por lo que no deben dudar en tener \u201cmano dura\u201d si alguien no act\u00faa de acuerdo con lo que ellos creen que es correcto. \u201cLo hago por tu propio bien. Un d\u00eda, me lo agradecer\u00e1s\u201d. Lamentablemente, muchos de nosotros hemos escuchado esto en alg\u00fan momento de nuestras vidas.<br>Esta visi\u00f3n tradicional del cuidado masculino otorga poder a los hombres. Les permite ejercer dominio sobre los dem\u00e1s con el pretexto de cuidarlos. Les permite sentirse invulnerables.<\/p>\n\n\n\n<p>Para las mujeres, en cambio, el cuidado se ha asociado tradicionalmente con la crianza de los hijos y las tareas del hogar, tareas con poco o ning\u00fan reconocimiento econ\u00f3mico o social.<\/p>\n\n\n\n<p>El cuidado femenino se ha visto durante mucho tiempo como un acto de amor o una \u201ccualidad natural\u201d que a menudo requiere sacrificio. Cuidar bajo esta r\u00fabrica puede significar abandonar cualquier deseo individual y subordinar las propias necesidades a las de la familia y los seres queridos.<\/p>\n\n\n\n<p>En las \u00faltimas d\u00e9cadas, sin embargo, esta forma de entender y abordar el cuidado ha sido profundamente cuestionada.<\/p>\n\n\n\n<p>La desaparici\u00f3n del estado del bienestar y la precariedad de los sistemas de protecci\u00f3n han provocado una entrada masiva de las mujeres en el mercado laboral, desestabilizando el modelo cl\u00e1sico de \u201cproveedor \u00fanico\u201d asociado al mundo masculino.<br>Al mismo tiempo, los movimientos feministas y de diversidad sexual han alzado la voz, exigiendo pr\u00e1cticas y pol\u00edticas m\u00e1s equitativas, adem\u00e1s de cuestionar los roles y estereotipos sexuales y de g\u00e9nero que producen y normalizan la violencia, la injusticia y el sufrimiento.<\/p>\n\n\n\n<p>Gracias a estos movimientos, ahora sabemos que el modelo de cuidado tradicional basado en roles sociales estrictos, divisiones injustas y estereotipos de g\u00e9nero es insostenible.<\/p>\n\n\n\n<p>Para las mujeres, asumir casi exclusivamente el trabajo de cuidado en el \u00e1mbito dom\u00e9stico implica fatiga, sobrecarga y p\u00e9rdida de oportunidades. Para los hombres, el cuidado asociado al control y a la responsabilidad \u00fanica de proveer para la familia genera trastornos emocionales, enfermedades y la adopci\u00f3n de conductas de riesgo. Para hombres y mujeres, el cuidado se convierte en un peso que los limita, los a\u00edsla y los desgasta.<\/p>\n\n\n\n<p>Como respuesta a este modelo injusto, han surgido nuevas propuestas que abogan por la promoci\u00f3n de \u201cmasculinidades cuidadoras\u201d. A trav\u00e9s de su iniciativa <a href=\"https:\/\/globalfundforchildren.org\/initiatives\/promoting-youth-leadership-for-gender-justice\/\">Promoviendo Liderazgos Juveniles para la Justicia de G\u00e9nero,<\/a>, <a href=\"https:\/\/globalfundforchildren.org\/\">el Fondo Mundial para la Ni\u00f1ez<\/a> apoya organizaciones lideradas por personas j\u00f3venes en Centroam\u00e9rica que promueven masculinidades saludables e involucran a ni\u00f1os y hombres j\u00f3venes en la lucha por la justicia de g\u00e9nero.<\/p>\n\n\n\n<figure class=\"wp-block-image size-large\"><a href=\"https:\/\/www.mencare.org\/wp-content\/uploads\/2023\/04\/masculinidades-cuidadoras.jpg\"><img loading=\"lazy\" decoding=\"async\" width=\"1024\" height=\"783\" src=\"https:\/\/www.mencare.org\/wp-content\/uploads\/2023\/04\/masculinidades-cuidadoras-1024x783.jpg\" alt=\"\" class=\"wp-image-7669\" srcset=\"https:\/\/www.mencare.org\/wp-content\/uploads\/2023\/04\/masculinidades-cuidadoras-1024x783.jpg 1024w, https:\/\/www.mencare.org\/wp-content\/uploads\/2023\/04\/masculinidades-cuidadoras-300x229.jpg 300w, https:\/\/www.mencare.org\/wp-content\/uploads\/2023\/04\/masculinidades-cuidadoras-768x587.jpg 768w, https:\/\/www.mencare.org\/wp-content\/uploads\/2023\/04\/masculinidades-cuidadoras-1536x1175.jpg 1536w, https:\/\/www.mencare.org\/wp-content\/uploads\/2023\/04\/masculinidades-cuidadoras.jpg 2048w\" sizes=\"auto, (max-width: 1024px) 100vw, 1024px\" \/><\/a><\/figure>\n\n\n\n<p>Las masculinidades del cuidado son simplemente una invitaci\u00f3n a que los cuidados, tanto colectivos como personales, se distribuyan equitativamente y que los hombres adopten valores como la corresponsabilidad, el apoyo integral y la empat\u00eda. Son una invitaci\u00f3n para que los hombres nos convirtamos en \u201ccuidadores universales\u201d y nos involucremos activamente en la lucha por la justicia de g\u00e9nero. Son una oportunidad para que los hombres podamos pedir y ofrecer cuidados no porque necesitemos sentirnos en control o porque sea nuestra obligaci\u00f3n, sino porque cuidando producimos bienestar, sustentamos la vida y nos enriquecemos individualmente y como comunidad.<\/p>\n\n\n\n<p>Bajo la l\u00f3gica de las masculinidades del cuidado, cuidar es un derecho humano. Y todos debemos defenderlo.<\/p>\n\n\n\n<p>Ejercer una masculinidad solidaria no es tarea f\u00e1cil. Implica desaprender mucho de lo que nos han ense\u00f1ado, romper ciclos de violencia, cuestionar las normas de g\u00e9nero, saber pedir ayuda y asumir nuestra propia vulnerabilidad. No es f\u00e1cil, pero podemos ganar mucho con este cambio. Al cuidar, podemos enriquecer nuestros v\u00ednculos con el mundo, con nosotros mismos y con los dem\u00e1s. Cuidar tambi\u00e9n nos permite fortalecer nuestra inteligencia emocional e identificar pr\u00e1cticas y pol\u00edticas para garantizar y democratizar el cuidado y promover el bienestar comunitario en todos los niveles.<\/p>\n\n\n\n<p>El cuidado es pol\u00edtico, porque es colectivo. Porque enciende la transformaci\u00f3n social. Y es revolucionario. Porque est\u00e1 comprometido con la vida y la justicia en un mundo cada vez m\u00e1s desigual.<\/p>\n\n\n\n<p>En GFC hemos decidido lanzar, junto con nuestros socios locales en Centroam\u00e9rica, la campa\u00f1a medi\u00e1tica regional \u201cCuidar \u2013 nos hace bien\u201d para promover formas saludables de cuidar. Creemos que distribuir el cuidado de manera equitativa y ponerlo en el centro de nuestras vidas y de nuestros proyectos es un peque\u00f1o \u2013ya la vez enorme\u2013 paso en nuestra b\u00fasqueda continua por construir sociedades m\u00e1s dignas, justas y felices para todxs.<\/p>\n\n\n\n<p><strong>Te invitamos a ser parte de la campa\u00f1a y convertirte en un cuidador universal. Aceptas el reto?<\/strong><\/p>\n\n\n\n<p>Para conocer acciones concretas para ejercer una masculinidad cuidadora, haz clic <a href=\"https:\/\/cuidarnoshacebien.com\/\">aqu\u00ed.<\/a>.<\/p>\n\n\n\n<p>Inf\u00f3rmese sobre <a href=\"https:\/\/www.instagram.com\/cuidarnoshacebien\/\">acciones concretas<\/a> para ejercitar la masculinidad cuidadora.<\/p>","protected":false},"excerpt":{"rendered":"<p>Por Rodrigo Barraza, Codirector Regional para las Am\u00e9ricas, Fondo Mundial para la Infancia Nota del editor: Esta publicaci\u00f3n tambi\u00e9n est\u00e1 disponible en ingl\u00e9s. Para muchos hombres y ni\u00f1os de Am\u00e9rica Central, el cuidado se utiliza para justificar el ejercicio del poder sobre los dem\u00e1s. La nueva campa\u00f1a regional de redes sociales \u201cCuidar \u2013 nos hace bien\u201d de GFC alienta&nbsp;<a class=\"read-more-link\" href=\"https:\/\/www.mencare.org\/es\/caring-masculinities\/\">\u2026<\/a><\/p>","protected":false},"author":180,"featured_media":7667,"comment_status":"closed","ping_status":"closed","sticky":false,"template":"","format":"standard","meta":{"footnotes":""},"categories":[653],"tags":[16,631,136],"class_list":["post-7664","post","type-post","status-publish","format-standard","has-post-thumbnail","hentry","category-fatherhood-and-caregiving","tag-americas","tag-central-america","tag-latin-america"],"acf":[],"yoast_head":"<!-- This site is optimized with the Yoast SEO plugin v25.9 - https:\/\/yoast.com\/wordpress\/plugins\/seo\/ -->\n<title>Caring masculinities: What are they, and why are they important? - MenCare<\/title>\n<meta name=\"robots\" content=\"index, follow, max-snippet:-1, max-image-preview:large, max-video-preview:-1\" \/>\n<link rel=\"canonical\" href=\"https:\/\/www.mencare.org\/es\/caring-masculinities\/\" \/>\n<meta property=\"og:locale\" content=\"es_MX\" \/>\n<meta property=\"og:type\" content=\"article\" \/>\n<meta property=\"og:title\" content=\"Caring masculinities: What are they, and why are they important? - MenCare\" \/>\n<meta property=\"og:description\" content=\"By&nbsp;Rodrigo Barraza, Regional Co-Director for the Americas, Global Fund for Children Editor\u2019s note: This post is also available in Spanish. For many men and boys in Central America, caring is used to justify exerting power over others. GFC\u2019s new regional \u201cCuidar \u2013 nos hace bien\u201d (Caring \u2013 it does us good) social media campaign encourages&nbsp;&hellip;\" \/>\n<meta property=\"og:url\" content=\"https:\/\/www.mencare.org\/es\/caring-masculinities\/\" \/>\n<meta property=\"og:site_name\" content=\"MenCare\" \/>\n<meta property=\"article:published_time\" content=\"2023-04-20T16:02:04+00:00\" \/>\n<meta property=\"article:modified_time\" content=\"2023-04-24T13:39:48+00:00\" \/>\n<meta property=\"og:image\" content=\"https:\/\/www.mencare.org\/wp-content\/uploads\/2023\/04\/pintando.jpg\" \/>\n\t<meta property=\"og:image:width\" content=\"2048\" \/>\n\t<meta property=\"og:image:height\" content=\"1536\" \/>\n\t<meta property=\"og:image:type\" content=\"image\/jpeg\" \/>\n<meta name=\"author\" content=\"Hannah Chosid\" \/>\n<meta name=\"twitter:card\" content=\"summary_large_image\" \/>\n<meta name=\"twitter:label1\" content=\"Written by\" \/>\n\t<meta name=\"twitter:data1\" content=\"Hannah Chosid\" \/>\n\t<meta name=\"twitter:label2\" content=\"Est. reading time\" \/>\n\t<meta name=\"twitter:data2\" content=\"5 minutes\" \/>\n<script type=\"application\/ld+json\" class=\"yoast-schema-graph\">{\"@context\":\"https:\/\/schema.org\",\"@graph\":[{\"@type\":\"WebPage\",\"@id\":\"https:\/\/www.mencare.org\/pt\/caring-masculinities\/\",\"url\":\"https:\/\/www.mencare.org\/pt\/caring-masculinities\/\",\"name\":\"Caring masculinities: What are they, and why are they important? - MenCare\",\"isPartOf\":{\"@id\":\"https:\/\/www.mencare.org\/#website\"},\"primaryImageOfPage\":{\"@id\":\"https:\/\/www.mencare.org\/pt\/caring-masculinities\/#primaryimage\"},\"image\":{\"@id\":\"https:\/\/www.mencare.org\/pt\/caring-masculinities\/#primaryimage\"},\"thumbnailUrl\":\"https:\/\/www.mencare.org\/wp-content\/uploads\/2023\/04\/pintando.jpg\",\"datePublished\":\"2023-04-20T16:02:04+00:00\",\"dateModified\":\"2023-04-24T13:39:48+00:00\",\"author\":{\"@id\":\"https:\/\/www.mencare.org\/#\/schema\/person\/98d4b70eb3715a6ffd25456caa468cf9\"},\"breadcrumb\":{\"@id\":\"https:\/\/www.mencare.org\/pt\/caring-masculinities\/#breadcrumb\"},\"inLanguage\":\"es-MX\",\"potentialAction\":[{\"@type\":\"ReadAction\",\"target\":[\"https:\/\/www.mencare.org\/pt\/caring-masculinities\/\"]}]},{\"@type\":\"ImageObject\",\"inLanguage\":\"es-MX\",\"@id\":\"https:\/\/www.mencare.org\/pt\/caring-masculinities\/#primaryimage\",\"url\":\"https:\/\/www.mencare.org\/wp-content\/uploads\/2023\/04\/pintando.jpg\",\"contentUrl\":\"https:\/\/www.mencare.org\/wp-content\/uploads\/2023\/04\/pintando.jpg\",\"width\":2048,\"height\":1536},{\"@type\":\"BreadcrumbList\",\"@id\":\"https:\/\/www.mencare.org\/pt\/caring-masculinities\/#breadcrumb\",\"itemListElement\":[{\"@type\":\"ListItem\",\"position\":1,\"name\":\"Home\",\"item\":\"https:\/\/www.mencare.org\/\"},{\"@type\":\"ListItem\",\"position\":2,\"name\":\"Caring masculinities: What are they, and why are they important?\"}]},{\"@type\":\"WebSite\",\"@id\":\"https:\/\/www.mencare.org\/#website\",\"url\":\"https:\/\/www.mencare.org\/\",\"name\":\"MenCare\",\"description\":\"A Global Fatherhood Campaign\",\"potentialAction\":[{\"@type\":\"SearchAction\",\"target\":{\"@type\":\"EntryPoint\",\"urlTemplate\":\"https:\/\/www.mencare.org\/?s={search_term_string}\"},\"query-input\":{\"@type\":\"PropertyValueSpecification\",\"valueRequired\":true,\"valueName\":\"search_term_string\"}}],\"inLanguage\":\"es-MX\"},{\"@type\":\"Person\",\"@id\":\"https:\/\/www.mencare.org\/#\/schema\/person\/98d4b70eb3715a6ffd25456caa468cf9\",\"name\":\"Hannah Chosid\",\"image\":{\"@type\":\"ImageObject\",\"inLanguage\":\"es-MX\",\"@id\":\"https:\/\/www.mencare.org\/#\/schema\/person\/image\/\",\"url\":\"https:\/\/secure.gravatar.com\/avatar\/7d588a6bab168c7bf315e0c02a9d216d3ae1cc96e6a277774b99cb60754213c6?s=96&d=mm&r=g\",\"contentUrl\":\"https:\/\/secure.gravatar.com\/avatar\/7d588a6bab168c7bf315e0c02a9d216d3ae1cc96e6a277774b99cb60754213c6?s=96&d=mm&r=g\",\"caption\":\"Hannah Chosid\"},\"url\":\"https:\/\/www.mencare.org\/es\/author\/hchosid\/\"}]}<\/script>\n<!-- \/ Yoast SEO plugin. -->","yoast_head_json":{"title":"Caring masculinities: What are they, and why are they important? - MenCare","robots":{"index":"index","follow":"follow","max-snippet":"max-snippet:-1","max-image-preview":"max-image-preview:large","max-video-preview":"max-video-preview:-1"},"canonical":"https:\/\/www.mencare.org\/es\/caring-masculinities\/","og_locale":"es_MX","og_type":"article","og_title":"Caring masculinities: What are they, and why are they important? - MenCare","og_description":"By&nbsp;Rodrigo Barraza, Regional Co-Director for the Americas, Global Fund for Children Editor\u2019s note: This post is also available in Spanish. For many men and boys in Central America, caring is used to justify exerting power over others. GFC\u2019s new regional \u201cCuidar \u2013 nos hace bien\u201d (Caring \u2013 it does us good) social media campaign encourages&nbsp;&hellip;","og_url":"https:\/\/www.mencare.org\/es\/caring-masculinities\/","og_site_name":"MenCare","article_published_time":"2023-04-20T16:02:04+00:00","article_modified_time":"2023-04-24T13:39:48+00:00","og_image":[{"width":2048,"height":1536,"url":"https:\/\/www.mencare.org\/wp-content\/uploads\/2023\/04\/pintando.jpg","type":"image\/jpeg"}],"author":"Hannah Chosid","twitter_card":"summary_large_image","twitter_misc":{"Written by":"Hannah Chosid","Est. reading time":"5 minutes"},"schema":{"@context":"https:\/\/schema.org","@graph":[{"@type":"WebPage","@id":"https:\/\/www.mencare.org\/pt\/caring-masculinities\/","url":"https:\/\/www.mencare.org\/pt\/caring-masculinities\/","name":"Caring masculinities: What are they, and why are they important? - MenCare","isPartOf":{"@id":"https:\/\/www.mencare.org\/#website"},"primaryImageOfPage":{"@id":"https:\/\/www.mencare.org\/pt\/caring-masculinities\/#primaryimage"},"image":{"@id":"https:\/\/www.mencare.org\/pt\/caring-masculinities\/#primaryimage"},"thumbnailUrl":"https:\/\/www.mencare.org\/wp-content\/uploads\/2023\/04\/pintando.jpg","datePublished":"2023-04-20T16:02:04+00:00","dateModified":"2023-04-24T13:39:48+00:00","author":{"@id":"https:\/\/www.mencare.org\/#\/schema\/person\/98d4b70eb3715a6ffd25456caa468cf9"},"breadcrumb":{"@id":"https:\/\/www.mencare.org\/pt\/caring-masculinities\/#breadcrumb"},"inLanguage":"es-MX","potentialAction":[{"@type":"ReadAction","target":["https:\/\/www.mencare.org\/pt\/caring-masculinities\/"]}]},{"@type":"ImageObject","inLanguage":"es-MX","@id":"https:\/\/www.mencare.org\/pt\/caring-masculinities\/#primaryimage","url":"https:\/\/www.mencare.org\/wp-content\/uploads\/2023\/04\/pintando.jpg","contentUrl":"https:\/\/www.mencare.org\/wp-content\/uploads\/2023\/04\/pintando.jpg","width":2048,"height":1536},{"@type":"BreadcrumbList","@id":"https:\/\/www.mencare.org\/pt\/caring-masculinities\/#breadcrumb","itemListElement":[{"@type":"ListItem","position":1,"name":"Home","item":"https:\/\/www.mencare.org\/"},{"@type":"ListItem","position":2,"name":"Caring masculinities: What are they, and why are they important?"}]},{"@type":"WebSite","@id":"https:\/\/www.mencare.org\/#website","url":"https:\/\/www.mencare.org\/","name":"Cuidado de los hombres","description":"Una campa\u00f1a mundial por la paternidad","potentialAction":[{"@type":"SearchAction","target":{"@type":"EntryPoint","urlTemplate":"https:\/\/www.mencare.org\/?s={search_term_string}"},"query-input":{"@type":"PropertyValueSpecification","valueRequired":true,"valueName":"search_term_string"}}],"inLanguage":"es-MX"},{"@type":"Person","@id":"https:\/\/www.mencare.org\/#\/schema\/person\/98d4b70eb3715a6ffd25456caa468cf9","name":"Hannah Chosid","image":{"@type":"ImageObject","inLanguage":"es-MX","@id":"https:\/\/www.mencare.org\/#\/schema\/person\/image\/","url":"https:\/\/secure.gravatar.com\/avatar\/7d588a6bab168c7bf315e0c02a9d216d3ae1cc96e6a277774b99cb60754213c6?s=96&d=mm&r=g","contentUrl":"https:\/\/secure.gravatar.com\/avatar\/7d588a6bab168c7bf315e0c02a9d216d3ae1cc96e6a277774b99cb60754213c6?s=96&d=mm&r=g","caption":"Hannah Chosid"},"url":"https:\/\/www.mencare.org\/es\/author\/hchosid\/"}]}},"_links":{"self":[{"href":"https:\/\/www.mencare.org\/es\/wp-json\/wp\/v2\/posts\/7664","targetHints":{"allow":["GET"]}}],"collection":[{"href":"https:\/\/www.mencare.org\/es\/wp-json\/wp\/v2\/posts"}],"about":[{"href":"https:\/\/www.mencare.org\/es\/wp-json\/wp\/v2\/types\/post"}],"author":[{"embeddable":true,"href":"https:\/\/www.mencare.org\/es\/wp-json\/wp\/v2\/users\/180"}],"replies":[{"embeddable":true,"href":"https:\/\/www.mencare.org\/es\/wp-json\/wp\/v2\/comments?post=7664"}],"version-history":[{"count":2,"href":"https:\/\/www.mencare.org\/es\/wp-json\/wp\/v2\/posts\/7664\/revisions"}],"predecessor-version":[{"id":7688,"href":"https:\/\/www.mencare.org\/es\/wp-json\/wp\/v2\/posts\/7664\/revisions\/7688"}],"wp:featuredmedia":[{"embeddable":true,"href":"https:\/\/www.mencare.org\/es\/wp-json\/wp\/v2\/media\/7667"}],"wp:attachment":[{"href":"https:\/\/www.mencare.org\/es\/wp-json\/wp\/v2\/media?parent=7664"}],"wp:term":[{"taxonomy":"category","embeddable":true,"href":"https:\/\/www.mencare.org\/es\/wp-json\/wp\/v2\/categories?post=7664"},{"taxonomy":"post_tag","embeddable":true,"href":"https:\/\/www.mencare.org\/es\/wp-json\/wp\/v2\/tags?post=7664"}],"curies":[{"name":"wp","href":"https:\/\/api.w.org\/{rel}","templated":true}]}}