{"id":7716,"date":"2023-06-16T10:18:06","date_gmt":"2023-06-16T14:18:06","guid":{"rendered":"https:\/\/www.mencare.org\/?p=7716"},"modified":"2023-06-16T10:18:08","modified_gmt":"2023-06-16T14:18:08","slug":"my-house-is-a-laboratory-for-my-work-and-my-work-is-an-expression-of-my-personal-life","status":"publish","type":"post","link":"https:\/\/www.mencare.org\/es\/my-house-is-a-laboratory-for-my-work-and-my-work-is-an-expression-of-my-personal-life\/","title":{"rendered":"\u201cMi casa es un laboratorio para mi trabajo y mi trabajo es una expresi\u00f3n de mi vida personal\u201d"},"content":{"rendered":"<h2 class=\"wp-block-heading\">Retrato de Wessel van den Berg, responsable de MenCare en Equimundo <\/h2>\n\n\n<div class=\"wp-block-image\">\n<figure class=\"aligncenter size-large is-resized\"><a href=\"https:\/\/www.mencare.org\/wp-content\/uploads\/2023\/06\/Wessel-picture-MenCare.jpg\"><img loading=\"lazy\" decoding=\"async\" src=\"https:\/\/www.mencare.org\/wp-content\/uploads\/2023\/06\/Wessel-picture-MenCare-1024x976.jpg\" alt=\"\" class=\"wp-image-7717\" width=\"516\" height=\"491\" srcset=\"https:\/\/www.mencare.org\/wp-content\/uploads\/2023\/06\/Wessel-picture-MenCare-1024x976.jpg 1024w, https:\/\/www.mencare.org\/wp-content\/uploads\/2023\/06\/Wessel-picture-MenCare-300x286.jpg 300w, https:\/\/www.mencare.org\/wp-content\/uploads\/2023\/06\/Wessel-picture-MenCare-768x732.jpg 768w, https:\/\/www.mencare.org\/wp-content\/uploads\/2023\/06\/Wessel-picture-MenCare-1536x1464.jpg 1536w, https:\/\/www.mencare.org\/wp-content\/uploads\/2023\/06\/Wessel-picture-MenCare.jpg 1592w\" sizes=\"auto, (max-width: 516px) 100vw, 516px\" \/><\/a><figcaption>Wessel en su oficina en casa en Ciudad del Cabo, Sud\u00e1frica<\/figcaption><\/figure>\n<\/div>\n\n\n<p><strong>Cu\u00e9ntanos un poco sobre qui\u00e9n eres.<\/strong><\/p>\n\n\n\n<p>Me llamo Wessel Van Den Berg y soy padre, esposo, hermano y t\u00edo. A\u00fan no soy abuelo. Vivo en Sud\u00e1frica, en un pueblo de la regi\u00f3n vin\u00edcola cerca de Ciudad del Cabo. Me encanta correr o hacer senderismo en las monta\u00f1as que rodean mi hogar. Y las monta\u00f1as tienen una bonita conexi\u00f3n porque mi nombre, Van den Berg, significa &quot;de la monta\u00f1a&quot;. Actualmente trabajo como responsable de MenCare en Equimundo.<\/p>\n\n\n\n<p><strong>\u00bfCu\u00e1ndo empezaste a hacer este trabajo y qu\u00e9 te atrajo de \u00e9l?<\/strong><\/p>\n\n\n\n<p>Pensando en mi propia participaci\u00f3n en el trabajo de cuidado, creo que un momento que fue importante fue cuando trabaj\u00e9 como maestra de jard\u00edn de infantes durante tres a\u00f1os con un grupo de juego para ni\u00f1os. Fue entonces cuando comenc\u00e9 a preguntarme c\u00f3mo se constru\u00edan los roles de g\u00e9nero en torno al cuidado. Creo que tambi\u00e9n disfrut\u00e9 mucho y me sent\u00ed naturalmente a gusto en el contexto del cuidado. Realmente sent\u00ed que realizar el trabajo de cuidado a diario era un privilegio maravilloso.&nbsp;<\/p>\n\n\n\n<p>Crec\u00ed en una familia muy amorosa y cari\u00f1osa, con ambos padres trabajando en profesiones de cuidado, por lo que este enfoque me resulta natural.&nbsp;<\/p>\n\n\n\n<p><strong>\u00bfQu\u00e9 te motiva a seguir trabajando en la paternidad\/cuidado masculino?<\/strong><\/p>\n\n\n\n<p>Cuando estaba haciendo mi doctorado, lo hice sobre la participaci\u00f3n de los hombres en una \u00e9tica del cuidado. Y en ese momento, tambi\u00e9n estaba involucrado en la coordinaci\u00f3n de MenCare. Adoptamos a mi hijo durante ese per\u00edodo, y mi hija ten\u00eda tres a\u00f1os. As\u00ed que tuve esta triple capa de participaci\u00f3n en la paternidad: ser un padre primerizo, pensar te\u00f3ricamente sobre lo que eso significaba en t\u00e9rminos de mi investigaci\u00f3n, pero tambi\u00e9n trabajar en mi trabajo diario y motivar a otros a hacer lo mismo. Fue una experiencia muy intensa porque realmente me di cuenta de lo importante que es mi comportamiento personal para mi trabajo profesional, y c\u00f3mo cuando dices &quot;lo personal es pol\u00edtico&quot; o &quot;lo pol\u00edtico es personal&quot;, lo real que es eso en t\u00e9rminos del trabajo de cuidado y la crianza en el hogar. Mi casa es como un laboratorio para mi trabajo y mi trabajo es como una expresi\u00f3n de mi vida personal y [entre] los dos existe esta relaci\u00f3n rec\u00edproca, eso es algo que realmente disfruto, y que realmente me motiva a seguir haciendo este tipo de trabajo.<\/p>\n\n\n\n<p><strong>\u00bfQu\u00e9 es lo m\u00e1s gratificante de trabajar en MenCare?<\/strong><\/p>\n\n\n\n<p>Estoy empezando a ver resultados de nuestro trabajo que antes eran invisibles para m\u00ed, que no conoc\u00eda. Un ejemplo es el de uno de los miembros del consejo de nuestros socios de MenCare, <a href=\"https:\/\/mfj.se\/en?_gl=1*11zb3e9*_up*MQ..*_ga*MjA4MTQ5NTgyNC4xNjgyNTI1ODA2*_ga_2ZQN0KYN2C*MTY4MjUyNTgwNS4xLjEuMTY4MjUyNTg0My4wLjAuMA..\">HOMBRE<\/a> en Suecia. Adam, que trabaja all\u00ed, particip\u00f3 en una reuni\u00f3n de MenCare que organizamos en Uganda hace siete a\u00f1os. Ahora trabaja en M\u00c4N, es miembro del Consejo de socios y trabaja en el tema de la paternidad porque hab\u00eda asistido a esa reuni\u00f3n de tres d\u00edas y lo hab\u00eda inspirado a explorar este trabajo como una carrera.<\/p>\n\n\n\n<p>En el otro extremo del espectro en t\u00e9rminos de escala se encuentra el trabajo program\u00e1tico que ofrecemos, que es asumido por una organizaci\u00f3n y puesto en pr\u00e1ctica despu\u00e9s de que hemos realizado la capacitaci\u00f3n de capacitadores. En mi experiencia, he realizado talleres de capacitaci\u00f3n de capacitadores con frecuencia y, luego, eso es como el final y los participantes aplican principalmente el conocimiento en su propio trabajo. Pero luego, algunas veces a lo largo de los a\u00f1os, escuch\u00e9 de una organizaci\u00f3n que sigui\u00f3 haciendo <a href=\"https:\/\/www.equimundo.org\/programs\/program-p\/\">Programa P<\/a> y todav\u00eda lo siguen haciendo. <a href=\"https:\/\/www.worldvision.ca\/\">Visi\u00f3n Mundial<\/a> es el ejemplo m\u00e1s reciente de eso. Nuestras colegas Jane Kato-Wallace y Kate Doyle realizaron algunos eventos de capacitaci\u00f3n de MenCare y Program P con World Vision en varios pa\u00edses, incluidos Sri Lanka, Indonesia y Bangladesh. Descubr\u00ed recientemente en CSW, cuando particip\u00e9 en un panel con World Vision, que esos talleres inspiraron a WorldVision a adaptar e implementar la intervenci\u00f3n. La implementaron en varios pa\u00edses y llegaron a miles de personas con MenCare \/ Program P sin nuestra participaci\u00f3n directa como Equimundo. Es este maravilloso efecto domin\u00f3 de las consecuencias de nuestro trabajo en el mundo. Realmente me motiva. Disfruto escuchar sobre eso y luego involucrarme nuevamente, pero tambi\u00e9n es genial que las cosas sucedan independientemente de nosotros. Es mucho m\u00e1s sostenible as\u00ed.<\/p>\n\n\n\n<p><strong>\u00bfC\u00f3mo se ha visto afectada su propia labor de cuidado al trabajar en este espacio?<\/strong><\/p>\n\n\n\n<p>Quiero desentra\u00f1ar un poco el concepto de que \u201clo personal es pol\u00edtico, lo pol\u00edtico es personal\u201d. Leer sobre algo es muy diferente a hacerlo, o incluso a escribir sobre ello. Por eso, la iron\u00eda a la que me enfrento a menudo es que estar\u00eda descuidando el trabajo de cuidados que puedo hacer en mi casa con mis hijos si escribiera sobre los hombres que tienen que hacer trabajo de cuidados o si viajara a otro pa\u00eds para motivar a otros hombres a involucrarse en el trabajo de cuidados. Mi pareja y yo somos muy conscientes de esto y tratamos de mitigarlo. He tratado de reducir los viajes y soy consciente de c\u00f3mo administro mi tiempo fuera del trabajo remunerado para poder contribuir a llegar a un punto en el que el trabajo de cuidados sea equitativo.<\/p>\n\n\n\n<p>La otra cosa es simplemente una experiencia visceral de preguntarme por qu\u00e9 no veo las cosas que mi esposa ve. Si he estado de viaje durante una semana y vuelvo, no tengo ni idea de qu\u00e9 es lo que prefieren mis hijos en cuanto a la lonchera: cambia en una semana. Y a veces he tenido que preguntarle a mi esposa qu\u00e9 camisa del colegio es la de mi hija y cu\u00e1l la de mi hijo. A esta altura ya lo s\u00e9, pero es porque he hecho este trabajo. Me he vuelto muy, muy sensible a caer en el modo de pedirle a mi pareja que haga el trabajo mental en mi nombre y que me d\u00e9 instrucciones sobre los diversos elementos del trabajo de cuidado. Hemos llegado a un acuerdo porque a veces tengo que estar fuera y entonces pierdo el contacto. As\u00ed que lo que he aprendido sobre m\u00ed es que es constante y un buen punto de partida es ver realmente lo que est\u00e1 pasando, y la mejor manera de hacerlo es dejar que seas responsable de hacerlo. Me resulta mucho m\u00e1s f\u00e1cil llevar un registro de cu\u00e1nta mantequilla de man\u00ed queda en el frasco si estoy sola con los ni\u00f1os durante un fin de semana. Cuando estoy con mi pareja, es subliminal, inconsciente. F\u00e1cilmente se convierte en \u201calguien m\u00e1s lo est\u00e1 haciendo; en realidad no necesito involucrarme en eso\u201d. Los ejemplos dom\u00e9sticos suenan mundanos, pero en realidad se acumulan para generar fatiga mental y fatiga f\u00edsica. [Hacer este trabajo] conlleva beneficios maravillosos, pero es un trabajo duro.<\/p>\n\n\n\n<p><br><em>Wessel ha estado trabajando con Equimundo como responsable de MenCare desde septiembre de 2022. Este primer art\u00edculo forma parte de una serie que destaca el trabajo y las personas que forman parte de MenCare. Est\u00e9n atentos a los pr\u00f3ximos art\u00edculos. Explore nuestro sitio para obtener m\u00e1s informaci\u00f3n sobre la campa\u00f1a MenCare, sus socios y sus iniciativas.<\/em>.<\/p>\n\n\n\n<div class=\"radius-fix\"><\/div>\n\n\n\n<div class=\"radius-fix\"><\/div>","protected":false},"excerpt":{"rendered":"<p>Un retrato de Wessel van den Berg, responsable de MenCare en Equimundo Cu\u00e9ntenos un poco sobre qui\u00e9n es usted. Mi nombre es Wessel Van Den Berg y soy padre. Soy esposo. Soy hermano. De hecho, tambi\u00e9n soy t\u00edo. Y todav\u00eda no soy abuelo. Vivo en Sud\u00e1frica.&nbsp;<a class=\"read-more-link\" href=\"https:\/\/www.mencare.org\/es\/my-house-is-a-laboratory-for-my-work-and-my-work-is-an-expression-of-my-personal-life\/\">\u2026<\/a><\/p>","protected":false},"author":180,"featured_media":7717,"comment_status":"closed","ping_status":"closed","sticky":false,"template":"","format":"standard","meta":{"footnotes":""},"categories":[1],"tags":[],"class_list":["post-7716","post","type-post","status-publish","format-standard","has-post-thumbnail","hentry","category-uncategorized"],"acf":[],"yoast_head":"<!-- This site is optimized with the Yoast SEO plugin v25.9 - https:\/\/yoast.com\/wordpress\/plugins\/seo\/ -->\n<title>&quot;My house is a laboratory for my work and my work is an expression of my personal life\u201d - MenCare<\/title>\n<meta name=\"robots\" content=\"index, follow, max-snippet:-1, max-image-preview:large, max-video-preview:-1\" \/>\n<link rel=\"canonical\" href=\"https:\/\/www.mencare.org\/es\/my-house-is-a-laboratory-for-my-work-and-my-work-is-an-expression-of-my-personal-life\/\" \/>\n<meta property=\"og:locale\" content=\"es_MX\" \/>\n<meta property=\"og:type\" content=\"article\" \/>\n<meta property=\"og:title\" content=\"&quot;My house is a laboratory for my work and my work is an expression of my personal life\u201d - MenCare\" \/>\n<meta property=\"og:description\" content=\"A Portrait of Wessel van den Berg, MenCare Officer at Equimundo Tell us a bit about who you are. My name is Wessel Van Den Berg and I am a father. I&#8217;m a husband. I&#8217;m a brother. I&#8217;m actually an uncle also. And I&#8217;m not yet a grandfather. I live in South Africa. And I&nbsp;&hellip;\" \/>\n<meta property=\"og:url\" content=\"https:\/\/www.mencare.org\/es\/my-house-is-a-laboratory-for-my-work-and-my-work-is-an-expression-of-my-personal-life\/\" \/>\n<meta property=\"og:site_name\" content=\"MenCare\" \/>\n<meta property=\"article:published_time\" content=\"2023-06-16T14:18:06+00:00\" \/>\n<meta property=\"article:modified_time\" content=\"2023-06-16T14:18:08+00:00\" \/>\n<meta property=\"og:image\" content=\"https:\/\/www.mencare.org\/wp-content\/uploads\/2023\/06\/Wessel-picture-MenCare.jpg\" \/>\n\t<meta property=\"og:image:width\" content=\"1592\" \/>\n\t<meta property=\"og:image:height\" content=\"1517\" \/>\n\t<meta property=\"og:image:type\" content=\"image\/jpeg\" \/>\n<meta name=\"author\" content=\"Hannah Chosid\" \/>\n<meta name=\"twitter:card\" content=\"summary_large_image\" \/>\n<meta name=\"twitter:label1\" content=\"Written by\" \/>\n\t<meta name=\"twitter:data1\" content=\"Hannah Chosid\" \/>\n\t<meta name=\"twitter:label2\" content=\"Est. reading time\" \/>\n\t<meta name=\"twitter:data2\" content=\"6 minutes\" \/>\n<script type=\"application\/ld+json\" class=\"yoast-schema-graph\">{\"@context\":\"https:\/\/schema.org\",\"@graph\":[{\"@type\":\"WebPage\",\"@id\":\"https:\/\/www.mencare.org\/my-house-is-a-laboratory-for-my-work-and-my-work-is-an-expression-of-my-personal-life\/\",\"url\":\"https:\/\/www.mencare.org\/my-house-is-a-laboratory-for-my-work-and-my-work-is-an-expression-of-my-personal-life\/\",\"name\":\"\\\"My house is a laboratory for my work and my work is an expression of my personal life\u201d - MenCare\",\"isPartOf\":{\"@id\":\"https:\/\/www.mencare.org\/#website\"},\"primaryImageOfPage\":{\"@id\":\"https:\/\/www.mencare.org\/my-house-is-a-laboratory-for-my-work-and-my-work-is-an-expression-of-my-personal-life\/#primaryimage\"},\"image\":{\"@id\":\"https:\/\/www.mencare.org\/my-house-is-a-laboratory-for-my-work-and-my-work-is-an-expression-of-my-personal-life\/#primaryimage\"},\"thumbnailUrl\":\"https:\/\/www.mencare.org\/wp-content\/uploads\/2023\/06\/Wessel-picture-MenCare.jpg\",\"datePublished\":\"2023-06-16T14:18:06+00:00\",\"dateModified\":\"2023-06-16T14:18:08+00:00\",\"author\":{\"@id\":\"https:\/\/www.mencare.org\/#\/schema\/person\/98d4b70eb3715a6ffd25456caa468cf9\"},\"breadcrumb\":{\"@id\":\"https:\/\/www.mencare.org\/my-house-is-a-laboratory-for-my-work-and-my-work-is-an-expression-of-my-personal-life\/#breadcrumb\"},\"inLanguage\":\"es-MX\",\"potentialAction\":[{\"@type\":\"ReadAction\",\"target\":[\"https:\/\/www.mencare.org\/my-house-is-a-laboratory-for-my-work-and-my-work-is-an-expression-of-my-personal-life\/\"]}]},{\"@type\":\"ImageObject\",\"inLanguage\":\"es-MX\",\"@id\":\"https:\/\/www.mencare.org\/my-house-is-a-laboratory-for-my-work-and-my-work-is-an-expression-of-my-personal-life\/#primaryimage\",\"url\":\"https:\/\/www.mencare.org\/wp-content\/uploads\/2023\/06\/Wessel-picture-MenCare.jpg\",\"contentUrl\":\"https:\/\/www.mencare.org\/wp-content\/uploads\/2023\/06\/Wessel-picture-MenCare.jpg\",\"width\":1592,\"height\":1517},{\"@type\":\"BreadcrumbList\",\"@id\":\"https:\/\/www.mencare.org\/my-house-is-a-laboratory-for-my-work-and-my-work-is-an-expression-of-my-personal-life\/#breadcrumb\",\"itemListElement\":[{\"@type\":\"ListItem\",\"position\":1,\"name\":\"Home\",\"item\":\"https:\/\/www.mencare.org\/\"},{\"@type\":\"ListItem\",\"position\":2,\"name\":\"&#8220;My house is a laboratory for my work and my work is an expression of my personal life\u201d\"}]},{\"@type\":\"WebSite\",\"@id\":\"https:\/\/www.mencare.org\/#website\",\"url\":\"https:\/\/www.mencare.org\/\",\"name\":\"MenCare\",\"description\":\"A Global Fatherhood Campaign\",\"potentialAction\":[{\"@type\":\"SearchAction\",\"target\":{\"@type\":\"EntryPoint\",\"urlTemplate\":\"https:\/\/www.mencare.org\/?s={search_term_string}\"},\"query-input\":{\"@type\":\"PropertyValueSpecification\",\"valueRequired\":true,\"valueName\":\"search_term_string\"}}],\"inLanguage\":\"es-MX\"},{\"@type\":\"Person\",\"@id\":\"https:\/\/www.mencare.org\/#\/schema\/person\/98d4b70eb3715a6ffd25456caa468cf9\",\"name\":\"Hannah Chosid\",\"image\":{\"@type\":\"ImageObject\",\"inLanguage\":\"es-MX\",\"@id\":\"https:\/\/www.mencare.org\/#\/schema\/person\/image\/\",\"url\":\"https:\/\/secure.gravatar.com\/avatar\/7d588a6bab168c7bf315e0c02a9d216d3ae1cc96e6a277774b99cb60754213c6?s=96&d=mm&r=g\",\"contentUrl\":\"https:\/\/secure.gravatar.com\/avatar\/7d588a6bab168c7bf315e0c02a9d216d3ae1cc96e6a277774b99cb60754213c6?s=96&d=mm&r=g\",\"caption\":\"Hannah Chosid\"},\"url\":\"https:\/\/www.mencare.org\/es\/author\/hchosid\/\"}]}<\/script>\n<!-- \/ Yoast SEO plugin. -->","yoast_head_json":{"title":"\"My house is a laboratory for my work and my work is an expression of my personal life\u201d - MenCare","robots":{"index":"index","follow":"follow","max-snippet":"max-snippet:-1","max-image-preview":"max-image-preview:large","max-video-preview":"max-video-preview:-1"},"canonical":"https:\/\/www.mencare.org\/es\/my-house-is-a-laboratory-for-my-work-and-my-work-is-an-expression-of-my-personal-life\/","og_locale":"es_MX","og_type":"article","og_title":"\"My house is a laboratory for my work and my work is an expression of my personal life\u201d - MenCare","og_description":"A Portrait of Wessel van den Berg, MenCare Officer at Equimundo Tell us a bit about who you are. My name is Wessel Van Den Berg and I am a father. I&#8217;m a husband. I&#8217;m a brother. I&#8217;m actually an uncle also. And I&#8217;m not yet a grandfather. I live in South Africa. And I&nbsp;&hellip;","og_url":"https:\/\/www.mencare.org\/es\/my-house-is-a-laboratory-for-my-work-and-my-work-is-an-expression-of-my-personal-life\/","og_site_name":"MenCare","article_published_time":"2023-06-16T14:18:06+00:00","article_modified_time":"2023-06-16T14:18:08+00:00","og_image":[{"width":1592,"height":1517,"url":"https:\/\/www.mencare.org\/wp-content\/uploads\/2023\/06\/Wessel-picture-MenCare.jpg","type":"image\/jpeg"}],"author":"Hannah Chosid","twitter_card":"summary_large_image","twitter_misc":{"Written by":"Hannah Chosid","Est. reading time":"6 minutes"},"schema":{"@context":"https:\/\/schema.org","@graph":[{"@type":"WebPage","@id":"https:\/\/www.mencare.org\/my-house-is-a-laboratory-for-my-work-and-my-work-is-an-expression-of-my-personal-life\/","url":"https:\/\/www.mencare.org\/my-house-is-a-laboratory-for-my-work-and-my-work-is-an-expression-of-my-personal-life\/","name":"\"My house is a laboratory for my work and my work is an expression of my personal life\u201d - MenCare","isPartOf":{"@id":"https:\/\/www.mencare.org\/#website"},"primaryImageOfPage":{"@id":"https:\/\/www.mencare.org\/my-house-is-a-laboratory-for-my-work-and-my-work-is-an-expression-of-my-personal-life\/#primaryimage"},"image":{"@id":"https:\/\/www.mencare.org\/my-house-is-a-laboratory-for-my-work-and-my-work-is-an-expression-of-my-personal-life\/#primaryimage"},"thumbnailUrl":"https:\/\/www.mencare.org\/wp-content\/uploads\/2023\/06\/Wessel-picture-MenCare.jpg","datePublished":"2023-06-16T14:18:06+00:00","dateModified":"2023-06-16T14:18:08+00:00","author":{"@id":"https:\/\/www.mencare.org\/#\/schema\/person\/98d4b70eb3715a6ffd25456caa468cf9"},"breadcrumb":{"@id":"https:\/\/www.mencare.org\/my-house-is-a-laboratory-for-my-work-and-my-work-is-an-expression-of-my-personal-life\/#breadcrumb"},"inLanguage":"es-MX","potentialAction":[{"@type":"ReadAction","target":["https:\/\/www.mencare.org\/my-house-is-a-laboratory-for-my-work-and-my-work-is-an-expression-of-my-personal-life\/"]}]},{"@type":"ImageObject","inLanguage":"es-MX","@id":"https:\/\/www.mencare.org\/my-house-is-a-laboratory-for-my-work-and-my-work-is-an-expression-of-my-personal-life\/#primaryimage","url":"https:\/\/www.mencare.org\/wp-content\/uploads\/2023\/06\/Wessel-picture-MenCare.jpg","contentUrl":"https:\/\/www.mencare.org\/wp-content\/uploads\/2023\/06\/Wessel-picture-MenCare.jpg","width":1592,"height":1517},{"@type":"BreadcrumbList","@id":"https:\/\/www.mencare.org\/my-house-is-a-laboratory-for-my-work-and-my-work-is-an-expression-of-my-personal-life\/#breadcrumb","itemListElement":[{"@type":"ListItem","position":1,"name":"Home","item":"https:\/\/www.mencare.org\/"},{"@type":"ListItem","position":2,"name":"&#8220;My house is a laboratory for my work and my work is an expression of my personal life\u201d"}]},{"@type":"WebSite","@id":"https:\/\/www.mencare.org\/#website","url":"https:\/\/www.mencare.org\/","name":"Cuidado de los hombres","description":"Una campa\u00f1a mundial por la paternidad","potentialAction":[{"@type":"SearchAction","target":{"@type":"EntryPoint","urlTemplate":"https:\/\/www.mencare.org\/?s={search_term_string}"},"query-input":{"@type":"PropertyValueSpecification","valueRequired":true,"valueName":"search_term_string"}}],"inLanguage":"es-MX"},{"@type":"Person","@id":"https:\/\/www.mencare.org\/#\/schema\/person\/98d4b70eb3715a6ffd25456caa468cf9","name":"Hannah Chosid","image":{"@type":"ImageObject","inLanguage":"es-MX","@id":"https:\/\/www.mencare.org\/#\/schema\/person\/image\/","url":"https:\/\/secure.gravatar.com\/avatar\/7d588a6bab168c7bf315e0c02a9d216d3ae1cc96e6a277774b99cb60754213c6?s=96&d=mm&r=g","contentUrl":"https:\/\/secure.gravatar.com\/avatar\/7d588a6bab168c7bf315e0c02a9d216d3ae1cc96e6a277774b99cb60754213c6?s=96&d=mm&r=g","caption":"Hannah Chosid"},"url":"https:\/\/www.mencare.org\/es\/author\/hchosid\/"}]}},"_links":{"self":[{"href":"https:\/\/www.mencare.org\/es\/wp-json\/wp\/v2\/posts\/7716","targetHints":{"allow":["GET"]}}],"collection":[{"href":"https:\/\/www.mencare.org\/es\/wp-json\/wp\/v2\/posts"}],"about":[{"href":"https:\/\/www.mencare.org\/es\/wp-json\/wp\/v2\/types\/post"}],"author":[{"embeddable":true,"href":"https:\/\/www.mencare.org\/es\/wp-json\/wp\/v2\/users\/180"}],"replies":[{"embeddable":true,"href":"https:\/\/www.mencare.org\/es\/wp-json\/wp\/v2\/comments?post=7716"}],"version-history":[{"count":2,"href":"https:\/\/www.mencare.org\/es\/wp-json\/wp\/v2\/posts\/7716\/revisions"}],"predecessor-version":[{"id":7719,"href":"https:\/\/www.mencare.org\/es\/wp-json\/wp\/v2\/posts\/7716\/revisions\/7719"}],"wp:featuredmedia":[{"embeddable":true,"href":"https:\/\/www.mencare.org\/es\/wp-json\/wp\/v2\/media\/7717"}],"wp:attachment":[{"href":"https:\/\/www.mencare.org\/es\/wp-json\/wp\/v2\/media?parent=7716"}],"wp:term":[{"taxonomy":"category","embeddable":true,"href":"https:\/\/www.mencare.org\/es\/wp-json\/wp\/v2\/categories?post=7716"},{"taxonomy":"post_tag","embeddable":true,"href":"https:\/\/www.mencare.org\/es\/wp-json\/wp\/v2\/tags?post=7716"}],"curies":[{"name":"wp","href":"https:\/\/api.w.org\/{rel}","templated":true}]}}