{"id":321,"date":"2014-12-01T00:00:29","date_gmt":"2014-12-01T00:00:29","guid":{"rendered":"https:\/\/www.mencare.org\/?p=321"},"modified":"2014-12-01T00:00:29","modified_gmt":"2014-12-01T00:00:29","slug":"at-the-menengage-global-symposium-mencare-discusses-global-advocacy-for-involved-fatherhood","status":"publish","type":"post","link":"https:\/\/www.mencare.org\/pt\/at-the-menengage-global-symposium-mencare-discusses-global-advocacy-for-involved-fatherhood\/","title":{"rendered":"No Simp\u00f3sio Global MenEngage, a MenCare discute a defesa global da paternidade envolvida"},"content":{"rendered":"<div class=\"radius-fix\"><img loading=\"lazy\" decoding=\"async\" class=\"wp-image-323\" src=\"https:\/\/www.mencare.org\/wp-content\/uploads\/2015\/04\/SOWF-Advocacy-Symposium-1024x440.jpg\" alt=\"SOWF-Advocacy-Symposium\" width=\"937\" height=\"403\" srcset=\"https:\/\/www.mencare.org\/wp-content\/uploads\/2015\/04\/SOWF-Advocacy-Symposium-1024x440.jpg 1024w, https:\/\/www.mencare.org\/wp-content\/uploads\/2015\/04\/SOWF-Advocacy-Symposium-300x129.jpg 300w, https:\/\/www.mencare.org\/wp-content\/uploads\/2015\/04\/SOWF-Advocacy-Symposium.jpg 1200w\" sizes=\"auto, (max-width: 937px) 100vw, 937px\" \/><\/div>\n<p>Em 10 de novembro de 2014, primeiro dia do <a href=\"http:\/\/www.menengagedilli2014.net\/\" target=\"_blank\">Simp\u00f3sio Global MenEngage<\/a> em Nova Deli, \u00cdndia, a MenCare realizou um workshop de advocacia de um dia sobre a pr\u00f3xima campanha <em><a href=\"\/pt\/what-we-do\/advocacy\/state-of-the-worlds-fathers\/\" target=\"_blank\">Situa\u00e7\u00e3o da Paternidade no Mundo<\/a><\/em> relat\u00f3rio. Mais de 60 pessoas compareceram ao workshop, discutindo maneiras de usar o relat\u00f3rio como uma ferramenta para pol\u00edticas, m\u00eddia e advocacia comunit\u00e1ria em torno da paternidade envolvida e do cuidado em todo o mundo.<\/p>\n<p>Quatro em cada cinco homens se tornar\u00e3o pais em algum momento de suas vidas, e virtualmente todos os homens t\u00eam alguma conex\u00e3o com crian\u00e7as e outros em relacionamentos de cuidado. No entanto, o envolvimento de homens em cuidados raramente tem sido parte dos esfor\u00e7os globais para promover a igualdade de g\u00eanero e prevenir a viol\u00eancia.<\/p>\n<p>A Campanha MenCare lan\u00e7ar\u00e1 o primeiro <em>Situa\u00e7\u00e3o da Paternidade no Mundo<\/em> relat\u00f3rio em junho de 2015, destacando pesquisas, dados, pol\u00edticas e programas de todo o mundo relacionados \u00e0 participa\u00e7\u00e3o dos homens no cuidado e na paternidade. Ele define uma agenda global de advocacy para envolver homens e meninos no cuidado como parte da solu\u00e7\u00e3o para alcan\u00e7ar a igualdade de g\u00eanero e outros resultados positivos para mulheres, crian\u00e7as e os pr\u00f3prios homens.<\/p>\n<p>O workshop em Nova Deli incluiu uma introdu\u00e7\u00e3o \u00e0 <em>Situa\u00e7\u00e3o da Paternidade no Mundo<\/em> relat\u00f3rio e suas metas, uma vis\u00e3o geral das estrat\u00e9gias de advocacy e m\u00eddia, e apresenta\u00e7\u00f5es sobre campanhas de advocacy relacionadas \u00e0 paternidade e ao cuidado. O evento tamb\u00e9m permitiu que os participantes fornecessem contribui\u00e7\u00f5es para as solicita\u00e7\u00f5es de pol\u00edticas, e incluiu uma discuss\u00e3o sobre como o relat\u00f3rio seria mais \u00fatil para seus esfor\u00e7os espec\u00edficos de advocacy.<\/p>\n<p>Usando dados globais sobre o envolvimento dos homens nos cuidados e na sa\u00fade materna e infantil, e sobre as conex\u00f5es entre paternidade e viol\u00eancia, o relat\u00f3rio visa fornecer a base para iniciativas sociais, pol\u00edticas e de sa\u00fade concentradas; ampla mudan\u00e7a institucional; e conscientiza\u00e7\u00e3o p\u00fablica para promover uma transforma\u00e7\u00e3o em dire\u00e7\u00e3o \u00e0 paternidade equitativa e envolvida.<\/p>\n<p>Para obter mais informa\u00e7\u00f5es sobre o relat\u00f3rio ou para contribuir com ideias, pesquisas ou exemplos de programas, entre em contato com o Coordenador Global da MenCare <a href=\"mailto:r.levtov@equimundo.org.br\">Ruti Levtov<\/a>.<\/p>","protected":false},"excerpt":{"rendered":"<p>Em 10 de novembro de 2014, o primeiro dia do Simp\u00f3sio Global MenEngage em Nova D\u00e9li, \u00cdndia, a MenCare realizou um workshop de advocacy de um dia inteiro em torno do pr\u00f3ximo relat\u00f3rio State of the World&#039;s Fathers da campanha. Mais de 60 pessoas compareceram ao workshop, discutindo maneiras de usar o relat\u00f3rio como uma ferramenta para advocacy de pol\u00edticas, m\u00eddia e comunidade em torno da paternidade envolvida e do cuidado em todo o mundo.<\/p>","protected":false},"author":7,"featured_media":322,"comment_status":"open","ping_status":"open","sticky":false,"template":"","format":"standard","meta":{"footnotes":""},"categories":[1],"tags":[20,114,165,245],"class_list":["post-321","post","type-post","status-publish","format-standard","has-post-thumbnail","hentry","category-uncategorized","tag-asia-pacific","tag-india","tag-menengage-global-symposium","tag-state-of-the-worlds-fathers","countries-india","initiative-state-of-the-worlds-fathers"],"acf":[],"yoast_head":"<!-- This site is optimized with the Yoast SEO plugin v25.9 - https:\/\/yoast.com\/wordpress\/plugins\/seo\/ -->\n<title>At the MenEngage Global Symposium, MenCare discusses global advocacy for involved fatherhood - MenCare<\/title>\n<meta name=\"robots\" content=\"index, follow, max-snippet:-1, max-image-preview:large, max-video-preview:-1\" \/>\n<link rel=\"canonical\" href=\"https:\/\/www.mencare.org\/pt\/at-the-menengage-global-symposium-mencare-discusses-global-advocacy-for-involved-fatherhood\/\" \/>\n<meta property=\"og:locale\" content=\"pt_BR\" \/>\n<meta property=\"og:type\" content=\"article\" \/>\n<meta property=\"og:title\" content=\"At the MenEngage Global Symposium, MenCare discusses global advocacy for involved fatherhood - MenCare\" \/>\n<meta property=\"og:description\" content=\"On November 10, 2014, the first day of the MenEngage Global Symposium in New Delhi, India, MenCare held a daylong advocacy workshop around the campaign\u2019s forthcoming State of the World\u2019s Fathers report. More than 60 people attended the workshop, discussing ways to use the report as a tool for policy, media and community advocacy around involved fatherhood and caregiving worldwide.\" \/>\n<meta property=\"og:url\" content=\"https:\/\/www.mencare.org\/pt\/at-the-menengage-global-symposium-mencare-discusses-global-advocacy-for-involved-fatherhood\/\" \/>\n<meta property=\"og:site_name\" content=\"MenCare\" \/>\n<meta property=\"article:published_time\" content=\"2014-12-01T00:00:29+00:00\" \/>\n<meta property=\"og:image\" content=\"https:\/\/www.mencare.org\/wp-content\/uploads\/2015\/04\/SOWF-Advocacy-Symposium-crop.jpg\" \/>\n\t<meta property=\"og:image:width\" content=\"826\" \/>\n\t<meta property=\"og:image:height\" content=\"516\" \/>\n\t<meta property=\"og:image:type\" content=\"image\/jpeg\" \/>\n<meta name=\"twitter:card\" content=\"summary_large_image\" \/>\n<meta name=\"twitter:label1\" content=\"Written by\" \/>\n\t<meta name=\"twitter:data1\" content=\"\" \/>\n\t<meta name=\"twitter:label2\" content=\"Est. reading time\" \/>\n\t<meta name=\"twitter:data2\" content=\"2 minutes\" \/>\n<script type=\"application\/ld+json\" class=\"yoast-schema-graph\">{\"@context\":\"https:\/\/schema.org\",\"@graph\":[{\"@type\":\"WebPage\",\"@id\":\"https:\/\/www.mencare.org\/at-the-menengage-global-symposium-mencare-discusses-global-advocacy-for-involved-fatherhood\/\",\"url\":\"https:\/\/www.mencare.org\/at-the-menengage-global-symposium-mencare-discusses-global-advocacy-for-involved-fatherhood\/\",\"name\":\"At the MenEngage Global Symposium, MenCare discusses global advocacy for involved fatherhood - MenCare\",\"isPartOf\":{\"@id\":\"https:\/\/www.mencare.org\/#website\"},\"primaryImageOfPage\":{\"@id\":\"https:\/\/www.mencare.org\/at-the-menengage-global-symposium-mencare-discusses-global-advocacy-for-involved-fatherhood\/#primaryimage\"},\"image\":{\"@id\":\"https:\/\/www.mencare.org\/at-the-menengage-global-symposium-mencare-discusses-global-advocacy-for-involved-fatherhood\/#primaryimage\"},\"thumbnailUrl\":\"https:\/\/www.mencare.org\/wp-content\/uploads\/2015\/04\/SOWF-Advocacy-Symposium-crop.jpg\",\"datePublished\":\"2014-12-01T00:00:29+00:00\",\"author\":{\"@id\":\"\"},\"breadcrumb\":{\"@id\":\"https:\/\/www.mencare.org\/at-the-menengage-global-symposium-mencare-discusses-global-advocacy-for-involved-fatherhood\/#breadcrumb\"},\"inLanguage\":\"pt-BR\",\"potentialAction\":[{\"@type\":\"ReadAction\",\"target\":[\"https:\/\/www.mencare.org\/at-the-menengage-global-symposium-mencare-discusses-global-advocacy-for-involved-fatherhood\/\"]}]},{\"@type\":\"ImageObject\",\"inLanguage\":\"pt-BR\",\"@id\":\"https:\/\/www.mencare.org\/at-the-menengage-global-symposium-mencare-discusses-global-advocacy-for-involved-fatherhood\/#primaryimage\",\"url\":\"https:\/\/www.mencare.org\/wp-content\/uploads\/2015\/04\/SOWF-Advocacy-Symposium-crop.jpg\",\"contentUrl\":\"https:\/\/www.mencare.org\/wp-content\/uploads\/2015\/04\/SOWF-Advocacy-Symposium-crop.jpg\",\"width\":826,\"height\":516,\"caption\":\"Speakers at the State of the World's Fathers advocacy workshop at the MenEngage Global Symposium in India, 2015.\"},{\"@type\":\"BreadcrumbList\",\"@id\":\"https:\/\/www.mencare.org\/at-the-menengage-global-symposium-mencare-discusses-global-advocacy-for-involved-fatherhood\/#breadcrumb\",\"itemListElement\":[{\"@type\":\"ListItem\",\"position\":1,\"name\":\"Home\",\"item\":\"https:\/\/www.mencare.org\/\"},{\"@type\":\"ListItem\",\"position\":2,\"name\":\"At the MenEngage Global Symposium, MenCare discusses global advocacy for involved fatherhood\"}]},{\"@type\":\"WebSite\",\"@id\":\"https:\/\/www.mencare.org\/#website\",\"url\":\"https:\/\/www.mencare.org\/\",\"name\":\"MenCare\",\"description\":\"A Global Fatherhood Campaign\",\"potentialAction\":[{\"@type\":\"SearchAction\",\"target\":{\"@type\":\"EntryPoint\",\"urlTemplate\":\"https:\/\/www.mencare.org\/?s={search_term_string}\"},\"query-input\":{\"@type\":\"PropertyValueSpecification\",\"valueRequired\":true,\"valueName\":\"search_term_string\"}}],\"inLanguage\":\"pt-BR\"},{\"@type\":\"Person\",\"@id\":\"\",\"url\":\"https:\/\/www.mencare.org\/pt\/author\/\"}]}<\/script>\n<!-- \/ Yoast SEO plugin. -->","yoast_head_json":{"title":"At the MenEngage Global Symposium, MenCare discusses global advocacy for involved fatherhood - MenCare","robots":{"index":"index","follow":"follow","max-snippet":"max-snippet:-1","max-image-preview":"max-image-preview:large","max-video-preview":"max-video-preview:-1"},"canonical":"https:\/\/www.mencare.org\/pt\/at-the-menengage-global-symposium-mencare-discusses-global-advocacy-for-involved-fatherhood\/","og_locale":"pt_BR","og_type":"article","og_title":"At the MenEngage Global Symposium, MenCare discusses global advocacy for involved fatherhood - MenCare","og_description":"On November 10, 2014, the first day of the MenEngage Global Symposium in New Delhi, India, MenCare held a daylong advocacy workshop around the campaign\u2019s forthcoming State of the World\u2019s Fathers report. More than 60 people attended the workshop, discussing ways to use the report as a tool for policy, media and community advocacy around involved fatherhood and caregiving worldwide.","og_url":"https:\/\/www.mencare.org\/pt\/at-the-menengage-global-symposium-mencare-discusses-global-advocacy-for-involved-fatherhood\/","og_site_name":"MenCare","article_published_time":"2014-12-01T00:00:29+00:00","og_image":[{"width":826,"height":516,"url":"https:\/\/www.mencare.org\/wp-content\/uploads\/2015\/04\/SOWF-Advocacy-Symposium-crop.jpg","type":"image\/jpeg"}],"twitter_card":"summary_large_image","twitter_misc":{"Written by":"","Est. reading time":"2 minutes"},"schema":{"@context":"https:\/\/schema.org","@graph":[{"@type":"WebPage","@id":"https:\/\/www.mencare.org\/at-the-menengage-global-symposium-mencare-discusses-global-advocacy-for-involved-fatherhood\/","url":"https:\/\/www.mencare.org\/at-the-menengage-global-symposium-mencare-discusses-global-advocacy-for-involved-fatherhood\/","name":"At the MenEngage Global Symposium, MenCare discusses global advocacy for involved fatherhood - MenCare","isPartOf":{"@id":"https:\/\/www.mencare.org\/#website"},"primaryImageOfPage":{"@id":"https:\/\/www.mencare.org\/at-the-menengage-global-symposium-mencare-discusses-global-advocacy-for-involved-fatherhood\/#primaryimage"},"image":{"@id":"https:\/\/www.mencare.org\/at-the-menengage-global-symposium-mencare-discusses-global-advocacy-for-involved-fatherhood\/#primaryimage"},"thumbnailUrl":"https:\/\/www.mencare.org\/wp-content\/uploads\/2015\/04\/SOWF-Advocacy-Symposium-crop.jpg","datePublished":"2014-12-01T00:00:29+00:00","author":{"@id":""},"breadcrumb":{"@id":"https:\/\/www.mencare.org\/at-the-menengage-global-symposium-mencare-discusses-global-advocacy-for-involved-fatherhood\/#breadcrumb"},"inLanguage":"pt-BR","potentialAction":[{"@type":"ReadAction","target":["https:\/\/www.mencare.org\/at-the-menengage-global-symposium-mencare-discusses-global-advocacy-for-involved-fatherhood\/"]}]},{"@type":"ImageObject","inLanguage":"pt-BR","@id":"https:\/\/www.mencare.org\/at-the-menengage-global-symposium-mencare-discusses-global-advocacy-for-involved-fatherhood\/#primaryimage","url":"https:\/\/www.mencare.org\/wp-content\/uploads\/2015\/04\/SOWF-Advocacy-Symposium-crop.jpg","contentUrl":"https:\/\/www.mencare.org\/wp-content\/uploads\/2015\/04\/SOWF-Advocacy-Symposium-crop.jpg","width":826,"height":516,"caption":"Speakers at the State of the World's Fathers advocacy workshop at the MenEngage Global Symposium in India, 2015."},{"@type":"BreadcrumbList","@id":"https:\/\/www.mencare.org\/at-the-menengage-global-symposium-mencare-discusses-global-advocacy-for-involved-fatherhood\/#breadcrumb","itemListElement":[{"@type":"ListItem","position":1,"name":"Home","item":"https:\/\/www.mencare.org\/"},{"@type":"ListItem","position":2,"name":"At the MenEngage Global Symposium, MenCare discusses global advocacy for involved fatherhood"}]},{"@type":"WebSite","@id":"https:\/\/www.mencare.org\/#website","url":"https:\/\/www.mencare.org\/","name":"Cuidados com os homens","description":"Uma Campanha Global de Paternidade","potentialAction":[{"@type":"SearchAction","target":{"@type":"EntryPoint","urlTemplate":"https:\/\/www.mencare.org\/?s={search_term_string}"},"query-input":{"@type":"PropertyValueSpecification","valueRequired":true,"valueName":"search_term_string"}}],"inLanguage":"pt-BR"},{"@type":"Person","@id":"","url":"https:\/\/www.mencare.org\/pt\/author\/"}]}},"_links":{"self":[{"href":"https:\/\/www.mencare.org\/pt\/wp-json\/wp\/v2\/posts\/321","targetHints":{"allow":["GET"]}}],"collection":[{"href":"https:\/\/www.mencare.org\/pt\/wp-json\/wp\/v2\/posts"}],"about":[{"href":"https:\/\/www.mencare.org\/pt\/wp-json\/wp\/v2\/types\/post"}],"author":[{"embeddable":true,"href":"https:\/\/www.mencare.org\/pt\/wp-json\/wp\/v2\/users\/7"}],"replies":[{"embeddable":true,"href":"https:\/\/www.mencare.org\/pt\/wp-json\/wp\/v2\/comments?post=321"}],"version-history":[{"count":0,"href":"https:\/\/www.mencare.org\/pt\/wp-json\/wp\/v2\/posts\/321\/revisions"}],"wp:featuredmedia":[{"embeddable":true,"href":"https:\/\/www.mencare.org\/pt\/wp-json\/wp\/v2\/media\/322"}],"wp:attachment":[{"href":"https:\/\/www.mencare.org\/pt\/wp-json\/wp\/v2\/media?parent=321"}],"wp:term":[{"taxonomy":"category","embeddable":true,"href":"https:\/\/www.mencare.org\/pt\/wp-json\/wp\/v2\/categories?post=321"},{"taxonomy":"post_tag","embeddable":true,"href":"https:\/\/www.mencare.org\/pt\/wp-json\/wp\/v2\/tags?post=321"}],"curies":[{"name":"wp","href":"https:\/\/api.w.org\/{rel}","templated":true}]}}