{"id":4477,"date":"2016-06-28T14:24:29","date_gmt":"2016-06-28T18:24:29","guid":{"rendered":"https:\/\/www.mencare.org\/?p=4477"},"modified":"2016-07-07T09:03:34","modified_gmt":"2016-07-07T13:03:34","slug":"mencare-switzerland-launch-swiss-dads-photo-exhibition","status":"publish","type":"post","link":"https:\/\/www.mencare.org\/pt\/mencare-switzerland-launch-swiss-dads-photo-exhibition\/","title":{"rendered":"MenCare Switzerland celebra seu lan\u00e7amento p\u00fablico e compartilha exposi\u00e7\u00e3o de fotos \u201cSwiss Dads\u201d"},"content":{"rendered":"<p><strong>Postagem de convidado de nossos parceiros em <a href=\"http:\/\/www.maenner.chmasculinities.ch\/\">m\u00e4nner.ch\/masculinidades.ch<\/a><\/strong><\/p>\n<figure id=\"attachment_4478\" aria-describedby=\"caption-attachment-4478\" style=\"width: 1024px\" class=\"wp-caption alignnone\"><img loading=\"lazy\" decoding=\"async\" class=\"size-full wp-image-4478\" src=\"https:\/\/www.mencare.org\/wp-content\/uploads\/2016\/06\/MenCare-Switzerland-Launch-1.jpg\" alt=\"The ribbon-cutting ceremony at the MenCare Switzerland launch event.\" width=\"1024\" height=\"684\" srcset=\"https:\/\/www.mencare.org\/wp-content\/uploads\/2016\/06\/MenCare-Switzerland-Launch-1.jpg 1024w, https:\/\/www.mencare.org\/wp-content\/uploads\/2016\/06\/MenCare-Switzerland-Launch-1-300x200.jpg 300w, https:\/\/www.mencare.org\/wp-content\/uploads\/2016\/06\/MenCare-Switzerland-Launch-1-768x513.jpg 768w\" sizes=\"auto, (max-width: 1024px) 100vw, 1024px\" \/><figcaption id=\"caption-attachment-4478\" class=\"wp-caption-text\">Cerim\u00f4nia de inaugura\u00e7\u00e3o no evento de lan\u00e7amento do MenCare Switzerland.<\/figcaption><\/figure>\n<h3>A campanha MenCare foi lan\u00e7ada oficialmente na Su\u00ed\u00e7a em 30 de maio. <a href=\"http:\/\/www.masculinities.ch\/\" target=\"_blank\">m\u00e4nner.ch\/masculinidades.ch<\/a> \u2013 a organiza\u00e7\u00e3o que re\u00fane grupos de homens e pais que defendem a igualdade de g\u00e9nero na Su\u00ed\u00e7a \u2013 e a rec\u00e9m-fundada <a href=\"http:\/\/www.simg.ch\/\" target=\"_blank\">Instituto Su\u00ed\u00e7o para Homens e Quest\u00f5es de G\u00eanero<\/a> (SIMG) est\u00e3o coordenando o esfor\u00e7o.<\/h3>\n<p>As mulheres su\u00ed\u00e7as n\u00e3o tinham permiss\u00e3o para votar nas elei\u00e7\u00f5es nacionais at\u00e9 1971 \u2013 evid\u00eancia de um movimento nacional relativamente recente em dire\u00e7\u00e3o \u00e0 igualdade de g\u00eanero. N\u00e3o deveria ser uma surpresa, ent\u00e3o, que a Su\u00ed\u00e7a tamb\u00e9m tenha sido lenta em trazer sua aten\u00e7\u00e3o para o papel dos homens no trabalho de cuidado. Nenhum pa\u00eds na Europa tem uma distribui\u00e7\u00e3o t\u00e3o desigual de trabalho remunerado e n\u00e3o remunerado entre homens e mulheres quanto a Su\u00ed\u00e7a. E, apenas a Alb\u00e2nia e a Irlanda se juntam \u00e0 Su\u00ed\u00e7a na lista de pa\u00edses europeus que se recusam a conceder aos homens qualquer tipo de licen\u00e7a parental \u2013 continuando assim a refor\u00e7ar o cuidado infantil como \u201ctrabalho de mulheres\u201d.<\/p>\n<p>Os su\u00ed\u00e7os trabalham cerca de 16 bilh\u00f5es de horas por ano \u2013 e mais da metade dessas horas n\u00e3o s\u00e3o compensadas. Em m\u00e9dia, as mulheres su\u00ed\u00e7as gastam 20,5 horas por semana cuidando de crian\u00e7as, enquanto a m\u00e9dia para os pais \u00e9 de 13 horas. Para os homens, essa realidade est\u00e1 come\u00e7ando a mudar, mas de uma forma desconcertante. A quantidade de tempo que os pais su\u00ed\u00e7os gastam cuidando das crian\u00e7as e da casa aumentou apenas cerca de 2,5 horas por semana nos \u00faltimos 10 anos. No entanto, as horas que eles gastam em trabalho remunerado permaneceram praticamente as mesmas: para cada 100 pais de crian\u00e7as pequenas, 89 ainda trabalham em per\u00edodo integral. Ao mesmo tempo, 90 em cada 100 homens gostariam de reduzir suas horas de trabalho e est\u00e3o dispostos a aceitar cortes salariais para isso.<\/p>\n<h2>MenCare Switzerland: Um esfor\u00e7o nacional para mudar cora\u00e7\u00f5es e mentes<\/h2>\n<p>Em antecipa\u00e7\u00e3o ao 10\u00ba Dia dos Pais na Su\u00ed\u00e7a, e ap\u00f3s dois anos de trabalho preparat\u00f3rio, <a href=\"http:\/\/www.mencare.swiss\/en\" target=\"_blank\">MenCare Su\u00ed\u00e7a<\/a> lan\u00e7ado publicamente em 30 de maio de 2016. <a href=\"http:\/\/www.masculinities.ch\/\" target=\"_blank\">m\u00e4nner.ch\/masculinidades.ch<\/a> \u2013 a organiza\u00e7\u00e3o que re\u00fane grupos de homens e pais que defendem a igualdade de g\u00e9nero na Su\u00ed\u00e7a \u2013 e a rec\u00e9m-fundada <a href=\"http:\/\/www.simg.ch\/\" target=\"_blank\">Instituto Su\u00ed\u00e7o para Homens e Quest\u00f5es de G\u00eanero<\/a> (SIMG) est\u00e3o coordenando o esfor\u00e7o. Para celebrar esse passo, a equipe MenCare Switzerland convidou representantes do m\u00e4nner.ch\/masculinities.ch, VIPs e membros do p\u00fablico para participar da celebra\u00e7\u00e3o de lan\u00e7amento na institui\u00e7\u00e3o cultural Generationenhaus, na capital Berna.<\/p>\n<figure id=\"attachment_4479\" aria-describedby=\"caption-attachment-4479\" style=\"width: 1024px\" class=\"wp-caption alignnone\"><img loading=\"lazy\" decoding=\"async\" class=\"size-full wp-image-4479\" src=\"https:\/\/www.mencare.org\/wp-content\/uploads\/2016\/06\/MenCare-Switzerland-Launch-2.jpg\" alt=\"Markus Gygli, President of m\u00e4nner.ch\/masculinities.ch, addresses guests at the launch event.\" width=\"1024\" height=\"684\" srcset=\"https:\/\/www.mencare.org\/wp-content\/uploads\/2016\/06\/MenCare-Switzerland-Launch-2.jpg 1024w, https:\/\/www.mencare.org\/wp-content\/uploads\/2016\/06\/MenCare-Switzerland-Launch-2-300x200.jpg 300w, https:\/\/www.mencare.org\/wp-content\/uploads\/2016\/06\/MenCare-Switzerland-Launch-2-768x513.jpg 768w\" sizes=\"auto, (max-width: 1024px) 100vw, 1024px\" \/><figcaption id=\"caption-attachment-4479\" class=\"wp-caption-text\">Markus Gygli, presidente do m\u00e4nner.ch\/masculinities.ch, discursa para convidados no evento de lan\u00e7amento.<\/figcaption><\/figure>\n<p>O MenCare Switzerland \u00e9 baseado na cren\u00e7a de que distribuir benef\u00edcios e encargos equitativamente entre os g\u00eaneros significa dividir a responsabilidade pelo trabalho remunerado e n\u00e3o remunerado igualmente. Isso significa que as mulheres precisam de um papel maior no emprego remunerado, e os homens precisam realizar mais trabalho de cuidado. Para chegar l\u00e1, o MenCare Switzerland impulsionar\u00e1 um debate sobre valores sociais e uma subsequente transforma\u00e7\u00e3o desses valores.<\/p>\n<p>Os parceiros da MenCare Switzerland enfatizam que a iniciativa \u00e9 mais do que uma campanha; \u00e9 um programa nacional com v\u00e1rios componentes. Embora as mensagens e o trabalho de m\u00eddia sejam cruciais, a MenCare Switzerland tamb\u00e9m tem 22 projetos ativos atualmente em implementa\u00e7\u00e3o ou desenvolvimento. Esses projetos s\u00e3o divididos em cinco componentes do programa: (1) Fundamentos (ou seja, pesquisa e melhores pr\u00e1ticas para o pipeline de pesquisa para pr\u00e1tica); (2) Assuntos P\u00fablicos; (3) Pol\u00edtica; (4) Institui\u00e7\u00f5es e Neg\u00f3cios; e (5) Ambientes Sociais \u00cdntimos. Em todos os projetos, a MenCare Switzerland est\u00e1 adotando uma abordagem colaborativa: o design do projeto \u00e9 feito em conjunto com agentes de mudan\u00e7a cruciais de cada campo.<\/p>\n<p>Na Su\u00ed\u00e7a, as fronteiras lingu\u00edsticas entre os v\u00e1rios cant\u00f5es podem limitar a efic\u00e1cia de programas e campanhas. O programa nacional da MenCare Switzerland, no entanto, visa realmente ter um escopo nacional: ele tem como alvo p\u00fablicos de l\u00edngua alem\u00e3, francesa e italiana para criar uma mudan\u00e7a de atitude duradoura em rela\u00e7\u00e3o ao envolvimento dos pais e \u00e0s contribui\u00e7\u00f5es dos homens no cuidado.<\/p>\n<p>O suporte financeiro para o MenCare Switzerland vem de quatro grandes funda\u00e7\u00f5es \u2013 incluindo a Oak Foundation \u2013 assim como de fontes federais e cantonais. Com um tempo de execu\u00e7\u00e3o previsto de 12 anos, o programa busca comunicar que a mudan\u00e7a de atitudes sobre cuidados entre a popula\u00e7\u00e3o em geral n\u00e3o acontecer\u00e1 da noite para o dia; esse tipo de mudan\u00e7a leva tempo.<\/p>\n<h2>Exposi\u00e7\u00e3o de fotos <em>Pais Su\u00ed\u00e7os<\/em> por Johan B\u00e4vman<\/h2>\n<p>Para promover o lan\u00e7amento do MenCare Switzerland, o m\u00e4nner.ch\/masculinities.ch encomendou uma s\u00e9rie de fotos ao fot\u00f3grafo sueco Johan B\u00e4vman. Fotos de pais com seus filhos geralmente tendem a ter o visual de sorrisos e felicidade das fotos de banco de imagens. Portanto, B\u00e4vman perguntou: Como as contribui\u00e7\u00f5es dos cuidados masculinos podem ser retratadas de uma maneira real? O fot\u00f3grafo ganhou manchetes internacionais quando apresentou sua s\u00e9rie <em>Pais suecos<\/em> ano passado. Usando uma abordagem documental, B\u00e4vman mostra a experi\u00eancia de homens de uma maneira despojada enquanto eles se aventuram no territ\u00f3rio do cuidado infantil. m\u00e4nner.ch\/masculinities.ch convidou B\u00e4vman para produzir a s\u00e9rie <a href=\"http:\/\/www.mencare.swiss\/en\/swiss-dads\" target=\"_blank\"><em>Pais Su\u00ed\u00e7os<\/em><\/a> para documentar a vida dos homens na Su\u00ed\u00e7a da mesma maneira.<\/p>\n<figure id=\"attachment_4480\" aria-describedby=\"caption-attachment-4480\" style=\"width: 1024px\" class=\"wp-caption alignnone\"><img loading=\"lazy\" decoding=\"async\" class=\"size-full wp-image-4480\" src=\"https:\/\/www.mencare.org\/wp-content\/uploads\/2016\/06\/MenCare-Switzerland-Launch-3.jpg\" alt=\"Visitors at the vernissage of the Swiss Dads photo exhibition by Johan B\u00e4vman.\" width=\"1024\" height=\"684\" srcset=\"https:\/\/www.mencare.org\/wp-content\/uploads\/2016\/06\/MenCare-Switzerland-Launch-3.jpg 1024w, https:\/\/www.mencare.org\/wp-content\/uploads\/2016\/06\/MenCare-Switzerland-Launch-3-300x200.jpg 300w, https:\/\/www.mencare.org\/wp-content\/uploads\/2016\/06\/MenCare-Switzerland-Launch-3-768x513.jpg 768w\" sizes=\"auto, (max-width: 1024px) 100vw, 1024px\" \/><figcaption id=\"caption-attachment-4480\" class=\"wp-caption-text\">Visitantes na vernissage do <em>Pais Su\u00ed\u00e7os<\/em> exposi\u00e7\u00e3o fotogr\u00e1fica de Johan B\u00e4vman.<\/figcaption><\/figure>\n<p>A vernissage do <em>Pais Su\u00ed\u00e7os<\/em> exposi\u00e7\u00e3o coincidiu com o evento de lan\u00e7amento da MenCare Switzerland. As fotos est\u00e3o em exposi\u00e7\u00e3o de 30 de maio de 2016 at\u00e9 29 de julho de 2016 no Generationenhaus em Berna.<\/p>\n<h2>Plataforma web da MenCare Switzerland<\/h2>\n<p>m\u00e4nner.ch\/masculinities.ch tamb\u00e9m criou uma plataforma web para MenCare Switzerland. O site <a href=\"http:\/\/www.mencare.swiss\/en\" target=\"_blank\">mencare.su\u00ed\u00e7o<\/a> atende a um p\u00fablico amplo, oferecendo informa\u00e7\u00f5es sobre os tipos de t\u00f3picos com os quais os homens se importam. Toda semana, o portal de not\u00edcias do site \u00e9 atualizado com artigos examinando t\u00f3picos relevantes para o trabalho do MenCare \u2013 de forma direta e pr\u00e1tica.<\/p>\n<p>Informa\u00e7\u00f5es detalhadas sobre os v\u00e1rios projetos contidos no programa nacional da MenCare Switzerland est\u00e3o dispon\u00edveis em <a href=\"http:\/\/www.mencare.swiss\/de\/mencare-mencare-0\" target=\"_blank\">Alem\u00e3o<\/a>, <a href=\"http:\/\/www.mencare.swiss\/en\/mencare-mencare-0\" target=\"_blank\">Ingl\u00eas<\/a>, <a href=\"http:\/\/www.mencare.swiss\/fr\/mencare-mencare-0\" target=\"_blank\">Franc\u00eas<\/a>, e <a href=\"http:\/\/www.mencare.swiss\/it\/mencare-mencare-0\" target=\"_blank\">italiano<\/a>. O <a href=\"http:\/\/www.mencare.swiss\/de\" target=\"_blank\">portal de not\u00edcias<\/a> vem apresentando conte\u00fado em alem\u00e3o desde o lan\u00e7amento p\u00fablico. Contribui\u00e7\u00f5es em franc\u00eas ser\u00e3o adicionadas a partir do outono de 2016.<\/p>\n<p>m\u00e4nner.ch\/masculinities.ch tamb\u00e9m publicou a primeira edi\u00e7\u00e3o da s\u00e9rie \u201cSwiss MenCare Report\u201d. O volume 1, intitulado \u201cFatherland Switzerland\u201d, discute a situa\u00e7\u00e3o atual que os pais enfrentam na Su\u00ed\u00e7a. Um breve resumo do relat\u00f3rio est\u00e1 dispon\u00edvel em <a href=\"http:\/\/www.mencare.swiss\/en\/fatherland-switzerland-a-brief-summary\" target=\"_blank\">Ingl\u00eas<\/a>, <a href=\"http:\/\/www.mencare.swiss\/de\/alles-zur-medienkonferenz-1\" target=\"_blank\">Alem\u00e3o<\/a>, <a href=\"http:\/\/www.mencare.swiss\/fr\/patrie-suisse-lessentiel-en-bref\" target=\"_blank\">Franc\u00eas<\/a>, e <a href=\"http:\/\/www.mencare.swiss\/it\/mencare-svizzera-rapporto-vol-1-vaterland-schweiz-lessenziale-in-breve\" target=\"_blank\">italiano<\/a>.<\/p>\n<p><em>Para mais informa\u00e7\u00f5es sobre o MenCare Switzerland:<\/em><\/p>\n<ul>\n<li>Leia o <a href=\"http:\/\/www.mencare.swiss\/en\/more-power-for-switzerland\" target=\"_blank\">Comunicado de imprensa<\/a> no lan\u00e7amento do MenCare Switzerland;<\/li>\n<li>Leia o <a href=\"http:\/\/www.mencare.swiss\/en\/fatherland-switzerland-a-brief-summary\" target=\"_blank\">resumo curto<\/a> da \u201cP\u00e1tria Su\u00ed\u00e7a\u201d;<\/li>\n<li>Veja o <a href=\"http:\/\/www.mencare.swiss\/en\/swiss-dads\" target=\"_blank\"><em>Pais Su\u00ed\u00e7os<\/em><\/a> s\u00e9rie de fotos de Johan B\u00e4vman; e<\/li>\n<li>Veja as impress\u00f5es visuais do <a href=\"http:\/\/www.mencare.swiss\/en\/mencare-launch-celebration-photos\" target=\"_blank\">evento de lan\u00e7amento\/vernissage<\/a> e correspondente <a href=\"http:\/\/www.mencare.swiss\/en\/information-about-the-press-conference\" target=\"_blank\">confer\u00eancia de imprensa<\/a>.<\/li>\n<\/ul>","protected":false},"excerpt":{"rendered":"<p>Postagem de convidado de nossos parceiros em m\u00e4nner.ch\/masculinities.ch A campanha MenCare foi lan\u00e7ada oficialmente na Su\u00ed\u00e7a em 30 de maio. m\u00e4nner.ch\/masculinities.ch \u2013 a organiza\u00e7\u00e3o guarda-chuva de grupos de homens e pais que defendem a igualdade de g\u00eanero na Su\u00ed\u00e7a \u2013 e o rec\u00e9m-fundado Instituto Su\u00ed\u00e7o para Homens e Quest\u00f5es de G\u00eanero (SIMG) est\u00e3o coordenando o esfor\u00e7o. As mulheres su\u00ed\u00e7as n\u00e3o foram autorizadas&nbsp;<a class=\"read-more-link\" href=\"https:\/\/www.mencare.org\/pt\/mencare-switzerland-launch-swiss-dads-photo-exhibition\/\">\u2026<\/a><\/p>","protected":false},"author":178,"featured_media":4482,"comment_status":"open","ping_status":"open","sticky":false,"template":"","format":"standard","meta":{"footnotes":""},"categories":[1],"tags":[474,393,512,148,513,251],"class_list":["post-4477","post","type-post","status-publish","format-standard","has-post-thumbnail","hentry","category-uncategorized","tag-johan-bavman","tag-launch","tag-manner-ch","tag-masculinities-ch","tag-swiss-dads","tag-switzerland","countries-switzerland"],"acf":[],"yoast_head":"<!-- This site is optimized with the Yoast SEO plugin v25.9 - https:\/\/yoast.com\/wordpress\/plugins\/seo\/ -->\n<title>MenCare Switzerland celebrates public launch, shares &quot;Swiss Dads&quot;<\/title>\n<meta name=\"description\" content=\"The MenCare campaign launched publicly in Switzerland in May, coordinated by M\u00e4nner.ch\/masculinities.ch and Swiss Institute for Men and Gender Issues (SIMG)\" \/>\n<meta name=\"robots\" content=\"index, follow, max-snippet:-1, max-image-preview:large, max-video-preview:-1\" \/>\n<link rel=\"canonical\" href=\"https:\/\/www.mencare.org\/pt\/mencare-switzerland-launch-swiss-dads-photo-exhibition\/\" \/>\n<meta property=\"og:locale\" content=\"pt_BR\" \/>\n<meta property=\"og:type\" content=\"article\" \/>\n<meta property=\"og:title\" content=\"MenCare Switzerland celebrates public launch, shares &quot;Swiss Dads&quot;\" \/>\n<meta property=\"og:description\" content=\"The MenCare campaign launched publicly in Switzerland in May, coordinated by M\u00e4nner.ch\/masculinities.ch and Swiss Institute for Men and Gender Issues (SIMG)\" \/>\n<meta property=\"og:url\" content=\"https:\/\/www.mencare.org\/pt\/mencare-switzerland-launch-swiss-dads-photo-exhibition\/\" \/>\n<meta property=\"og:site_name\" content=\"MenCare\" \/>\n<meta property=\"article:published_time\" content=\"2016-06-28T18:24:29+00:00\" \/>\n<meta property=\"article:modified_time\" content=\"2016-07-07T13:03:34+00:00\" \/>\n<meta property=\"og:image\" content=\"https:\/\/www.mencare.org\/wp-content\/uploads\/2016\/06\/MenCare-Switzerland-Launch-banner.jpg\" \/>\n\t<meta property=\"og:image:width\" content=\"1024\" \/>\n\t<meta property=\"og:image:height\" content=\"538\" \/>\n\t<meta property=\"og:image:type\" content=\"image\/jpeg\" \/>\n<meta name=\"author\" content=\"RadishLab\" \/>\n<meta name=\"twitter:card\" content=\"summary_large_image\" \/>\n<meta name=\"twitter:label1\" content=\"Written by\" \/>\n\t<meta name=\"twitter:data1\" content=\"RadishLab\" \/>\n\t<meta name=\"twitter:label2\" content=\"Est. reading time\" \/>\n\t<meta name=\"twitter:data2\" content=\"5 minutes\" \/>\n<script type=\"application\/ld+json\" class=\"yoast-schema-graph\">{\"@context\":\"https:\/\/schema.org\",\"@graph\":[{\"@type\":\"WebPage\",\"@id\":\"https:\/\/www.mencare.org\/es\/mencare-switzerland-launch-swiss-dads-photo-exhibition\/\",\"url\":\"https:\/\/www.mencare.org\/es\/mencare-switzerland-launch-swiss-dads-photo-exhibition\/\",\"name\":\"MenCare Switzerland celebrates public launch, shares \\\"Swiss Dads\\\"\",\"isPartOf\":{\"@id\":\"https:\/\/www.mencare.org\/#website\"},\"primaryImageOfPage\":{\"@id\":\"https:\/\/www.mencare.org\/es\/mencare-switzerland-launch-swiss-dads-photo-exhibition\/#primaryimage\"},\"image\":{\"@id\":\"https:\/\/www.mencare.org\/es\/mencare-switzerland-launch-swiss-dads-photo-exhibition\/#primaryimage\"},\"thumbnailUrl\":\"https:\/\/www.mencare.org\/wp-content\/uploads\/2016\/06\/MenCare-Switzerland-Launch-feature.jpg\",\"datePublished\":\"2016-06-28T18:24:29+00:00\",\"dateModified\":\"2016-07-07T13:03:34+00:00\",\"author\":{\"@id\":\"https:\/\/www.mencare.org\/#\/schema\/person\/b9fee429ac8580ed216def21e04b2819\"},\"description\":\"The MenCare campaign launched publicly in Switzerland in May, coordinated by M\u00e4nner.ch\/masculinities.ch and Swiss Institute for Men and Gender Issues (SIMG)\",\"breadcrumb\":{\"@id\":\"https:\/\/www.mencare.org\/es\/mencare-switzerland-launch-swiss-dads-photo-exhibition\/#breadcrumb\"},\"inLanguage\":\"pt-BR\",\"potentialAction\":[{\"@type\":\"ReadAction\",\"target\":[\"https:\/\/www.mencare.org\/es\/mencare-switzerland-launch-swiss-dads-photo-exhibition\/\"]}]},{\"@type\":\"ImageObject\",\"inLanguage\":\"pt-BR\",\"@id\":\"https:\/\/www.mencare.org\/es\/mencare-switzerland-launch-swiss-dads-photo-exhibition\/#primaryimage\",\"url\":\"https:\/\/www.mencare.org\/wp-content\/uploads\/2016\/06\/MenCare-Switzerland-Launch-feature.jpg\",\"contentUrl\":\"https:\/\/www.mencare.org\/wp-content\/uploads\/2016\/06\/MenCare-Switzerland-Launch-feature.jpg\",\"width\":550,\"height\":400,\"caption\":\"The ribbon-cutting ceremony at the MenCare Switzerland launch event.\"},{\"@type\":\"BreadcrumbList\",\"@id\":\"https:\/\/www.mencare.org\/es\/mencare-switzerland-launch-swiss-dads-photo-exhibition\/#breadcrumb\",\"itemListElement\":[{\"@type\":\"ListItem\",\"position\":1,\"name\":\"Home\",\"item\":\"https:\/\/www.mencare.org\/\"},{\"@type\":\"ListItem\",\"position\":2,\"name\":\"MenCare Switzerland celebrates its public launch and shares \u201cSwiss Dads\u201d photo exhibition\"}]},{\"@type\":\"WebSite\",\"@id\":\"https:\/\/www.mencare.org\/#website\",\"url\":\"https:\/\/www.mencare.org\/\",\"name\":\"MenCare\",\"description\":\"A Global Fatherhood Campaign\",\"potentialAction\":[{\"@type\":\"SearchAction\",\"target\":{\"@type\":\"EntryPoint\",\"urlTemplate\":\"https:\/\/www.mencare.org\/?s={search_term_string}\"},\"query-input\":{\"@type\":\"PropertyValueSpecification\",\"valueRequired\":true,\"valueName\":\"search_term_string\"}}],\"inLanguage\":\"pt-BR\"},{\"@type\":\"Person\",\"@id\":\"https:\/\/www.mencare.org\/#\/schema\/person\/b9fee429ac8580ed216def21e04b2819\",\"name\":\"RadishLab\",\"image\":{\"@type\":\"ImageObject\",\"inLanguage\":\"pt-BR\",\"@id\":\"https:\/\/www.mencare.org\/#\/schema\/person\/image\/\",\"url\":\"https:\/\/secure.gravatar.com\/avatar\/01a869e9508babcb1c66b6b41356b4ef63d5326e5b27c38b27ed4a46b8e36b9f?s=96&d=mm&r=g\",\"contentUrl\":\"https:\/\/secure.gravatar.com\/avatar\/01a869e9508babcb1c66b6b41356b4ef63d5326e5b27c38b27ed4a46b8e36b9f?s=96&d=mm&r=g\",\"caption\":\"RadishLab\"},\"url\":\"https:\/\/www.mencare.org\/pt\/author\/radishlab\/\"}]}<\/script>\n<!-- \/ Yoast SEO plugin. -->","yoast_head_json":{"title":"MenCare Switzerland celebrates public launch, shares \"Swiss Dads\"","description":"The MenCare campaign launched publicly in Switzerland in May, coordinated by M\u00e4nner.ch\/masculinities.ch and Swiss Institute for Men and Gender Issues (SIMG)","robots":{"index":"index","follow":"follow","max-snippet":"max-snippet:-1","max-image-preview":"max-image-preview:large","max-video-preview":"max-video-preview:-1"},"canonical":"https:\/\/www.mencare.org\/pt\/mencare-switzerland-launch-swiss-dads-photo-exhibition\/","og_locale":"pt_BR","og_type":"article","og_title":"MenCare Switzerland celebrates public launch, shares \"Swiss Dads\"","og_description":"The MenCare campaign launched publicly in Switzerland in May, coordinated by M\u00e4nner.ch\/masculinities.ch and Swiss Institute for Men and Gender Issues (SIMG)","og_url":"https:\/\/www.mencare.org\/pt\/mencare-switzerland-launch-swiss-dads-photo-exhibition\/","og_site_name":"MenCare","article_published_time":"2016-06-28T18:24:29+00:00","article_modified_time":"2016-07-07T13:03:34+00:00","og_image":[{"width":1024,"height":538,"url":"https:\/\/www.mencare.org\/wp-content\/uploads\/2016\/06\/MenCare-Switzerland-Launch-banner.jpg","type":"image\/jpeg"}],"author":"RadishLab","twitter_card":"summary_large_image","twitter_misc":{"Written by":"RadishLab","Est. reading time":"5 minutes"},"schema":{"@context":"https:\/\/schema.org","@graph":[{"@type":"WebPage","@id":"https:\/\/www.mencare.org\/es\/mencare-switzerland-launch-swiss-dads-photo-exhibition\/","url":"https:\/\/www.mencare.org\/es\/mencare-switzerland-launch-swiss-dads-photo-exhibition\/","name":"MenCare Switzerland celebrates public launch, shares \"Swiss Dads\"","isPartOf":{"@id":"https:\/\/www.mencare.org\/#website"},"primaryImageOfPage":{"@id":"https:\/\/www.mencare.org\/es\/mencare-switzerland-launch-swiss-dads-photo-exhibition\/#primaryimage"},"image":{"@id":"https:\/\/www.mencare.org\/es\/mencare-switzerland-launch-swiss-dads-photo-exhibition\/#primaryimage"},"thumbnailUrl":"https:\/\/www.mencare.org\/wp-content\/uploads\/2016\/06\/MenCare-Switzerland-Launch-feature.jpg","datePublished":"2016-06-28T18:24:29+00:00","dateModified":"2016-07-07T13:03:34+00:00","author":{"@id":"https:\/\/www.mencare.org\/#\/schema\/person\/b9fee429ac8580ed216def21e04b2819"},"description":"The MenCare campaign launched publicly in Switzerland in May, coordinated by M\u00e4nner.ch\/masculinities.ch and Swiss Institute for Men and Gender Issues (SIMG)","breadcrumb":{"@id":"https:\/\/www.mencare.org\/es\/mencare-switzerland-launch-swiss-dads-photo-exhibition\/#breadcrumb"},"inLanguage":"pt-BR","potentialAction":[{"@type":"ReadAction","target":["https:\/\/www.mencare.org\/es\/mencare-switzerland-launch-swiss-dads-photo-exhibition\/"]}]},{"@type":"ImageObject","inLanguage":"pt-BR","@id":"https:\/\/www.mencare.org\/es\/mencare-switzerland-launch-swiss-dads-photo-exhibition\/#primaryimage","url":"https:\/\/www.mencare.org\/wp-content\/uploads\/2016\/06\/MenCare-Switzerland-Launch-feature.jpg","contentUrl":"https:\/\/www.mencare.org\/wp-content\/uploads\/2016\/06\/MenCare-Switzerland-Launch-feature.jpg","width":550,"height":400,"caption":"The ribbon-cutting ceremony at the MenCare Switzerland launch event."},{"@type":"BreadcrumbList","@id":"https:\/\/www.mencare.org\/es\/mencare-switzerland-launch-swiss-dads-photo-exhibition\/#breadcrumb","itemListElement":[{"@type":"ListItem","position":1,"name":"Home","item":"https:\/\/www.mencare.org\/"},{"@type":"ListItem","position":2,"name":"MenCare Switzerland celebrates its public launch and shares \u201cSwiss Dads\u201d photo exhibition"}]},{"@type":"WebSite","@id":"https:\/\/www.mencare.org\/#website","url":"https:\/\/www.mencare.org\/","name":"Cuidados com os homens","description":"Uma Campanha Global de Paternidade","potentialAction":[{"@type":"SearchAction","target":{"@type":"EntryPoint","urlTemplate":"https:\/\/www.mencare.org\/?s={search_term_string}"},"query-input":{"@type":"PropertyValueSpecification","valueRequired":true,"valueName":"search_term_string"}}],"inLanguage":"pt-BR"},{"@type":"Person","@id":"https:\/\/www.mencare.org\/#\/schema\/person\/b9fee429ac8580ed216def21e04b2819","name":"RadishLab","image":{"@type":"ImageObject","inLanguage":"pt-BR","@id":"https:\/\/www.mencare.org\/#\/schema\/person\/image\/","url":"https:\/\/secure.gravatar.com\/avatar\/01a869e9508babcb1c66b6b41356b4ef63d5326e5b27c38b27ed4a46b8e36b9f?s=96&d=mm&r=g","contentUrl":"https:\/\/secure.gravatar.com\/avatar\/01a869e9508babcb1c66b6b41356b4ef63d5326e5b27c38b27ed4a46b8e36b9f?s=96&d=mm&r=g","caption":"RadishLab"},"url":"https:\/\/www.mencare.org\/pt\/author\/radishlab\/"}]}},"_links":{"self":[{"href":"https:\/\/www.mencare.org\/pt\/wp-json\/wp\/v2\/posts\/4477","targetHints":{"allow":["GET"]}}],"collection":[{"href":"https:\/\/www.mencare.org\/pt\/wp-json\/wp\/v2\/posts"}],"about":[{"href":"https:\/\/www.mencare.org\/pt\/wp-json\/wp\/v2\/types\/post"}],"author":[{"embeddable":true,"href":"https:\/\/www.mencare.org\/pt\/wp-json\/wp\/v2\/users\/178"}],"replies":[{"embeddable":true,"href":"https:\/\/www.mencare.org\/pt\/wp-json\/wp\/v2\/comments?post=4477"}],"version-history":[{"count":9,"href":"https:\/\/www.mencare.org\/pt\/wp-json\/wp\/v2\/posts\/4477\/revisions"}],"predecessor-version":[{"id":4565,"href":"https:\/\/www.mencare.org\/pt\/wp-json\/wp\/v2\/posts\/4477\/revisions\/4565"}],"wp:featuredmedia":[{"embeddable":true,"href":"https:\/\/www.mencare.org\/pt\/wp-json\/wp\/v2\/media\/4482"}],"wp:attachment":[{"href":"https:\/\/www.mencare.org\/pt\/wp-json\/wp\/v2\/media?parent=4477"}],"wp:term":[{"taxonomy":"category","embeddable":true,"href":"https:\/\/www.mencare.org\/pt\/wp-json\/wp\/v2\/categories?post=4477"},{"taxonomy":"post_tag","embeddable":true,"href":"https:\/\/www.mencare.org\/pt\/wp-json\/wp\/v2\/tags?post=4477"}],"curies":[{"name":"wp","href":"https:\/\/api.w.org\/{rel}","templated":true}]}}