{"id":5474,"date":"2017-06-07T13:10:30","date_gmt":"2017-06-07T17:10:30","guid":{"rendered":"https:\/\/www.mencare.org\/?p=5474"},"modified":"2017-06-07T14:04:26","modified_gmt":"2017-06-07T18:04:26","slug":"join-us-online-june-8-10-mencare-global-meeting","status":"publish","type":"post","link":"https:\/\/www.mencare.org\/pt\/join-us-online-june-8-10-mencare-global-meeting\/","title":{"rendered":"Junte-se a n\u00f3s online de 8 a 10 de junho no MenCare Global Meeting"},"content":{"rendered":"<p><strong>100 profissionais, ativistas e pesquisadores de 50 pa\u00edses est\u00e3o se reunindo para promover a agenda global de igualdade de g\u00eanero no cuidado dos homens e revelar <em>Situa\u00e7\u00e3o da Paternidade no Mundo: Hora de Agir <\/em>relat\u00f3rio.<\/strong><\/p>\n<p style=\"text-align: left\"><strong>O que<\/strong>: Reuni\u00e3o Global MenCare 2017 (8 a 10 de junho) e lan\u00e7amento do <em>Situa\u00e7\u00e3o da Paternidade no Mundo: Hora de Agir <\/em>relat\u00f3rio (9 de junho)<br \/>\n<strong>Quando<\/strong>: Quinta-feira, 8 de junho \u2013 s\u00e1bado, 10 de junho de 2017 das 9h00 \u00e0s 17h00 CEST<br \/>\n<strong>Transmiss\u00e3o ao vivo<\/strong>: <a href=\"https:\/\/www.mencare.org\/pt\/livestream\/\" target=\"_blank\" rel=\"noopener noreferrer\">www.men-care.org\/transmiss\u00e3o ao vivo<\/a><\/p>\n<p>O MenCare Global Meeting 2017 \u2013 abrindo com coment\u00e1rios sobre o envolvimento dos homens na igualdade de g\u00eanero e paternidade pela Sra. Brankica Jankovic, Comiss\u00e1ria para a Prote\u00e7\u00e3o da Igualdade \u00e0s 9:00 CEST em 8 de junho \u2013 reunir\u00e1 quase 100 ativistas, acad\u00eamicos e profissionais ao longo de tr\u00eas dias (8 a 10 de junho) de 50 pa\u00edses para compartilhar e trocar novas descobertas, li\u00e7\u00f5es aprendidas e reflex\u00f5es do campo do envolvimento dos homens como pais e cuidadores para a igualdade de g\u00eanero. O encontro \u00e9 organizado conjuntamente pela Equimundo, Centar E8 e os membros do Comit\u00ea Diretor do MenCare, Sonke Gender Justice, Save the Children e MenEngage Alliance, em Belgrado, S\u00e9rvia.<\/p>\n<p>Resultados do <em>Situa\u00e7\u00e3o da Paternidade no Mundo: Hora de Agir <\/em>O relat\u00f3rio de 2017 ser\u00e1 revelado no segundo dia da reuni\u00e3o, sexta-feira, 9 de junho, das 9h00 \u00e0s 10h00 CEST. O segundo <em>Situa\u00e7\u00e3o da Paternidade no Mundo <\/em>O relat\u00f3rio extrai de quase 100 estudos de pesquisa e relat\u00f3rios, com dados de quase todos os pa\u00edses onde est\u00e1 dispon\u00edvel, para revelar o que estagnou o progresso em dire\u00e7\u00e3o \u00e0 igualdade global de g\u00eanero e para estabelecer uma agenda ousada para homens e meninos que fazem 50% do trabalho de cuidado n\u00e3o remunerado do mundo. O relat\u00f3rio \u00e9 uma publica\u00e7\u00e3o de advocacia da MenCare, produzida pela Equimundo.<\/p>\n<h3><span style=\"text-decoration: underline\">Agenda<\/span>:<\/h3>\n<p><em><strong>Quinta-feira, 8 de junho: <\/strong>Sess\u00f5es transmitidas ao vivo:<\/em><\/p>\n<ul>\n<li><strong>9:30 \u2013 10:30 CEST:<\/strong> Discurso principal: Uma retrospectiva dos \u00faltimos 6 anos da Campanha MenCare: Principais sucessos, novas plataformas e iniciativas e quest\u00f5es cr\u00edticas para homens e cuidadores\n<ul>\n<li>Jane Kato-Wallace, Equimundo (Moderadora)<\/li>\n<li>Gary Barker, Equimundo<\/li>\n<li>Nigina Abaszade, UNFPA-Europa Oriental \u00c1sia Central<\/li>\n<li>Nikki van der Gaag, Oxfam GB<\/li>\n<\/ul>\n<\/li>\n<li><strong>14:30 \u2013 16:00 CEST:<\/strong> Plen\u00e1ria \u2013 Quebrando Ciclos de Viol\u00eancia: Trabalhando com Homens como Pais na Preven\u00e7\u00e3o da Viol\u00eancia Contra Mulheres e Crian\u00e7as\n<ul>\n<li>Laxman Belbase, Secretariado Global da MenEngage Alliance (Moderador)<\/li>\n<li>Ruti Levtov e Kate Doyle, Equimundo e RWAMREC<\/li>\n<li>Getaalem Kassa, HIWOT Eti\u00f3pia<\/li>\n<li>Marina Parker e Sergey Zakharov, Centro Anna<\/li>\n<\/ul>\n<\/li>\n<li><strong>16:30 \u2013 17:30 CEST:<\/strong> Plen\u00e1ria \u2013 Realiza\u00e7\u00e3o de Advocacy com Institui\u00e7\u00f5es-chave para o Cuidado de Homens e Igualdade de G\u00eanero\n<ul>\n<li>Tomas Agnemo, Save the Children-Su\u00e9cia (Moderador)<\/li>\n<li>Maria Pazos, PLENT<\/li>\n<li>Wessel van den Berg, Sonke Justi\u00e7a de G\u00eanero<\/li>\n<li>Liana Ghent, Funda\u00e7\u00e3o Passo a Passo<\/li>\n<li>Milena Mihajlovic, Centro CIP<\/li>\n<\/ul>\n<\/li>\n<\/ul>\n<p><em><strong>Sexta-feira, 9 de junho: <\/strong>Sess\u00f5es transmitidas ao vivo<\/em>:<\/p>\n<ul>\n<li><strong>9:00 \u2013 10:00 CEST:<\/strong> Lan\u00e7amento de <em>Situa\u00e7\u00e3o da Paternidade no Mundo <\/em>2017\n<ul>\n<li>John Crownover, CARE International Balkans (Moderador)<\/li>\n<li>Gary Barker, Equimundo<\/li>\n<li>Monika Queisser, OCDE<\/li>\n<li>Francisco Aguayo, CulturaSalud\/EME<\/li>\n<li>Ola Andersson, Embaixada da Su\u00e9cia em Belgrado<\/li>\n<\/ul>\n<\/li>\n<\/ul>\n<p><em><strong>S\u00e1bado, 10 de junho: <\/strong>Sess\u00f5es transmitidas ao vivo<\/em><\/p>\n<ul>\n<li><strong>9:00 \u2013 10:00 CEST:<\/strong> Plen\u00e1ria \u2013 Pesquisa sobre A\u00e7\u00e3o para a Igualdade de G\u00eanero e Cuidados Masculinos\n<ul>\n<li>Ruti Levtov, Equimundo (Moderadora)<\/li>\n<li>Lena Karlsson, ONU Mulheres-MENA<\/li>\n<li>Nataliia Koshovska, UNFPA-Ucr\u00e2nia<\/li>\n<li>Anam Parvez e Nikki van der Gaag, Oxfam GB<\/li>\n<\/ul>\n<\/li>\n<\/ul>\n<h3><span style=\"text-decoration: underline\">Espalhe a palavra<\/span>:<\/h3>\n<p>Para participar do MenCare Global Meeting online, use <a href=\"https:\/\/twitter.com\/search?src=typd&amp;q=%23mencare2017\" target=\"_blank\" rel=\"noopener noreferrer\">#MenCare2017<\/a><\/p>\n<p>Para baixar <em>Situa\u00e7\u00e3o da Paternidade no Mundo: Hora de Agir<\/em> na sexta-feira, 9 de junho de 2017, visite: <a href=\"http:\/\/www.sowf.men-care.org\">Portugu\u00eas<\/a><\/p>\n<p>Para participar da conversa online sobre o relat\u00f3rio, use <a href=\"https:\/\/twitter.com\/search?q=%23worldsfathers&amp;src=typd\" target=\"_blank\" rel=\"noopener noreferrer\"># Pais do Mundo<\/a><\/p>","protected":false},"excerpt":{"rendered":"<p>100 praticantes, ativistas e pesquisadores de 50 pa\u00edses est\u00e3o se reunindo para promover a agenda global de igualdade de g\u00eanero no cuidado de homens e revelar o relat\u00f3rio State of the World&#039;s Fathers: Time for Action. O qu\u00ea: MenCare Global Meeting 2017 (8 a 10 de junho) e lan\u00e7amento do relat\u00f3rio State of the World&#039;s Fathers: Time for Action (9 de junho) Quando: quinta-feira,&nbsp;<a class=\"read-more-link\" href=\"https:\/\/www.mencare.org\/pt\/join-us-online-june-8-10-mencare-global-meeting\/\">\u2026<\/a><\/p>","protected":false},"author":178,"featured_media":5490,"comment_status":"closed","ping_status":"closed","sticky":false,"template":"","format":"standard","meta":{"footnotes":""},"categories":[1],"tags":[586,590,160,588],"class_list":["post-5474","post","type-post","status-publish","format-standard","has-post-thumbnail","hentry","category-uncategorized","tag-mencare-global-meeting","tag-mencare-global-meeting-2017","tag-mencare","tag-state-of-the-worlds-fathers-time-for-action","countries-global","initiative-state-of-the-worlds-fathers"],"acf":[],"yoast_head":"<!-- This site is optimized with the Yoast SEO plugin v25.9 - https:\/\/yoast.com\/wordpress\/plugins\/seo\/ -->\n<title>Join us online June 8-10 at the MenCare Global Meeting<\/title>\n<meta name=\"description\" content=\"100 practitioners, activists, and researchers from 50 countries are gathering to advance the global gender equality agenda on men\u2019s caregiving and unveil State of the World\u2019s Fathers: Time for Action report.\" \/>\n<meta name=\"robots\" content=\"index, follow, max-snippet:-1, max-image-preview:large, max-video-preview:-1\" \/>\n<link rel=\"canonical\" href=\"http:\/\/www.mencare.org\/pt\/join-us-online-june-8-10-mencare-global-meeting\/\" \/>\n<meta property=\"og:locale\" content=\"pt_BR\" \/>\n<meta property=\"og:type\" content=\"article\" \/>\n<meta property=\"og:title\" content=\"Join us online June 8-10 at the MenCare Global Meeting\" \/>\n<meta property=\"og:description\" content=\"100 practitioners, activists, and researchers from 50 countries are gathering to advance the global gender equality agenda on men\u2019s caregiving and unveil State of the World\u2019s Fathers: Time for Action report.\" \/>\n<meta property=\"og:url\" content=\"http:\/\/www.mencare.org\/pt\/join-us-online-june-8-10-mencare-global-meeting\/\" \/>\n<meta property=\"og:site_name\" content=\"MenCare\" \/>\n<meta property=\"article:published_time\" content=\"2017-06-07T17:10:30+00:00\" \/>\n<meta property=\"article:modified_time\" content=\"2017-06-07T18:04:26+00:00\" \/>\n<meta property=\"og:image\" content=\"http:\/\/www.mencare.org\/wp-content\/uploads\/2017\/06\/meeting-banner.jpg\" \/>\n\t<meta property=\"og:image:width\" content=\"1200\" \/>\n\t<meta property=\"og:image:height\" content=\"620\" \/>\n\t<meta property=\"og:image:type\" content=\"image\/jpeg\" \/>\n<meta name=\"author\" content=\"RadishLab\" \/>\n<meta name=\"twitter:card\" content=\"summary_large_image\" \/>\n<meta name=\"twitter:label1\" content=\"Written by\" \/>\n\t<meta name=\"twitter:data1\" content=\"RadishLab\" \/>\n\t<meta name=\"twitter:label2\" content=\"Est. reading time\" \/>\n\t<meta name=\"twitter:data2\" content=\"3 minutes\" \/>\n<script type=\"application\/ld+json\" class=\"yoast-schema-graph\">{\"@context\":\"https:\/\/schema.org\",\"@graph\":[{\"@type\":\"WebPage\",\"@id\":\"http:\/\/www.mencare.org\/pt\/join-us-online-june-8-10-mencare-global-meeting\/\",\"url\":\"http:\/\/www.mencare.org\/pt\/join-us-online-june-8-10-mencare-global-meeting\/\",\"name\":\"Join us online June 8-10 at the MenCare Global Meeting\",\"isPartOf\":{\"@id\":\"https:\/\/www.mencare.org\/#website\"},\"primaryImageOfPage\":{\"@id\":\"http:\/\/www.mencare.org\/pt\/join-us-online-june-8-10-mencare-global-meeting\/#primaryimage\"},\"image\":{\"@id\":\"http:\/\/www.mencare.org\/pt\/join-us-online-june-8-10-mencare-global-meeting\/#primaryimage\"},\"thumbnailUrl\":\"https:\/\/www.mencare.org\/wp-content\/uploads\/2017\/06\/meeting-feature.jpg\",\"datePublished\":\"2017-06-07T17:10:30+00:00\",\"dateModified\":\"2017-06-07T18:04:26+00:00\",\"author\":{\"@id\":\"https:\/\/www.mencare.org\/#\/schema\/person\/b9fee429ac8580ed216def21e04b2819\"},\"description\":\"100 practitioners, activists, and researchers from 50 countries are gathering to advance the global gender equality agenda on men\u2019s caregiving and unveil State of the World\u2019s Fathers: Time for Action report.\",\"breadcrumb\":{\"@id\":\"http:\/\/www.mencare.org\/pt\/join-us-online-june-8-10-mencare-global-meeting\/#breadcrumb\"},\"inLanguage\":\"pt-BR\",\"potentialAction\":[{\"@type\":\"ReadAction\",\"target\":[\"http:\/\/www.mencare.org\/pt\/join-us-online-june-8-10-mencare-global-meeting\/\"]}]},{\"@type\":\"ImageObject\",\"inLanguage\":\"pt-BR\",\"@id\":\"http:\/\/www.mencare.org\/pt\/join-us-online-june-8-10-mencare-global-meeting\/#primaryimage\",\"url\":\"https:\/\/www.mencare.org\/wp-content\/uploads\/2017\/06\/meeting-feature.jpg\",\"contentUrl\":\"https:\/\/www.mencare.org\/wp-content\/uploads\/2017\/06\/meeting-feature.jpg\",\"width\":550,\"height\":400},{\"@type\":\"BreadcrumbList\",\"@id\":\"http:\/\/www.mencare.org\/pt\/join-us-online-june-8-10-mencare-global-meeting\/#breadcrumb\",\"itemListElement\":[{\"@type\":\"ListItem\",\"position\":1,\"name\":\"Home\",\"item\":\"https:\/\/www.mencare.org\/\"},{\"@type\":\"ListItem\",\"position\":2,\"name\":\"Join us online June 8-10 at the MenCare Global Meeting\"}]},{\"@type\":\"WebSite\",\"@id\":\"https:\/\/www.mencare.org\/#website\",\"url\":\"https:\/\/www.mencare.org\/\",\"name\":\"MenCare\",\"description\":\"A Global Fatherhood Campaign\",\"potentialAction\":[{\"@type\":\"SearchAction\",\"target\":{\"@type\":\"EntryPoint\",\"urlTemplate\":\"https:\/\/www.mencare.org\/?s={search_term_string}\"},\"query-input\":{\"@type\":\"PropertyValueSpecification\",\"valueRequired\":true,\"valueName\":\"search_term_string\"}}],\"inLanguage\":\"pt-BR\"},{\"@type\":\"Person\",\"@id\":\"https:\/\/www.mencare.org\/#\/schema\/person\/b9fee429ac8580ed216def21e04b2819\",\"name\":\"RadishLab\",\"image\":{\"@type\":\"ImageObject\",\"inLanguage\":\"pt-BR\",\"@id\":\"https:\/\/www.mencare.org\/#\/schema\/person\/image\/\",\"url\":\"https:\/\/secure.gravatar.com\/avatar\/01a869e9508babcb1c66b6b41356b4ef63d5326e5b27c38b27ed4a46b8e36b9f?s=96&d=mm&r=g\",\"contentUrl\":\"https:\/\/secure.gravatar.com\/avatar\/01a869e9508babcb1c66b6b41356b4ef63d5326e5b27c38b27ed4a46b8e36b9f?s=96&d=mm&r=g\",\"caption\":\"RadishLab\"},\"url\":\"https:\/\/www.mencare.org\/pt\/author\/radishlab\/\"}]}<\/script>\n<!-- \/ Yoast SEO plugin. -->","yoast_head_json":{"title":"Junte-se a n\u00f3s online de 8 a 10 de junho no MenCare Global Meeting","description":"100 practitioners, activists, and researchers from 50 countries are gathering to advance the global gender equality agenda on men\u2019s caregiving and unveil State of the World\u2019s Fathers: Time for Action report.","robots":{"index":"index","follow":"follow","max-snippet":"max-snippet:-1","max-image-preview":"max-image-preview:large","max-video-preview":"max-video-preview:-1"},"canonical":"http:\/\/www.mencare.org\/pt\/join-us-online-june-8-10-mencare-global-meeting\/","og_locale":"pt_BR","og_type":"article","og_title":"Join us online June 8-10 at the MenCare Global Meeting","og_description":"100 practitioners, activists, and researchers from 50 countries are gathering to advance the global gender equality agenda on men\u2019s caregiving and unveil State of the World\u2019s Fathers: Time for Action report.","og_url":"http:\/\/www.mencare.org\/pt\/join-us-online-june-8-10-mencare-global-meeting\/","og_site_name":"MenCare","article_published_time":"2017-06-07T17:10:30+00:00","article_modified_time":"2017-06-07T18:04:26+00:00","og_image":[{"width":1200,"height":620,"url":"http:\/\/www.mencare.org\/wp-content\/uploads\/2017\/06\/meeting-banner.jpg","type":"image\/jpeg"}],"author":"RadishLab","twitter_card":"summary_large_image","twitter_misc":{"Written by":"RadishLab","Est. reading time":"3 minutes"},"schema":{"@context":"https:\/\/schema.org","@graph":[{"@type":"WebPage","@id":"http:\/\/www.mencare.org\/pt\/join-us-online-june-8-10-mencare-global-meeting\/","url":"http:\/\/www.mencare.org\/pt\/join-us-online-june-8-10-mencare-global-meeting\/","name":"Junte-se a n\u00f3s online de 8 a 10 de junho no MenCare Global Meeting","isPartOf":{"@id":"https:\/\/www.mencare.org\/#website"},"primaryImageOfPage":{"@id":"http:\/\/www.mencare.org\/pt\/join-us-online-june-8-10-mencare-global-meeting\/#primaryimage"},"image":{"@id":"http:\/\/www.mencare.org\/pt\/join-us-online-june-8-10-mencare-global-meeting\/#primaryimage"},"thumbnailUrl":"https:\/\/www.mencare.org\/wp-content\/uploads\/2017\/06\/meeting-feature.jpg","datePublished":"2017-06-07T17:10:30+00:00","dateModified":"2017-06-07T18:04:26+00:00","author":{"@id":"https:\/\/www.mencare.org\/#\/schema\/person\/b9fee429ac8580ed216def21e04b2819"},"description":"100 practitioners, activists, and researchers from 50 countries are gathering to advance the global gender equality agenda on men\u2019s caregiving and unveil State of the World\u2019s Fathers: Time for Action report.","breadcrumb":{"@id":"http:\/\/www.mencare.org\/pt\/join-us-online-june-8-10-mencare-global-meeting\/#breadcrumb"},"inLanguage":"pt-BR","potentialAction":[{"@type":"ReadAction","target":["http:\/\/www.mencare.org\/pt\/join-us-online-june-8-10-mencare-global-meeting\/"]}]},{"@type":"ImageObject","inLanguage":"pt-BR","@id":"http:\/\/www.mencare.org\/pt\/join-us-online-june-8-10-mencare-global-meeting\/#primaryimage","url":"https:\/\/www.mencare.org\/wp-content\/uploads\/2017\/06\/meeting-feature.jpg","contentUrl":"https:\/\/www.mencare.org\/wp-content\/uploads\/2017\/06\/meeting-feature.jpg","width":550,"height":400},{"@type":"BreadcrumbList","@id":"http:\/\/www.mencare.org\/pt\/join-us-online-june-8-10-mencare-global-meeting\/#breadcrumb","itemListElement":[{"@type":"ListItem","position":1,"name":"Home","item":"https:\/\/www.mencare.org\/"},{"@type":"ListItem","position":2,"name":"Join us online June 8-10 at the MenCare Global Meeting"}]},{"@type":"WebSite","@id":"https:\/\/www.mencare.org\/#website","url":"https:\/\/www.mencare.org\/","name":"Cuidados com os homens","description":"Uma Campanha Global de Paternidade","potentialAction":[{"@type":"SearchAction","target":{"@type":"EntryPoint","urlTemplate":"https:\/\/www.mencare.org\/?s={search_term_string}"},"query-input":{"@type":"PropertyValueSpecification","valueRequired":true,"valueName":"search_term_string"}}],"inLanguage":"pt-BR"},{"@type":"Person","@id":"https:\/\/www.mencare.org\/#\/schema\/person\/b9fee429ac8580ed216def21e04b2819","name":"RadishLab","image":{"@type":"ImageObject","inLanguage":"pt-BR","@id":"https:\/\/www.mencare.org\/#\/schema\/person\/image\/","url":"https:\/\/secure.gravatar.com\/avatar\/01a869e9508babcb1c66b6b41356b4ef63d5326e5b27c38b27ed4a46b8e36b9f?s=96&d=mm&r=g","contentUrl":"https:\/\/secure.gravatar.com\/avatar\/01a869e9508babcb1c66b6b41356b4ef63d5326e5b27c38b27ed4a46b8e36b9f?s=96&d=mm&r=g","caption":"RadishLab"},"url":"https:\/\/www.mencare.org\/pt\/author\/radishlab\/"}]}},"_links":{"self":[{"href":"https:\/\/www.mencare.org\/pt\/wp-json\/wp\/v2\/posts\/5474","targetHints":{"allow":["GET"]}}],"collection":[{"href":"https:\/\/www.mencare.org\/pt\/wp-json\/wp\/v2\/posts"}],"about":[{"href":"https:\/\/www.mencare.org\/pt\/wp-json\/wp\/v2\/types\/post"}],"author":[{"embeddable":true,"href":"https:\/\/www.mencare.org\/pt\/wp-json\/wp\/v2\/users\/178"}],"replies":[{"embeddable":true,"href":"https:\/\/www.mencare.org\/pt\/wp-json\/wp\/v2\/comments?post=5474"}],"version-history":[{"count":10,"href":"https:\/\/www.mencare.org\/pt\/wp-json\/wp\/v2\/posts\/5474\/revisions"}],"predecessor-version":[{"id":5492,"href":"https:\/\/www.mencare.org\/pt\/wp-json\/wp\/v2\/posts\/5474\/revisions\/5492"}],"wp:featuredmedia":[{"embeddable":true,"href":"https:\/\/www.mencare.org\/pt\/wp-json\/wp\/v2\/media\/5490"}],"wp:attachment":[{"href":"https:\/\/www.mencare.org\/pt\/wp-json\/wp\/v2\/media?parent=5474"}],"wp:term":[{"taxonomy":"category","embeddable":true,"href":"https:\/\/www.mencare.org\/pt\/wp-json\/wp\/v2\/categories?post=5474"},{"taxonomy":"post_tag","embeddable":true,"href":"https:\/\/www.mencare.org\/pt\/wp-json\/wp\/v2\/tags?post=5474"}],"curies":[{"name":"wp","href":"https:\/\/api.w.org\/{rel}","templated":true}]}}