{"id":6573,"date":"2018-08-22T16:55:24","date_gmt":"2018-08-22T20:55:24","guid":{"rendered":"https:\/\/www.mencare.org\/?p=6573"},"modified":"2018-08-22T16:55:46","modified_gmt":"2018-08-22T20:55:46","slug":"fathers-without-borders-project-engages-migrant-fathers-caregiving-south-tyrol-italy","status":"publish","type":"post","link":"https:\/\/www.mencare.org\/pt\/fathers-without-borders-project-engages-migrant-fathers-caregiving-south-tyrol-italy\/","title":{"rendered":"Projeto \u201cPais Sem Fronteiras\u201d envolve pais migrantes na presta\u00e7\u00e3o de cuidados no Tirol do Sul, It\u00e1lia"},"content":{"rendered":"<p><i>Por v\u00e4ter aktiv<\/i><\/p>\n<figure id=\"attachment_6574\" aria-describedby=\"caption-attachment-6574\" style=\"width: 300px\" class=\"wp-caption alignleft\"><img loading=\"lazy\" decoding=\"async\" class=\"wp-image-6574\" src=\"https:\/\/www.mencare.org\/wp-content\/uploads\/2018\/08\/2014_MB_Passfoto.jpg\" alt=\"\" width=\"300\" height=\"298\" \/><figcaption id=\"caption-attachment-6574\" class=\"wp-caption-text\">Michael Bockhorni, presidente da\u00a0<i>mulher ativa<\/i>.<\/figcaption><\/figure>\n<p><span style=\"font-weight: 400\">Parceiro MenCare <\/span><a href=\"http:\/\/www.vaeter-aktiv.it\/\" target=\"_blank\" rel=\"noopener\"><span style=\"font-weight: 400\">mulher ativa<\/span><\/a><span style=\"font-weight: 400\"> est\u00e1 implementando o projeto \u201cPais Sem Fronteiras\u201d (\u201cPapa grenzenlos \u2013 Papa senza confini\u201d) no Tirol do Sul, It\u00e1lia, para envolver pais migrantes na cria\u00e7\u00e3o e no cuidado compartilhados, apoiando esses pais a se envolverem mais na vida familiar e na comunidade do Tirol do Sul.<\/span><\/p>\n<p><span style=\"font-weight: 400\">Em todo o mundo, a fam\u00edlia e o lar s\u00e3o frequentemente vistos como dom\u00ednios tradicionalmente femininos, nos quais os homens desempenham um papel perif\u00e9rico e s\u00e3o relutantes em se envolver. Ao mesmo tempo, os pais frequentemente mant\u00eam uma posi\u00e7\u00e3o de poder, impondo regras e valores na fam\u00edlia e desempenhando o \u00fanico papel de provedor financeiro fora de casa. Tais normas patriarcais podem limitar a ag\u00eancia e a participa\u00e7\u00e3o das mulheres na vida p\u00fablica e no trabalho remunerado, contribuir para o conflito e a viol\u00eancia no lar e fazer com que os homens percam as alegrias da paternidade e da conex\u00e3o familiar.<\/span><\/p>\n<p><span style=\"font-weight: 400\">Os impactos negativos dos pap\u00e9is de g\u00eanero restritivos muitas vezes se cruzam com outras dificuldades enfrentadas especificamente por fam\u00edlias migrantes, incluindo instabilidade financeira; falta de fam\u00edlia extensa e redes de apoio social; e mudan\u00e7as na din\u00e2mica familiar, nos sistemas educacionais e nas normas de g\u00eanero em um novo ambiente.<\/span><\/p>\n<p><span style=\"font-weight: 400\">Para lidar com esses desafios, o Fathers Without Borders est\u00e1 trabalhando tanto para envolver pais migrantes no cuidado das crian\u00e7as e na vida familiar quanto para facilitar a transi\u00e7\u00e3o, muitas vezes dif\u00edcil, entre suas culturas de origem e a cultura do Tirol do Sul. Ao promover o maior envolvimento dos homens na paternidade de maneiras atenciosas e n\u00e3o violentas, o projeto tamb\u00e9m visa melhorar o sucesso das crian\u00e7as migrantes na escola e reduzir os conflitos familiares e comunit\u00e1rios.<\/span><\/p>\n<p><span style=\"font-weight: 400\">A primeira etapa do projeto inclui entrevistas com diferentes partes interessadas, mediadores interculturais e fam\u00edlias migrantes, para entender melhor suas necessidades e perspectivas \u00fanicas. Tamb\u00e9m inclui a identifica\u00e7\u00e3o de potenciais \u201cmultiplicadores\u201d ou agentes de mudan\u00e7a: homens que j\u00e1 est\u00e3o vivendo e modelando relacionamentos equitativos e atenciosos em suas pr\u00f3prias vidas e querem ajudar outros a fazer o mesmo. Esses homens ser\u00e3o ent\u00e3o treinados para facilitar discuss\u00f5es em mesa redonda com outros pais, fornecendo um espa\u00e7o seguro para trocar experi\u00eancias e aprender habilidades pr\u00e1ticas de cria\u00e7\u00e3o de filhos.<\/span><\/p>\n<p><span style=\"font-weight: 400\">Atividades adicionais para os pais visam ajudar a aumentar seu envolvimento, incluindo sess\u00f5es sobre leitura de livros para crian\u00e7as, workshops para cozinhar e comer juntos, palestras sobre paternidade em diferentes culturas e tempos de mudan\u00e7a, e uma celebra\u00e7\u00e3o do Dia dos Pais com m\u00fasica e dan\u00e7a de diferentes culturas.<\/span><\/p>\n<p><span style=\"font-weight: 400\">A v\u00e4ter aktiv est\u00e1 implementando o projeto em nome do distrito de Burggrafenamt, em parceria com os membros do grupo de dire\u00e7\u00e3o do projeto, Caritas, e o Conselho Consultivo de Cidad\u00e3os N\u00e3o-UE de Meran, e com o apoio financeiro do Escrit\u00f3rio Provincial de Integra\u00e7\u00e3o.<\/span><\/p>\n<p><i><span style=\"font-weight: 400\">O projeto est\u00e1 aberto \u00e0 colabora\u00e7\u00e3o com outros parceiros MenCare fora da It\u00e1lia. Para mais informa\u00e7\u00f5es, por favor <\/span><\/i><a href=\"\/pt\/michael.bockhorni@vaeter-aktiv.it\/\" target=\"_blank\" rel=\"noopener\"><i><span style=\"font-weight: 400\">e-mail<\/span><\/i><\/a><i><span style=\"font-weight: 400\"> Michael Bockhorni, seu ativo.<\/span><\/i><\/p>","protected":false},"excerpt":{"rendered":"<p>MenCare partner v\u00e4ter aktiv is implementing the \u201cFathers Without Borders\u201d (\u201cPapa grenzenlos &#8211; Papa senza confini\u201d) project in South Tyrol, Italy to engage migrant fathers in shared parenting and caregiving, supporting these dads in becoming more involved in family life and in the South Tyrolean community.<\/p>","protected":false},"author":178,"featured_media":6574,"comment_status":"closed","ping_status":"closed","sticky":false,"template":"","format":"standard","meta":{"footnotes":""},"categories":[1],"tags":[677,682,547,678,676],"class_list":["post-6573","post","type-post","status-publish","format-standard","has-post-thumbnail","hentry","category-uncategorized","tag-fathers-without-borders","tag-immigration","tag-italy","tag-migrant-fathers","tag-vater-aktiv","countries-italy"],"acf":[],"yoast_head":"<!-- This site is optimized with the Yoast SEO plugin v25.9 - https:\/\/yoast.com\/wordpress\/plugins\/seo\/ -->\n<title>\u201cFathers Without Borders\u201d project engages migrant fathers in caregiving in South Tyrol, Italy | MenCare<\/title>\n<meta name=\"description\" content=\"MenCare partner v\u00e4ter aktiv created the \u201cFathers Without Borders\u201d project in South Tyrol, Italy to engage migrant fathers in caregiving and fatherhood.\" \/>\n<meta name=\"robots\" content=\"index, follow, max-snippet:-1, max-image-preview:large, max-video-preview:-1\" \/>\n<link rel=\"canonical\" href=\"http:\/\/www.mencare.org\/pt\/fathers-without-borders-project-engages-migrant-fathers-caregiving-south-tyrol-italy\/\" \/>\n<meta property=\"og:locale\" content=\"pt_BR\" \/>\n<meta property=\"og:type\" content=\"article\" \/>\n<meta property=\"og:title\" content=\"\u201cFathers Without Borders\u201d project engages migrant fathers in caregiving in South Tyrol, Italy | MenCare\" \/>\n<meta property=\"og:description\" content=\"MenCare partner v\u00e4ter aktiv created the \u201cFathers Without Borders\u201d project in South Tyrol, Italy to engage migrant fathers in caregiving and fatherhood.\" \/>\n<meta property=\"og:url\" content=\"http:\/\/www.mencare.org\/pt\/fathers-without-borders-project-engages-migrant-fathers-caregiving-south-tyrol-italy\/\" \/>\n<meta property=\"og:site_name\" content=\"MenCare\" \/>\n<meta property=\"article:published_time\" content=\"2018-08-22T20:55:24+00:00\" \/>\n<meta property=\"article:modified_time\" content=\"2018-08-22T20:55:46+00:00\" \/>\n<meta property=\"og:image\" content=\"http:\/\/www.mencare.org\/wp-content\/uploads\/2018\/08\/MenCare-Italy-banner.jpg\" \/>\n\t<meta property=\"og:image:width\" content=\"1200\" \/>\n\t<meta property=\"og:image:height\" content=\"620\" \/>\n\t<meta property=\"og:image:type\" content=\"image\/jpeg\" \/>\n<meta name=\"author\" content=\"RadishLab\" \/>\n<meta name=\"twitter:card\" content=\"summary_large_image\" \/>\n<meta name=\"twitter:label1\" content=\"Written by\" \/>\n\t<meta name=\"twitter:data1\" content=\"RadishLab\" \/>\n\t<meta name=\"twitter:label2\" content=\"Est. reading time\" \/>\n\t<meta name=\"twitter:data2\" content=\"2 minutes\" \/>\n<script type=\"application\/ld+json\" class=\"yoast-schema-graph\">{\"@context\":\"https:\/\/schema.org\",\"@graph\":[{\"@type\":\"WebPage\",\"@id\":\"http:\/\/www.mencare.org\/fathers-without-borders-project-engages-migrant-fathers-caregiving-south-tyrol-italy\/\",\"url\":\"http:\/\/www.mencare.org\/fathers-without-borders-project-engages-migrant-fathers-caregiving-south-tyrol-italy\/\",\"name\":\"\u201cFathers Without Borders\u201d project engages migrant fathers in caregiving in South Tyrol, Italy | MenCare\",\"isPartOf\":{\"@id\":\"https:\/\/www.mencare.org\/#website\"},\"primaryImageOfPage\":{\"@id\":\"http:\/\/www.mencare.org\/fathers-without-borders-project-engages-migrant-fathers-caregiving-south-tyrol-italy\/#primaryimage\"},\"image\":{\"@id\":\"http:\/\/www.mencare.org\/fathers-without-borders-project-engages-migrant-fathers-caregiving-south-tyrol-italy\/#primaryimage\"},\"thumbnailUrl\":\"https:\/\/www.mencare.org\/wp-content\/uploads\/2018\/08\/2014_MB_Passfoto-e1534869115650.jpg\",\"datePublished\":\"2018-08-22T20:55:24+00:00\",\"dateModified\":\"2018-08-22T20:55:46+00:00\",\"author\":{\"@id\":\"https:\/\/www.mencare.org\/#\/schema\/person\/b9fee429ac8580ed216def21e04b2819\"},\"description\":\"MenCare partner v\u00e4ter aktiv created the \u201cFathers Without Borders\u201d project in South Tyrol, Italy to engage migrant fathers in caregiving and fatherhood.\",\"breadcrumb\":{\"@id\":\"http:\/\/www.mencare.org\/fathers-without-borders-project-engages-migrant-fathers-caregiving-south-tyrol-italy\/#breadcrumb\"},\"inLanguage\":\"pt-BR\",\"potentialAction\":[{\"@type\":\"ReadAction\",\"target\":[\"http:\/\/www.mencare.org\/fathers-without-borders-project-engages-migrant-fathers-caregiving-south-tyrol-italy\/\"]}]},{\"@type\":\"ImageObject\",\"inLanguage\":\"pt-BR\",\"@id\":\"http:\/\/www.mencare.org\/fathers-without-borders-project-engages-migrant-fathers-caregiving-south-tyrol-italy\/#primaryimage\",\"url\":\"https:\/\/www.mencare.org\/wp-content\/uploads\/2018\/08\/2014_MB_Passfoto-e1534869115650.jpg\",\"contentUrl\":\"https:\/\/www.mencare.org\/wp-content\/uploads\/2018\/08\/2014_MB_Passfoto-e1534869115650.jpg\",\"width\":603,\"height\":599},{\"@type\":\"BreadcrumbList\",\"@id\":\"http:\/\/www.mencare.org\/fathers-without-borders-project-engages-migrant-fathers-caregiving-south-tyrol-italy\/#breadcrumb\",\"itemListElement\":[{\"@type\":\"ListItem\",\"position\":1,\"name\":\"Home\",\"item\":\"https:\/\/www.mencare.org\/\"},{\"@type\":\"ListItem\",\"position\":2,\"name\":\"\u201cFathers Without Borders\u201d project engages migrant fathers in caregiving in South Tyrol, Italy\"}]},{\"@type\":\"WebSite\",\"@id\":\"https:\/\/www.mencare.org\/#website\",\"url\":\"https:\/\/www.mencare.org\/\",\"name\":\"MenCare\",\"description\":\"A Global Fatherhood Campaign\",\"potentialAction\":[{\"@type\":\"SearchAction\",\"target\":{\"@type\":\"EntryPoint\",\"urlTemplate\":\"https:\/\/www.mencare.org\/?s={search_term_string}\"},\"query-input\":{\"@type\":\"PropertyValueSpecification\",\"valueRequired\":true,\"valueName\":\"search_term_string\"}}],\"inLanguage\":\"pt-BR\"},{\"@type\":\"Person\",\"@id\":\"https:\/\/www.mencare.org\/#\/schema\/person\/b9fee429ac8580ed216def21e04b2819\",\"name\":\"RadishLab\",\"image\":{\"@type\":\"ImageObject\",\"inLanguage\":\"pt-BR\",\"@id\":\"https:\/\/www.mencare.org\/#\/schema\/person\/image\/\",\"url\":\"https:\/\/secure.gravatar.com\/avatar\/01a869e9508babcb1c66b6b41356b4ef63d5326e5b27c38b27ed4a46b8e36b9f?s=96&d=mm&r=g\",\"contentUrl\":\"https:\/\/secure.gravatar.com\/avatar\/01a869e9508babcb1c66b6b41356b4ef63d5326e5b27c38b27ed4a46b8e36b9f?s=96&d=mm&r=g\",\"caption\":\"RadishLab\"},\"url\":\"https:\/\/www.mencare.org\/pt\/author\/radishlab\/\"}]}<\/script>\n<!-- \/ Yoast SEO plugin. -->","yoast_head_json":{"title":"\u201cFathers Without Borders\u201d project engages migrant fathers in caregiving in South Tyrol, Italy | MenCare","description":"MenCare partner v\u00e4ter aktiv created the \u201cFathers Without Borders\u201d project in South Tyrol, Italy to engage migrant fathers in caregiving and fatherhood.","robots":{"index":"index","follow":"follow","max-snippet":"max-snippet:-1","max-image-preview":"max-image-preview:large","max-video-preview":"max-video-preview:-1"},"canonical":"http:\/\/www.mencare.org\/pt\/fathers-without-borders-project-engages-migrant-fathers-caregiving-south-tyrol-italy\/","og_locale":"pt_BR","og_type":"article","og_title":"\u201cFathers Without Borders\u201d project engages migrant fathers in caregiving in South Tyrol, Italy | MenCare","og_description":"MenCare partner v\u00e4ter aktiv created the \u201cFathers Without Borders\u201d project in South Tyrol, Italy to engage migrant fathers in caregiving and fatherhood.","og_url":"http:\/\/www.mencare.org\/pt\/fathers-without-borders-project-engages-migrant-fathers-caregiving-south-tyrol-italy\/","og_site_name":"MenCare","article_published_time":"2018-08-22T20:55:24+00:00","article_modified_time":"2018-08-22T20:55:46+00:00","og_image":[{"width":1200,"height":620,"url":"http:\/\/www.mencare.org\/wp-content\/uploads\/2018\/08\/MenCare-Italy-banner.jpg","type":"image\/jpeg"}],"author":"RadishLab","twitter_card":"summary_large_image","twitter_misc":{"Written by":"RadishLab","Est. reading time":"2 minutes"},"schema":{"@context":"https:\/\/schema.org","@graph":[{"@type":"WebPage","@id":"http:\/\/www.mencare.org\/fathers-without-borders-project-engages-migrant-fathers-caregiving-south-tyrol-italy\/","url":"http:\/\/www.mencare.org\/fathers-without-borders-project-engages-migrant-fathers-caregiving-south-tyrol-italy\/","name":"\u201cFathers Without Borders\u201d project engages migrant fathers in caregiving in South Tyrol, Italy | MenCare","isPartOf":{"@id":"https:\/\/www.mencare.org\/#website"},"primaryImageOfPage":{"@id":"http:\/\/www.mencare.org\/fathers-without-borders-project-engages-migrant-fathers-caregiving-south-tyrol-italy\/#primaryimage"},"image":{"@id":"http:\/\/www.mencare.org\/fathers-without-borders-project-engages-migrant-fathers-caregiving-south-tyrol-italy\/#primaryimage"},"thumbnailUrl":"https:\/\/www.mencare.org\/wp-content\/uploads\/2018\/08\/2014_MB_Passfoto-e1534869115650.jpg","datePublished":"2018-08-22T20:55:24+00:00","dateModified":"2018-08-22T20:55:46+00:00","author":{"@id":"https:\/\/www.mencare.org\/#\/schema\/person\/b9fee429ac8580ed216def21e04b2819"},"description":"MenCare partner v\u00e4ter aktiv created the \u201cFathers Without Borders\u201d project in South Tyrol, Italy to engage migrant fathers in caregiving and fatherhood.","breadcrumb":{"@id":"http:\/\/www.mencare.org\/fathers-without-borders-project-engages-migrant-fathers-caregiving-south-tyrol-italy\/#breadcrumb"},"inLanguage":"pt-BR","potentialAction":[{"@type":"ReadAction","target":["http:\/\/www.mencare.org\/fathers-without-borders-project-engages-migrant-fathers-caregiving-south-tyrol-italy\/"]}]},{"@type":"ImageObject","inLanguage":"pt-BR","@id":"http:\/\/www.mencare.org\/fathers-without-borders-project-engages-migrant-fathers-caregiving-south-tyrol-italy\/#primaryimage","url":"https:\/\/www.mencare.org\/wp-content\/uploads\/2018\/08\/2014_MB_Passfoto-e1534869115650.jpg","contentUrl":"https:\/\/www.mencare.org\/wp-content\/uploads\/2018\/08\/2014_MB_Passfoto-e1534869115650.jpg","width":603,"height":599},{"@type":"BreadcrumbList","@id":"http:\/\/www.mencare.org\/fathers-without-borders-project-engages-migrant-fathers-caregiving-south-tyrol-italy\/#breadcrumb","itemListElement":[{"@type":"ListItem","position":1,"name":"Home","item":"https:\/\/www.mencare.org\/"},{"@type":"ListItem","position":2,"name":"\u201cFathers Without Borders\u201d project engages migrant fathers in caregiving in South Tyrol, Italy"}]},{"@type":"WebSite","@id":"https:\/\/www.mencare.org\/#website","url":"https:\/\/www.mencare.org\/","name":"Cuidados com os homens","description":"Uma Campanha Global de Paternidade","potentialAction":[{"@type":"SearchAction","target":{"@type":"EntryPoint","urlTemplate":"https:\/\/www.mencare.org\/?s={search_term_string}"},"query-input":{"@type":"PropertyValueSpecification","valueRequired":true,"valueName":"search_term_string"}}],"inLanguage":"pt-BR"},{"@type":"Person","@id":"https:\/\/www.mencare.org\/#\/schema\/person\/b9fee429ac8580ed216def21e04b2819","name":"RadishLab","image":{"@type":"ImageObject","inLanguage":"pt-BR","@id":"https:\/\/www.mencare.org\/#\/schema\/person\/image\/","url":"https:\/\/secure.gravatar.com\/avatar\/01a869e9508babcb1c66b6b41356b4ef63d5326e5b27c38b27ed4a46b8e36b9f?s=96&d=mm&r=g","contentUrl":"https:\/\/secure.gravatar.com\/avatar\/01a869e9508babcb1c66b6b41356b4ef63d5326e5b27c38b27ed4a46b8e36b9f?s=96&d=mm&r=g","caption":"RadishLab"},"url":"https:\/\/www.mencare.org\/pt\/author\/radishlab\/"}]}},"_links":{"self":[{"href":"https:\/\/www.mencare.org\/pt\/wp-json\/wp\/v2\/posts\/6573","targetHints":{"allow":["GET"]}}],"collection":[{"href":"https:\/\/www.mencare.org\/pt\/wp-json\/wp\/v2\/posts"}],"about":[{"href":"https:\/\/www.mencare.org\/pt\/wp-json\/wp\/v2\/types\/post"}],"author":[{"embeddable":true,"href":"https:\/\/www.mencare.org\/pt\/wp-json\/wp\/v2\/users\/178"}],"replies":[{"embeddable":true,"href":"https:\/\/www.mencare.org\/pt\/wp-json\/wp\/v2\/comments?post=6573"}],"version-history":[{"count":7,"href":"https:\/\/www.mencare.org\/pt\/wp-json\/wp\/v2\/posts\/6573\/revisions"}],"predecessor-version":[{"id":6642,"href":"https:\/\/www.mencare.org\/pt\/wp-json\/wp\/v2\/posts\/6573\/revisions\/6642"}],"wp:featuredmedia":[{"embeddable":true,"href":"https:\/\/www.mencare.org\/pt\/wp-json\/wp\/v2\/media\/6574"}],"wp:attachment":[{"href":"https:\/\/www.mencare.org\/pt\/wp-json\/wp\/v2\/media?parent=6573"}],"wp:term":[{"taxonomy":"category","embeddable":true,"href":"https:\/\/www.mencare.org\/pt\/wp-json\/wp\/v2\/categories?post=6573"},{"taxonomy":"post_tag","embeddable":true,"href":"https:\/\/www.mencare.org\/pt\/wp-json\/wp\/v2\/tags?post=6573"}],"curies":[{"name":"wp","href":"https:\/\/api.w.org\/{rel}","templated":true}]}}