{"id":6803,"date":"2019-02-05T14:55:23","date_gmt":"2019-02-05T18:55:23","guid":{"rendered":"https:\/\/www.mencare.org\/?p=6803"},"modified":"2019-02-05T14:56:10","modified_gmt":"2019-02-05T18:56:10","slug":"my-experience-becoming-the-primary-caregiver-for-our-children","status":"publish","type":"post","link":"https:\/\/www.mencare.org\/pt\/my-experience-becoming-the-primary-caregiver-for-our-children\/","title":{"rendered":"Minha experi\u00eancia como cuidadora principal de nossos filhos"},"content":{"rendered":"<div class=\"radius-fix\"><img loading=\"lazy\" decoding=\"async\" class=\"fullwidth alignnone wp-image-6810 size-full\" src=\"https:\/\/www.mencare.org\/wp-content\/uploads\/2019\/02\/fred_Banner.jpg\" alt=\"\" width=\"1200\" height=\"620\" srcset=\"https:\/\/www.mencare.org\/wp-content\/uploads\/2019\/02\/fred_Banner.jpg 1200w, https:\/\/www.mencare.org\/wp-content\/uploads\/2019\/02\/fred_Banner-300x155.jpg 300w, https:\/\/www.mencare.org\/wp-content\/uploads\/2019\/02\/fred_Banner-768x397.jpg 768w, https:\/\/www.mencare.org\/wp-content\/uploads\/2019\/02\/fred_Banner-1024x529.jpg 1024w\" sizes=\"auto, (max-width: 1200px) 100vw, 1200px\" \/><\/div>\n<p><em>Por <\/em><em><a href=\"http:\/\/www.federicobastiani.org\/\" target=\"_blank\" rel=\"noopener\">Federico Bastiani<\/a><\/em><\/p>\n<p>Quando eu estava perto dos 40, com dois filhos de 2 e 5 anos, senti a necessidade de come\u00e7ar a priorizar.<\/p>\n<p>Tendo passado mais de dez anos em um escrit\u00f3rio de marketing, trabalhando mais de dez horas por dia, minha rotina envolvia chegar em casa \u00e0 noite cansado demais para brincar com meus filhos. Eu sentia o tempo passando r\u00e1pido demais e estava perdendo muita coisa. Minha esposa sempre foi dedicada \u00e0 fam\u00edlia, sacrificando sua vida profissional. No nosso caso, tanto os av\u00f3s maternos quanto os paternos estavam muito longe, e bab\u00e1s custavam mais da metade do sal\u00e1rio. Eu achava que isso significava que eu precisava trabalhar ainda mais e sacrificar ainda mais o tempo com meus filhos. No entanto, percebi que precisava sair da proverbial roda de hamster.<\/p>\n<p>Comecei a pensar em uma solu\u00e7\u00e3o de transi\u00e7\u00e3o e comecei tirando licen\u00e7a parental, seis meses de folga para cada filho, enquanto recebia 30% do meu sal\u00e1rio. A licen\u00e7a para pais n\u00e3o \u00e9 universal, mas tem o poder de ajudar a transformar as desigualdades de g\u00eanero e melhorar a vida de pais e filhos. Na It\u00e1lia, muito poucos pais optam por essa escolha, e certamente era in\u00e9dito na minha empresa, mas decidi tentar.<\/p>\n<p>Era necess\u00e1rio, dar prioridade ao que eu via como mais importante. Passamos mais tempo comparando descontos e melhores pre\u00e7os, e temos a sorte de estar cercados por amigos que t\u00eam filhos mais velhos que poderiam passar roupas e brinquedos de boa qualidade, levemente usados e muito amados, para nossos filhos.<\/p>\n<p>Esses privil\u00e9gios nos permitiram simplificar nosso estilo de vida e controlar os gastos, vivendo dentro de nossas possibilidades. Tudo o que realmente importa para nossa fam\u00edlia \u00e9 passar tempo juntos e viajar o m\u00e1ximo e com a maior frequ\u00eancia poss\u00edvel. Neste ano de transi\u00e7\u00e3o, minha esposa come\u00e7ou a procurar um emprego e eu pensei em como me reinventar no mundo da comunica\u00e7\u00e3o como freelancer. No final do ano de licen\u00e7a, a escolha n\u00e3o foi f\u00e1cil. Eu estava decidindo deixar um emprego fixo e mergulhar de cabe\u00e7a na incerteza, mas tamb\u00e9m me lembrei de que n\u00e3o estava satisfeito com o arranjo anterior. Algo tinha que mudar.<\/p>\n<p>Minha esposa finalmente encontrou um emprego que ela ama e que combina perfeitamente com ela, e eu encontrei meus clientes iniciais pelo boca a boca. No final, conseguimos adotar um novo estilo de vida. Claro, trabalhar em casa e cuidar de duas crian\u00e7as ao mesmo tempo n\u00e3o \u00e9 f\u00e1cil. Em uma ocasi\u00e3o, tive uma liga\u00e7\u00e3o importante com duas pessoas, uma nos Estados Unidos e outra no Jap\u00e3o. A liga\u00e7\u00e3o foi marcada durante o hor\u00e1rio de soneca do meu filho mais novo, mas o beb\u00ea acordou cedo, cinco minutos antes da liga\u00e7\u00e3o. Decidi colocar as duas crian\u00e7as em uma banheira baixa, mas no meio da liga\u00e7\u00e3o ouvi meu filho mais velho gritando no banheiro. Fui at\u00e9 o banheiro para ver o que estava acontecendo e descobri que meu filho mais novo tinha se aliviado na banheira e estava espalhando sua cria\u00e7\u00e3o por todo o banheiro, para o desgosto e horror do meu filho mais velho, que a essa altura estava hist\u00e9rico. A liga\u00e7\u00e3o teve que ser interrompida, como voc\u00ea pode imaginar. Esta \u00e9 apenas uma das muitas hist\u00f3rias de um trabalhador aut\u00f4nomo e pai em tempo integral.<\/p>\n<p>Muitas vezes me encontro trabalhando aos domingos ou at\u00e9 tarde da noite. Minha esposa e eu frequentemente organizamos hor\u00e1rios como uma corrida de revezamento. Ao mesmo tempo, tamb\u00e9m consigo testemunhar minha esposa florescer e finalmente retomar sua posi\u00e7\u00e3o no mundo do trabalho, uma oportunidade infelizmente ainda negada a muitas mulheres por causa do fardo desigual do trabalho de cuidado que elas enfrentam, bem como a disparidade salarial de g\u00eanero e outras desigualdades. A paternidade \u00e9, sem d\u00favida, cansativa, mas nestes dois anos eu olho para tr\u00e1s em minha vida e posso testemunhar que assistir os filhos crescendo dia a dia \u00e9 um luxo, e me sinto aben\u00e7oado por estar envolvido em seus cuidados.<\/p>","protected":false},"excerpt":{"rendered":"<p>Quando eu estava perto dos 40, com dois filhos de 2 e 5 anos, senti a necessidade de come\u00e7ar a priorizar. Tendo passado mais de dez anos em um escrit\u00f3rio de marketing, trabalhando mais de dez horas por dia, minha rotina envolvia chegar em casa \u00e0 noite cansado demais para brincar com meus filhos. Eu sentia o tempo passando r\u00e1pido demais, e eu estava perdendo muita coisa. Minha esposa sempre foi dedicada \u00e0 fam\u00edlia, sacrificando sua vida profissional. No nosso caso, tanto os av\u00f3s maternos quanto os paternos eram muito distantes, e bab\u00e1s custavam mais da metade do sal\u00e1rio.<\/p>","protected":false},"author":178,"featured_media":6811,"comment_status":"closed","ping_status":"closed","sticky":false,"template":"","format":"standard","meta":{"footnotes":""},"categories":[653],"tags":[516,734,547,195,199,736],"class_list":["post-6803","post","type-post","status-publish","format-standard","has-post-thumbnail","hentry","category-fatherhood-and-caregiving","tag-caregiving","tag-equitable","tag-italy","tag-parental-leave","tag-paternity-leave","tag-primary-caregiver","countries-italy","initiative-the-case-for-parental-leave"],"acf":[],"yoast_head":"<!-- This site is optimized with the Yoast SEO plugin v25.9 - https:\/\/yoast.com\/wordpress\/plugins\/seo\/ -->\n<title>My experience becoming the primary caregiver for our children - MenCare<\/title>\n<meta name=\"description\" content=\"Fatherhood is undoubtedly tiring, but in these two years I look back on my life and can testify that watching one&#039;s children growing day-by-day is a luxury.\" \/>\n<meta name=\"robots\" content=\"index, follow, max-snippet:-1, max-image-preview:large, max-video-preview:-1\" \/>\n<link rel=\"canonical\" href=\"https:\/\/www.mencare.org\/pt\/my-experience-becoming-the-primary-caregiver-for-our-children\/\" \/>\n<meta property=\"og:locale\" content=\"pt_BR\" \/>\n<meta property=\"og:type\" content=\"article\" \/>\n<meta property=\"og:title\" content=\"My experience becoming the primary caregiver for our children\" \/>\n<meta property=\"og:description\" content=\"&quot;When I was nearing 40, with two children aged 2 and 5 years old, I felt the need to start prioritizing.&quot;\" \/>\n<meta property=\"og:url\" content=\"https:\/\/www.mencare.org\/pt\/my-experience-becoming-the-primary-caregiver-for-our-children\/\" \/>\n<meta property=\"og:site_name\" content=\"MenCare\" \/>\n<meta property=\"article:published_time\" content=\"2019-02-05T18:55:23+00:00\" \/>\n<meta property=\"article:modified_time\" content=\"2019-02-05T18:56:10+00:00\" \/>\n<meta property=\"og:image\" content=\"https:\/\/www.mencare.org\/wp-content\/uploads\/2019\/02\/fred_Banner.jpg\" \/>\n\t<meta property=\"og:image:width\" content=\"1200\" \/>\n\t<meta property=\"og:image:height\" content=\"620\" \/>\n\t<meta property=\"og:image:type\" content=\"image\/jpeg\" \/>\n<meta name=\"author\" content=\"RadishLab\" \/>\n<meta name=\"twitter:card\" content=\"summary_large_image\" \/>\n<meta name=\"twitter:label1\" content=\"Written by\" \/>\n\t<meta name=\"twitter:data1\" content=\"RadishLab\" \/>\n\t<meta name=\"twitter:label2\" content=\"Est. reading time\" \/>\n\t<meta name=\"twitter:data2\" content=\"3 minutes\" \/>\n<script type=\"application\/ld+json\" class=\"yoast-schema-graph\">{\"@context\":\"https:\/\/schema.org\",\"@graph\":[{\"@type\":\"WebPage\",\"@id\":\"https:\/\/www.mencare.org\/pt\/my-experience-becoming-the-primary-caregiver-for-our-children\/\",\"url\":\"https:\/\/www.mencare.org\/pt\/my-experience-becoming-the-primary-caregiver-for-our-children\/\",\"name\":\"My experience becoming the primary caregiver for our children - MenCare\",\"isPartOf\":{\"@id\":\"https:\/\/www.mencare.org\/#website\"},\"primaryImageOfPage\":{\"@id\":\"https:\/\/www.mencare.org\/pt\/my-experience-becoming-the-primary-caregiver-for-our-children\/#primaryimage\"},\"image\":{\"@id\":\"https:\/\/www.mencare.org\/pt\/my-experience-becoming-the-primary-caregiver-for-our-children\/#primaryimage\"},\"thumbnailUrl\":\"https:\/\/www.mencare.org\/wp-content\/uploads\/2019\/02\/Fred_feat.jpg\",\"datePublished\":\"2019-02-05T18:55:23+00:00\",\"dateModified\":\"2019-02-05T18:56:10+00:00\",\"author\":{\"@id\":\"https:\/\/www.mencare.org\/#\/schema\/person\/b9fee429ac8580ed216def21e04b2819\"},\"description\":\"Fatherhood is undoubtedly tiring, but in these two years I look back on my life and can testify that watching one's children growing day-by-day is a luxury.\",\"breadcrumb\":{\"@id\":\"https:\/\/www.mencare.org\/pt\/my-experience-becoming-the-primary-caregiver-for-our-children\/#breadcrumb\"},\"inLanguage\":\"pt-BR\",\"potentialAction\":[{\"@type\":\"ReadAction\",\"target\":[\"https:\/\/www.mencare.org\/pt\/my-experience-becoming-the-primary-caregiver-for-our-children\/\"]}]},{\"@type\":\"ImageObject\",\"inLanguage\":\"pt-BR\",\"@id\":\"https:\/\/www.mencare.org\/pt\/my-experience-becoming-the-primary-caregiver-for-our-children\/#primaryimage\",\"url\":\"https:\/\/www.mencare.org\/wp-content\/uploads\/2019\/02\/Fred_feat.jpg\",\"contentUrl\":\"https:\/\/www.mencare.org\/wp-content\/uploads\/2019\/02\/Fred_feat.jpg\",\"width\":550,\"height\":400},{\"@type\":\"BreadcrumbList\",\"@id\":\"https:\/\/www.mencare.org\/pt\/my-experience-becoming-the-primary-caregiver-for-our-children\/#breadcrumb\",\"itemListElement\":[{\"@type\":\"ListItem\",\"position\":1,\"name\":\"Home\",\"item\":\"https:\/\/www.mencare.org\/\"},{\"@type\":\"ListItem\",\"position\":2,\"name\":\"My experience becoming the primary caregiver for our children\"}]},{\"@type\":\"WebSite\",\"@id\":\"https:\/\/www.mencare.org\/#website\",\"url\":\"https:\/\/www.mencare.org\/\",\"name\":\"MenCare\",\"description\":\"A Global Fatherhood Campaign\",\"potentialAction\":[{\"@type\":\"SearchAction\",\"target\":{\"@type\":\"EntryPoint\",\"urlTemplate\":\"https:\/\/www.mencare.org\/?s={search_term_string}\"},\"query-input\":{\"@type\":\"PropertyValueSpecification\",\"valueRequired\":true,\"valueName\":\"search_term_string\"}}],\"inLanguage\":\"pt-BR\"},{\"@type\":\"Person\",\"@id\":\"https:\/\/www.mencare.org\/#\/schema\/person\/b9fee429ac8580ed216def21e04b2819\",\"name\":\"RadishLab\",\"image\":{\"@type\":\"ImageObject\",\"inLanguage\":\"pt-BR\",\"@id\":\"https:\/\/www.mencare.org\/#\/schema\/person\/image\/\",\"url\":\"https:\/\/secure.gravatar.com\/avatar\/01a869e9508babcb1c66b6b41356b4ef63d5326e5b27c38b27ed4a46b8e36b9f?s=96&d=mm&r=g\",\"contentUrl\":\"https:\/\/secure.gravatar.com\/avatar\/01a869e9508babcb1c66b6b41356b4ef63d5326e5b27c38b27ed4a46b8e36b9f?s=96&d=mm&r=g\",\"caption\":\"RadishLab\"},\"url\":\"https:\/\/www.mencare.org\/pt\/author\/radishlab\/\"}]}<\/script>\n<!-- \/ Yoast SEO plugin. -->","yoast_head_json":{"title":"My experience becoming the primary caregiver for our children - MenCare","description":"Fatherhood is undoubtedly tiring, but in these two years I look back on my life and can testify that watching one's children growing day-by-day is a luxury.","robots":{"index":"index","follow":"follow","max-snippet":"max-snippet:-1","max-image-preview":"max-image-preview:large","max-video-preview":"max-video-preview:-1"},"canonical":"https:\/\/www.mencare.org\/pt\/my-experience-becoming-the-primary-caregiver-for-our-children\/","og_locale":"pt_BR","og_type":"article","og_title":"My experience becoming the primary caregiver for our children","og_description":"\"When I was nearing 40, with two children aged 2 and 5 years old, I felt the need to start prioritizing.\"","og_url":"https:\/\/www.mencare.org\/pt\/my-experience-becoming-the-primary-caregiver-for-our-children\/","og_site_name":"MenCare","article_published_time":"2019-02-05T18:55:23+00:00","article_modified_time":"2019-02-05T18:56:10+00:00","og_image":[{"width":1200,"height":620,"url":"https:\/\/www.mencare.org\/wp-content\/uploads\/2019\/02\/fred_Banner.jpg","type":"image\/jpeg"}],"author":"RadishLab","twitter_card":"summary_large_image","twitter_misc":{"Written by":"RadishLab","Est. reading time":"3 minutes"},"schema":{"@context":"https:\/\/schema.org","@graph":[{"@type":"WebPage","@id":"https:\/\/www.mencare.org\/pt\/my-experience-becoming-the-primary-caregiver-for-our-children\/","url":"https:\/\/www.mencare.org\/pt\/my-experience-becoming-the-primary-caregiver-for-our-children\/","name":"My experience becoming the primary caregiver for our children - MenCare","isPartOf":{"@id":"https:\/\/www.mencare.org\/#website"},"primaryImageOfPage":{"@id":"https:\/\/www.mencare.org\/pt\/my-experience-becoming-the-primary-caregiver-for-our-children\/#primaryimage"},"image":{"@id":"https:\/\/www.mencare.org\/pt\/my-experience-becoming-the-primary-caregiver-for-our-children\/#primaryimage"},"thumbnailUrl":"https:\/\/www.mencare.org\/wp-content\/uploads\/2019\/02\/Fred_feat.jpg","datePublished":"2019-02-05T18:55:23+00:00","dateModified":"2019-02-05T18:56:10+00:00","author":{"@id":"https:\/\/www.mencare.org\/#\/schema\/person\/b9fee429ac8580ed216def21e04b2819"},"description":"Fatherhood is undoubtedly tiring, but in these two years I look back on my life and can testify that watching one's children growing day-by-day is a luxury.","breadcrumb":{"@id":"https:\/\/www.mencare.org\/pt\/my-experience-becoming-the-primary-caregiver-for-our-children\/#breadcrumb"},"inLanguage":"pt-BR","potentialAction":[{"@type":"ReadAction","target":["https:\/\/www.mencare.org\/pt\/my-experience-becoming-the-primary-caregiver-for-our-children\/"]}]},{"@type":"ImageObject","inLanguage":"pt-BR","@id":"https:\/\/www.mencare.org\/pt\/my-experience-becoming-the-primary-caregiver-for-our-children\/#primaryimage","url":"https:\/\/www.mencare.org\/wp-content\/uploads\/2019\/02\/Fred_feat.jpg","contentUrl":"https:\/\/www.mencare.org\/wp-content\/uploads\/2019\/02\/Fred_feat.jpg","width":550,"height":400},{"@type":"BreadcrumbList","@id":"https:\/\/www.mencare.org\/pt\/my-experience-becoming-the-primary-caregiver-for-our-children\/#breadcrumb","itemListElement":[{"@type":"ListItem","position":1,"name":"Home","item":"https:\/\/www.mencare.org\/"},{"@type":"ListItem","position":2,"name":"My experience becoming the primary caregiver for our children"}]},{"@type":"WebSite","@id":"https:\/\/www.mencare.org\/#website","url":"https:\/\/www.mencare.org\/","name":"Cuidados com os homens","description":"Uma Campanha Global de Paternidade","potentialAction":[{"@type":"SearchAction","target":{"@type":"EntryPoint","urlTemplate":"https:\/\/www.mencare.org\/?s={search_term_string}"},"query-input":{"@type":"PropertyValueSpecification","valueRequired":true,"valueName":"search_term_string"}}],"inLanguage":"pt-BR"},{"@type":"Person","@id":"https:\/\/www.mencare.org\/#\/schema\/person\/b9fee429ac8580ed216def21e04b2819","name":"RadishLab","image":{"@type":"ImageObject","inLanguage":"pt-BR","@id":"https:\/\/www.mencare.org\/#\/schema\/person\/image\/","url":"https:\/\/secure.gravatar.com\/avatar\/01a869e9508babcb1c66b6b41356b4ef63d5326e5b27c38b27ed4a46b8e36b9f?s=96&d=mm&r=g","contentUrl":"https:\/\/secure.gravatar.com\/avatar\/01a869e9508babcb1c66b6b41356b4ef63d5326e5b27c38b27ed4a46b8e36b9f?s=96&d=mm&r=g","caption":"RadishLab"},"url":"https:\/\/www.mencare.org\/pt\/author\/radishlab\/"}]}},"_links":{"self":[{"href":"https:\/\/www.mencare.org\/pt\/wp-json\/wp\/v2\/posts\/6803","targetHints":{"allow":["GET"]}}],"collection":[{"href":"https:\/\/www.mencare.org\/pt\/wp-json\/wp\/v2\/posts"}],"about":[{"href":"https:\/\/www.mencare.org\/pt\/wp-json\/wp\/v2\/types\/post"}],"author":[{"embeddable":true,"href":"https:\/\/www.mencare.org\/pt\/wp-json\/wp\/v2\/users\/178"}],"replies":[{"embeddable":true,"href":"https:\/\/www.mencare.org\/pt\/wp-json\/wp\/v2\/comments?post=6803"}],"version-history":[{"count":0,"href":"https:\/\/www.mencare.org\/pt\/wp-json\/wp\/v2\/posts\/6803\/revisions"}],"wp:featuredmedia":[{"embeddable":true,"href":"https:\/\/www.mencare.org\/pt\/wp-json\/wp\/v2\/media\/6811"}],"wp:attachment":[{"href":"https:\/\/www.mencare.org\/pt\/wp-json\/wp\/v2\/media?parent=6803"}],"wp:term":[{"taxonomy":"category","embeddable":true,"href":"https:\/\/www.mencare.org\/pt\/wp-json\/wp\/v2\/categories?post=6803"},{"taxonomy":"post_tag","embeddable":true,"href":"https:\/\/www.mencare.org\/pt\/wp-json\/wp\/v2\/tags?post=6803"}],"curies":[{"name":"wp","href":"https:\/\/api.w.org\/{rel}","templated":true}]}}