{"id":7167,"date":"2020-06-18T08:00:56","date_gmt":"2020-06-18T12:00:56","guid":{"rendered":"https:\/\/www.mencare.org\/?p=7167"},"modified":"2020-06-17T17:46:56","modified_gmt":"2020-06-17T21:46:56","slug":"new-research-covid-19-and-a-crisis-of-care-in-the-united-states","status":"publish","type":"post","link":"https:\/\/www.mencare.org\/pt\/new-research-covid-19-and-a-crisis-of-care-in-the-united-states\/","title":{"rendered":"Nova pesquisa: COVID-19 e uma crise de assist\u00eancia nos Estados Unidos"},"content":{"rendered":"<h3><i>Quase 60% de homens e mulheres dizem que o trabalho di\u00e1rio dom\u00e9stico e de cuidados aumentou durante a pandemia e que \u00e9 a parte mais demorada dos seus dias<\/i><\/h3>\n<p><i>Este relat\u00f3rio \u00e9 lan\u00e7ado juntamente com o\u00a0<\/i><a href=\"http:\/\/bit.ly\/HowICare\" target=\"_blank\" rel=\"noopener\"><i>Campanha #HowICare<\/i><\/a><i>\u00a0no Twitter.\u00a0<\/i><a href=\"https:\/\/twitter.com\/hashtag\/HowICare?src=hashtag_click&amp;f=live\" target=\"_blank\" rel=\"noopener\"><i>Junte-se a n\u00f3s<\/i><\/a><i>.<\/i><\/p>\n<p><b><span style=\"font-weight: 400;\"><img loading=\"lazy\" decoding=\"async\" class=\"fullwidth alignnone wp-image-7168\" src=\"https:\/\/www.mencare.org\/wp-content\/uploads\/2020\/06\/howicare-us-report-banner1-01.png\" alt=\"\" width=\"1200\" height=\"630\" srcset=\"https:\/\/www.mencare.org\/wp-content\/uploads\/2020\/06\/howicare-us-report-banner1-01.png 2500w, https:\/\/www.mencare.org\/wp-content\/uploads\/2020\/06\/howicare-us-report-banner1-01-300x158.png 300w, https:\/\/www.mencare.org\/wp-content\/uploads\/2020\/06\/howicare-us-report-banner1-01-768x403.png 768w, https:\/\/www.mencare.org\/wp-content\/uploads\/2020\/06\/howicare-us-report-banner1-01-1024x538.png 1024w\" sizes=\"auto, (max-width: 1200px) 100vw, 1200px\" \/><\/span><\/b><\/p>\n<p><span style=\"font-weight: 400;\">O cuidado n\u00e3o remunerado e o trabalho dom\u00e9stico \u2013 especificamente cozinhar, limpar e fazer compras para a fam\u00edlia \u2013 est\u00e3o ocupando a maior parte dos dias dos entrevistados durante a pandemia da COVID-19, revela um estudo <a href=\"https:\/\/www.mencare.org\/pt\/resources\/caring-under-covid-19-how-the-pandemic-is-and-is-not-changing-unpaid-care-and-domestic-work-responsibilities\/\" target=\"_blank\" rel=\"noopener\">nova enquete<\/a> sobre cuidados n\u00e3o remunerados e trabalho dom\u00e9stico nos Estados Unidos, lan\u00e7ado hoje pela Oxfam e Equimundo, como uma iniciativa da MenCare: A Global Fatherhood Campaign.<\/span><\/p>\n<p><span style=\"font-weight: 400;\">O relat\u00f3rio, sob o t\u00edtulo <\/span><i><span style=\"font-weight: 400;\">Cuidar durante a COVID-19: como a pandemia est\u00e1 \u2013 e n\u00e3o est\u00e1 \u2013 mudando as responsabilidades de cuidados n\u00e3o remunerados e trabalho dom\u00e9stico nos Estados Unidos,<\/span><\/i><span style=\"font-weight: 400;\"> demonstra como a COVID-19 trouxe uma crise de assist\u00eancia sem precedentes nos Estados Unidos, com uma carga de trabalho espec\u00edfica sendo assumida por mulheres como um grupo e por indiv\u00edduos negros, latinos e asi\u00e1ticos.<\/span><\/p>\n<p><span style=\"font-weight: 400;\">A COVID-19 levou a um aumento \u2014 geralmente de muitas horas por dia \u2014 nas demandas de cuidados n\u00e3o remunerados e trabalho dom\u00e9stico para os americanos, de acordo com dados de pesquisas de prov\u00e1veis eleitores nos Estados Unidos.\u00a0<\/span><\/p>\n<h3>Organizado em seis insights principais, o relat\u00f3rio conclui que:<\/h3>\n<ul>\n<li><b>A COVID-19 impactou substancialmente a vida profissional dos americanos, com o maior impacto nas fam\u00edlias de baixa renda, negras ou afro-americanas, e hisp\u00e2nicas ou latinas \u2013 com uma persistente disparidade de g\u00eanero. <span style=\"font-weight: 400;\">Aproximadamente metade da amostra geral relatou que foi demitida, colocada temporariamente em licen\u00e7a ou teve suas horas de trabalho reduzidas como resultado da COVID-19.<\/span><\/b><\/li>\n<li><b>Pessoas de cor \u2013 que foram particularmente afetadas pelos impactos da COVID-19 \u2013 est\u00e3o assumindo cuidados em taxas ainda maiores: <span style=\"font-weight: 400;\">Enquanto 57% dos entrevistados brancos dizem que seu trabalho dom\u00e9stico e de cuidados di\u00e1rios aumentou, essa taxa \u00e9 maior entre os entrevistados negros ou afro-americanos (71%), hisp\u00e2nicos ou latinos (74%) e asi\u00e1ticos (79%).<\/span><\/b><\/li>\n<li><b>Cuidados n\u00e3o remunerados e trabalho dom\u00e9stico \u2013 especificamente preparar refei\u00e7\u00f5es e cozinhar; limpar, varrer ou desinfetar; e comprar alimentos, medicamentos, combust\u00edvel ou outros bens \u2013 est\u00e3o ocupando a maior parte dos dias dos entrevistados durante a pandemia de COVID-19. <span style=\"font-weight: 400;\">Apenas 30% de homens e 31% de mulheres atualmente empregados em per\u00edodo integral ou parcial dizem que o trabalho remunerado est\u00e1 entre as tr\u00eas tarefas que mais consomem tempo em suas vidas durante a COVID-19.<\/span> <span style=\"font-weight: 400;\">Cuidar de familiares ou membros da comunidade doentes foi uma escolha rara para os entrevistados brancos (2%), enquanto pelo menos 10% de negros, latinos e asi\u00e1ticos, e 50% de \u00edndios americanos ou nativos do Alasca relataram que essa tarefa ocupa uma grande parte do seu tempo, destacando mais uma vez os impactos desproporcionais da COVID-19 nas pessoas de cor.<\/span><\/b><\/li>\n<li><b>A distribui\u00e7\u00e3o por g\u00eanero do trabalho dom\u00e9stico e de cuidados n\u00e3o remunerados n\u00e3o mudou durante a COVID-19, mesmo que esse trabalho tenha se multiplicado. <span style=\"font-weight: 400;\">Os inquiridos de todos os g\u00e9neros tenderam a partilhar a opini\u00e3o de que, mesmo com o aumento dos cuidados n\u00e3o remunerados e da carga de trabalho dom\u00e9stica, a <\/span><i><span style=\"font-weight: 400;\">distribui\u00e7\u00e3o<\/span><\/i><span style=\"font-weight: 400;\"> desse trabalho n\u00e3o mudou drasticamente como resultado da pandemia. Ao mesmo tempo, mulheres e homens tenderam nesta pesquisa a listar maiores taxas de envolvimento em cuidados n\u00e3o remunerados e trabalho dom\u00e9stico para si mesmos do que para os outros na casa.<\/span><\/b><\/li>\n<li><b>Entre todos os entrevistados, o fato de quem faz a maior parte desse trabalho \u2013 as mulheres \u2013 permanece constante. <span style=\"font-weight: 400;\">Os entrevistados concordam que a maioria das tarefas de cuidados n\u00e3o remunerados e trabalho dom\u00e9stico s\u00e3o mais propensas a serem assumidas principalmente por mulheres do que por homens. Os homens tamb\u00e9m podem estar superestimando sua contribui\u00e7\u00e3o total para esse trabalho. Por exemplo, dois ter\u00e7os (66%) dos homens relatam que cozinham e limpam tanto quanto ou mais do que as mulheres, mas apenas um ter\u00e7o (35%) das mulheres concorda.<\/span><\/b><\/li>\n<li><b>A pandemia \u2013 e suas respostas de sa\u00fade p\u00fablica, como o distanciamento social \u2013 est\u00e3o afetando a sa\u00fade mental e o bem-estar do pa\u00eds, especialmente das mulheres. <span style=\"font-weight: 400;\">Metade das mulheres (49%) relatam sentir-se mais ansiosas ou estressadas agora do que antes da pandemia e do lockdown; 41% dos homens disseram o mesmo. Al\u00e9m disso, entre as entrevistadas, quase um ter\u00e7o relata que \u201cdescansar o suficiente, dormir, ter tempo para cuidar de si\u201d \u00e9 uma das tr\u00eas principais coisas que elas tiveram que abrir m\u00e3o, um sentimento compartilhado por 27% dos homens.<\/span><\/b><\/li>\n<\/ul>\n<h3>Ao tra\u00e7ar um caminho a seguir para abordar a crise de assist\u00eancia provocada pela COVID-19, o relat\u00f3rio recomenda que os defensores e formuladores de pol\u00edticas busquem os seguintes objetivos:<\/h3>\n<ul>\n<li>Priorizar licen\u00e7as remuneradas, cuidados infantis e flexibilidade, em linha com demandas pol\u00edticas claras e consistentes dos defensores;<\/li>\n<li>Aproveitar os avan\u00e7os pol\u00edticos do per\u00edodo da COVID-19 para garantir que eles aliviem, em vez de agravar, as desigualdades existentes; e<\/li>\n<li>Amplie a imagina\u00e7\u00e3o dos eleitores sobre os tipos de pol\u00edticas que podem benefici\u00e1-los e siga o exemplo daqueles com uma vis\u00e3o mais pr\u00f3xima dos problemas e desigualdades existentes.<\/li>\n<\/ul>\n<p><span style=\"font-weight: 400;\">A plataforma do relat\u00f3rio para a advocacia e ac\u00e7\u00e3o dos EUA foi desenvolvida em consulta com a PL+US (<\/span><a href=\"https:\/\/paidleave.us\/\" target=\"_blank\" rel=\"noopener\"><span style=\"font-weight: 400;\">Licen\u00e7a remunerada para os Estados Unidos<\/span><\/a><span style=\"font-weight: 400;\">), a campanha nacional para ganhar licen\u00e7a m\u00e9dica e familiar remunerada para todos os trabalhadores nos EUA. \u00c9 a primeira de uma s\u00e9rie de pesquisas semelhantes no <\/span><a href=\"http:\/\/bit.ly\/HowICare\" target=\"_blank\" rel=\"noopener\"><span style=\"font-weight: 400;\">Projeto #HowICare<\/span><\/a><span style=\"font-weight: 400;\"> que ser\u00e1 publicado pela Oxfam Internacional em outros quatro pa\u00edses: Reino Unido, Canad\u00e1, Filipinas e Qu\u00eania.<\/span><\/p>\n<h3><span style=\"font-weight: 400;\">Leia o relat\u00f3rio completo <a href=\"https:\/\/www.mencare.org\/pt\/resources\/caring-under-covid-19-how-the-pandemic-is-and-is-not-changing-unpaid-care-and-domestic-work-responsibilities\/\" target=\"_blank\" rel=\"noopener\">aqui<\/a>.<\/span><\/h3>","protected":false},"excerpt":{"rendered":"<p>Quase 60% de homens e mulheres dizem que o trabalho di\u00e1rio dom\u00e9stico e de cuidados aumentou durante a pandemia e que \u00e9 a parte mais demorada dos seus dias<\/p>","protected":false},"author":173,"featured_media":7169,"comment_status":"closed","ping_status":"closed","sticky":false,"template":"","format":"standard","meta":{"footnotes":""},"categories":[653],"tags":[840,844,440,505],"class_list":["post-7167","post","type-post","status-publish","format-standard","has-post-thumbnail","hentry","category-fatherhood-and-caregiving","tag-covid19","tag-howicare","tag-united-states","tag-unpaid-care","countries-united-states"],"acf":[],"yoast_head":"<!-- This site is optimized with the Yoast SEO plugin v25.9 - https:\/\/yoast.com\/wordpress\/plugins\/seo\/ -->\n<title>New Research: COVID-19 and a Crisis of Care in the United States - MenCare<\/title>\n<meta name=\"robots\" content=\"index, follow, max-snippet:-1, max-image-preview:large, max-video-preview:-1\" \/>\n<link rel=\"canonical\" href=\"https:\/\/www.mencare.org\/pt\/new-research-covid-19-and-a-crisis-of-care-in-the-united-states\/\" \/>\n<meta property=\"og:locale\" content=\"pt_BR\" \/>\n<meta property=\"og:type\" content=\"article\" \/>\n<meta property=\"og:title\" content=\"New Research: COVID-19 and a Crisis of Care in the United States - MenCare\" \/>\n<meta property=\"og:description\" content=\"Nearly 60% of men and women say daily house and care work has increased during the pandemic, and that it is the most time-consuming part of their days\" \/>\n<meta property=\"og:url\" content=\"https:\/\/www.mencare.org\/pt\/new-research-covid-19-and-a-crisis-of-care-in-the-united-states\/\" \/>\n<meta property=\"og:site_name\" content=\"MenCare\" \/>\n<meta property=\"article:published_time\" content=\"2020-06-18T12:00:56+00:00\" \/>\n<meta property=\"og:image\" content=\"https:\/\/www.mencare.org\/wp-content\/uploads\/2020\/06\/howicare-us-report-banner1-01.png\" \/>\n\t<meta property=\"og:image:width\" content=\"2500\" \/>\n\t<meta property=\"og:image:height\" content=\"1313\" \/>\n\t<meta property=\"og:image:type\" content=\"image\/png\" \/>\n<meta name=\"author\" content=\"lona\" \/>\n<meta name=\"twitter:card\" content=\"summary_large_image\" \/>\n<meta name=\"twitter:image\" content=\"https:\/\/www.mencare.org\/wp-content\/uploads\/2020\/06\/howicare-us-report-banner1-01.png\" \/>\n<meta name=\"twitter:label1\" content=\"Written by\" \/>\n\t<meta name=\"twitter:data1\" content=\"lona\" \/>\n\t<meta name=\"twitter:label2\" content=\"Est. reading time\" \/>\n\t<meta name=\"twitter:data2\" content=\"4 minutes\" \/>\n<script type=\"application\/ld+json\" class=\"yoast-schema-graph\">{\"@context\":\"https:\/\/schema.org\",\"@graph\":[{\"@type\":\"WebPage\",\"@id\":\"https:\/\/www.mencare.org\/pt\/new-research-covid-19-and-a-crisis-of-care-in-the-united-states\/\",\"url\":\"https:\/\/www.mencare.org\/pt\/new-research-covid-19-and-a-crisis-of-care-in-the-united-states\/\",\"name\":\"New Research: COVID-19 and a Crisis of Care in the United States - MenCare\",\"isPartOf\":{\"@id\":\"https:\/\/www.mencare.org\/#website\"},\"primaryImageOfPage\":{\"@id\":\"https:\/\/www.mencare.org\/pt\/new-research-covid-19-and-a-crisis-of-care-in-the-united-states\/#primaryimage\"},\"image\":{\"@id\":\"https:\/\/www.mencare.org\/pt\/new-research-covid-19-and-a-crisis-of-care-in-the-united-states\/#primaryimage\"},\"thumbnailUrl\":\"https:\/\/www.mencare.org\/wp-content\/uploads\/2020\/06\/how-I-care-rectangle-thumbnail-01.png\",\"datePublished\":\"2020-06-18T12:00:56+00:00\",\"author\":{\"@id\":\"https:\/\/www.mencare.org\/#\/schema\/person\/58948687a512184b1b395f62c7d2fd86\"},\"breadcrumb\":{\"@id\":\"https:\/\/www.mencare.org\/pt\/new-research-covid-19-and-a-crisis-of-care-in-the-united-states\/#breadcrumb\"},\"inLanguage\":\"pt-BR\",\"potentialAction\":[{\"@type\":\"ReadAction\",\"target\":[\"https:\/\/www.mencare.org\/pt\/new-research-covid-19-and-a-crisis-of-care-in-the-united-states\/\"]}]},{\"@type\":\"ImageObject\",\"inLanguage\":\"pt-BR\",\"@id\":\"https:\/\/www.mencare.org\/pt\/new-research-covid-19-and-a-crisis-of-care-in-the-united-states\/#primaryimage\",\"url\":\"https:\/\/www.mencare.org\/wp-content\/uploads\/2020\/06\/how-I-care-rectangle-thumbnail-01.png\",\"contentUrl\":\"https:\/\/www.mencare.org\/wp-content\/uploads\/2020\/06\/how-I-care-rectangle-thumbnail-01.png\",\"width\":1146,\"height\":834},{\"@type\":\"BreadcrumbList\",\"@id\":\"https:\/\/www.mencare.org\/pt\/new-research-covid-19-and-a-crisis-of-care-in-the-united-states\/#breadcrumb\",\"itemListElement\":[{\"@type\":\"ListItem\",\"position\":1,\"name\":\"Home\",\"item\":\"https:\/\/www.mencare.org\/\"},{\"@type\":\"ListItem\",\"position\":2,\"name\":\"New Research: COVID-19 and a Crisis of Care in the United States\"}]},{\"@type\":\"WebSite\",\"@id\":\"https:\/\/www.mencare.org\/#website\",\"url\":\"https:\/\/www.mencare.org\/\",\"name\":\"MenCare\",\"description\":\"A Global Fatherhood Campaign\",\"potentialAction\":[{\"@type\":\"SearchAction\",\"target\":{\"@type\":\"EntryPoint\",\"urlTemplate\":\"https:\/\/www.mencare.org\/?s={search_term_string}\"},\"query-input\":{\"@type\":\"PropertyValueSpecification\",\"valueRequired\":true,\"valueName\":\"search_term_string\"}}],\"inLanguage\":\"pt-BR\"},{\"@type\":\"Person\",\"@id\":\"https:\/\/www.mencare.org\/#\/schema\/person\/58948687a512184b1b395f62c7d2fd86\",\"name\":\"lona\",\"image\":{\"@type\":\"ImageObject\",\"inLanguage\":\"pt-BR\",\"@id\":\"https:\/\/www.mencare.org\/#\/schema\/person\/image\/\",\"url\":\"https:\/\/secure.gravatar.com\/avatar\/454605f9a5ac40f6c8168d2c8c5c71d6d5d63996a8f4437c96286777b30d03b2?s=96&d=mm&r=g\",\"contentUrl\":\"https:\/\/secure.gravatar.com\/avatar\/454605f9a5ac40f6c8168d2c8c5c71d6d5d63996a8f4437c96286777b30d03b2?s=96&d=mm&r=g\",\"caption\":\"lona\"},\"url\":\"https:\/\/www.mencare.org\/pt\/author\/lona\/\"}]}<\/script>\n<!-- \/ Yoast SEO plugin. -->","yoast_head_json":{"title":"New Research: COVID-19 and a Crisis of Care in the United States - MenCare","robots":{"index":"index","follow":"follow","max-snippet":"max-snippet:-1","max-image-preview":"max-image-preview:large","max-video-preview":"max-video-preview:-1"},"canonical":"https:\/\/www.mencare.org\/pt\/new-research-covid-19-and-a-crisis-of-care-in-the-united-states\/","og_locale":"pt_BR","og_type":"article","og_title":"New Research: COVID-19 and a Crisis of Care in the United States - MenCare","og_description":"Nearly 60% of men and women say daily house and care work has increased during the pandemic, and that it is the most time-consuming part of their days","og_url":"https:\/\/www.mencare.org\/pt\/new-research-covid-19-and-a-crisis-of-care-in-the-united-states\/","og_site_name":"MenCare","article_published_time":"2020-06-18T12:00:56+00:00","og_image":[{"width":2500,"height":1313,"url":"https:\/\/www.mencare.org\/wp-content\/uploads\/2020\/06\/howicare-us-report-banner1-01.png","type":"image\/png"}],"author":"lona","twitter_card":"summary_large_image","twitter_image":"https:\/\/www.mencare.org\/wp-content\/uploads\/2020\/06\/howicare-us-report-banner1-01.png","twitter_misc":{"Written by":"lona","Est. reading time":"4 minutes"},"schema":{"@context":"https:\/\/schema.org","@graph":[{"@type":"WebPage","@id":"https:\/\/www.mencare.org\/pt\/new-research-covid-19-and-a-crisis-of-care-in-the-united-states\/","url":"https:\/\/www.mencare.org\/pt\/new-research-covid-19-and-a-crisis-of-care-in-the-united-states\/","name":"New Research: COVID-19 and a Crisis of Care in the United States - MenCare","isPartOf":{"@id":"https:\/\/www.mencare.org\/#website"},"primaryImageOfPage":{"@id":"https:\/\/www.mencare.org\/pt\/new-research-covid-19-and-a-crisis-of-care-in-the-united-states\/#primaryimage"},"image":{"@id":"https:\/\/www.mencare.org\/pt\/new-research-covid-19-and-a-crisis-of-care-in-the-united-states\/#primaryimage"},"thumbnailUrl":"https:\/\/www.mencare.org\/wp-content\/uploads\/2020\/06\/how-I-care-rectangle-thumbnail-01.png","datePublished":"2020-06-18T12:00:56+00:00","author":{"@id":"https:\/\/www.mencare.org\/#\/schema\/person\/58948687a512184b1b395f62c7d2fd86"},"breadcrumb":{"@id":"https:\/\/www.mencare.org\/pt\/new-research-covid-19-and-a-crisis-of-care-in-the-united-states\/#breadcrumb"},"inLanguage":"pt-BR","potentialAction":[{"@type":"ReadAction","target":["https:\/\/www.mencare.org\/pt\/new-research-covid-19-and-a-crisis-of-care-in-the-united-states\/"]}]},{"@type":"ImageObject","inLanguage":"pt-BR","@id":"https:\/\/www.mencare.org\/pt\/new-research-covid-19-and-a-crisis-of-care-in-the-united-states\/#primaryimage","url":"https:\/\/www.mencare.org\/wp-content\/uploads\/2020\/06\/how-I-care-rectangle-thumbnail-01.png","contentUrl":"https:\/\/www.mencare.org\/wp-content\/uploads\/2020\/06\/how-I-care-rectangle-thumbnail-01.png","width":1146,"height":834},{"@type":"BreadcrumbList","@id":"https:\/\/www.mencare.org\/pt\/new-research-covid-19-and-a-crisis-of-care-in-the-united-states\/#breadcrumb","itemListElement":[{"@type":"ListItem","position":1,"name":"Home","item":"https:\/\/www.mencare.org\/"},{"@type":"ListItem","position":2,"name":"New Research: COVID-19 and a Crisis of Care in the United States"}]},{"@type":"WebSite","@id":"https:\/\/www.mencare.org\/#website","url":"https:\/\/www.mencare.org\/","name":"Cuidados com os homens","description":"Uma Campanha Global de Paternidade","potentialAction":[{"@type":"SearchAction","target":{"@type":"EntryPoint","urlTemplate":"https:\/\/www.mencare.org\/?s={search_term_string}"},"query-input":{"@type":"PropertyValueSpecification","valueRequired":true,"valueName":"search_term_string"}}],"inLanguage":"pt-BR"},{"@type":"Person","@id":"https:\/\/www.mencare.org\/#\/schema\/person\/58948687a512184b1b395f62c7d2fd86","name":"lona","image":{"@type":"ImageObject","inLanguage":"pt-BR","@id":"https:\/\/www.mencare.org\/#\/schema\/person\/image\/","url":"https:\/\/secure.gravatar.com\/avatar\/454605f9a5ac40f6c8168d2c8c5c71d6d5d63996a8f4437c96286777b30d03b2?s=96&d=mm&r=g","contentUrl":"https:\/\/secure.gravatar.com\/avatar\/454605f9a5ac40f6c8168d2c8c5c71d6d5d63996a8f4437c96286777b30d03b2?s=96&d=mm&r=g","caption":"lona"},"url":"https:\/\/www.mencare.org\/pt\/author\/lona\/"}]}},"_links":{"self":[{"href":"https:\/\/www.mencare.org\/pt\/wp-json\/wp\/v2\/posts\/7167","targetHints":{"allow":["GET"]}}],"collection":[{"href":"https:\/\/www.mencare.org\/pt\/wp-json\/wp\/v2\/posts"}],"about":[{"href":"https:\/\/www.mencare.org\/pt\/wp-json\/wp\/v2\/types\/post"}],"author":[{"embeddable":true,"href":"https:\/\/www.mencare.org\/pt\/wp-json\/wp\/v2\/users\/173"}],"replies":[{"embeddable":true,"href":"https:\/\/www.mencare.org\/pt\/wp-json\/wp\/v2\/comments?post=7167"}],"version-history":[{"count":0,"href":"https:\/\/www.mencare.org\/pt\/wp-json\/wp\/v2\/posts\/7167\/revisions"}],"wp:featuredmedia":[{"embeddable":true,"href":"https:\/\/www.mencare.org\/pt\/wp-json\/wp\/v2\/media\/7169"}],"wp:attachment":[{"href":"https:\/\/www.mencare.org\/pt\/wp-json\/wp\/v2\/media?parent=7167"}],"wp:term":[{"taxonomy":"category","embeddable":true,"href":"https:\/\/www.mencare.org\/pt\/wp-json\/wp\/v2\/categories?post=7167"},{"taxonomy":"post_tag","embeddable":true,"href":"https:\/\/www.mencare.org\/pt\/wp-json\/wp\/v2\/tags?post=7167"}],"curies":[{"name":"wp","href":"https:\/\/api.w.org\/{rel}","templated":true}]}}