{"id":7445,"date":"2022-09-08T16:27:49","date_gmt":"2022-09-08T20:27:49","guid":{"rendered":"https:\/\/www.mencare.org\/?p=7445"},"modified":"2023-04-19T14:48:51","modified_gmt":"2023-04-19T18:48:51","slug":"mencare-updates-september-2022","status":"publish","type":"post","link":"https:\/\/www.mencare.org\/pt\/mencare-updates-september-2022\/","title":{"rendered":"Not\u00edcias MenCare | Setembro de 2022"},"content":{"rendered":"<figure class=\"wp-block-image size-large\"><a href=\"https:\/\/www.mencare.org\/wp-content\/uploads\/2022\/09\/jonas-kakaroto-6mKYvWQF6yw-unsplash-1-scaled.jpg\"><img loading=\"lazy\" decoding=\"async\" width=\"1024\" height=\"683\" src=\"https:\/\/www.mencare.org\/wp-content\/uploads\/2022\/09\/jonas-kakaroto-6mKYvWQF6yw-unsplash-1-1024x683.jpg\" alt=\"\" class=\"wp-image-7456\" srcset=\"https:\/\/www.mencare.org\/wp-content\/uploads\/2022\/09\/jonas-kakaroto-6mKYvWQF6yw-unsplash-1-1024x683.jpg 1024w, https:\/\/www.mencare.org\/wp-content\/uploads\/2022\/09\/jonas-kakaroto-6mKYvWQF6yw-unsplash-1-300x200.jpg 300w, https:\/\/www.mencare.org\/wp-content\/uploads\/2022\/09\/jonas-kakaroto-6mKYvWQF6yw-unsplash-1-768x512.jpg 768w, https:\/\/www.mencare.org\/wp-content\/uploads\/2022\/09\/jonas-kakaroto-6mKYvWQF6yw-unsplash-1-1536x1024.jpg 1536w, https:\/\/www.mencare.org\/wp-content\/uploads\/2022\/09\/jonas-kakaroto-6mKYvWQF6yw-unsplash-1-2048x1365.jpg 2048w\" sizes=\"auto, (max-width: 1024px) 100vw, 1024px\" \/><\/a><\/figure>\n\n\n\n<p>Ap\u00f3s uma revis\u00e3o interna de 10 anos da Campanha MenCare, os coordenadores globais, Equimundo: Centro para Masculinidades e Justi\u00e7a Social e Sonke Gender Justice, est\u00e3o buscando mudar o trabalho da campanha para abordar algumas das preocupa\u00e7\u00f5es levantadas na revis\u00e3o.<\/p>\n\n\n\n<p>Em junho de 2022, v\u00e1rias organiza\u00e7\u00f5es parceiras da MenCare se reuniram em Coimbra, Portugal. Nesta reuni\u00e3o, os participantes discutiram a governan\u00e7a da campanha e sugeriram que a nova estrutura inclu\u00edsse os seguintes grupos:<\/p>\n\n\n\n<ul class=\"wp-block-list\"><li><strong>Parceiros MenCare: <\/strong>Os Parceiros MenCare s\u00e3o organiza\u00e7\u00f5es que aderem \u00e0 campanha MenCare como parceiros com base no alinhamento com o <a href=\"https:\/\/www.mencare.org\/pt\/about-mencare\/guiding-principles\/\">princ\u00edpios orientadores<\/a> da campanha MenCare. Os parceiros podem ser nacionais ou internacionais. Este grupo \u00e9 o maior, est\u00e1 distribu\u00eddo em muitos (55+) pa\u00edses e foi anteriormente chamado de membros ou afiliados do MenCare.<\/li><\/ul>\n\n\n\n<div class=\"radius-fix\"><\/div>\n\n\n\n<ul class=\"wp-block-list\"><li><strong>Conselho de Parceiros MenCare: <\/strong>Os parceiros do MenCare podem se tornar membros do MenCare Partner Council. Os membros do conselho de parceiros se beneficiar\u00e3o da plataforma global e regional que o MenCare oferece e fornecer\u00e3o suporte estrat\u00e9gico como membros do conselho para fortalecer a campanha do MenCare. Os novos membros do conselho de parceiros s\u00e3o indicados pelos membros do conselho em exerc\u00edcio e convidados com acordo de consenso do conselho. O primeiro conselho de parceiros consiste em parceiros-chave do MenCare que est\u00e3o ativamente envolvidos na campanha h\u00e1 v\u00e1rios anos.<\/li><\/ul>\n\n\n\n<div class=\"radius-fix\"><\/div>\n\n\n\n<ul class=\"wp-block-list\"><li><strong>Equipe de coordena\u00e7\u00e3o global da MenCare: <\/strong>A equipe de coordena\u00e7\u00e3o global \u00e9 respons\u00e1vel por coordenar a campanha geral, parcerias, facilitar reuni\u00f5es e processos do conselho de parceiros e garantir a implementa\u00e7\u00e3o do Plano Estrat\u00e9gico Global MenCare relevante. A equipe de coordena\u00e7\u00e3o consiste em duas organiza\u00e7\u00f5es globais de coordena\u00e7\u00e3o (Equimundo e Sonke) e um Oficial MenCare empregado pela Equimundo. A equipe de Coordena\u00e7\u00e3o Global MenCare \u00e9 respons\u00e1vel pela gest\u00e3o geral e execu\u00e7\u00e3o da campanha. \u00c0s vezes, a alta ger\u00eancia dos coordenadores pode participar de reuni\u00f5es de coordena\u00e7\u00e3o estrat\u00e9gica.<\/li><\/ul>\n\n\n<div class=\"wp-block-image\">\n<figure class=\"aligncenter size-large is-resized\"><a href=\"https:\/\/www.mencare.org\/wp-content\/uploads\/2022\/09\/IMG_9670-scaled.jpg\"><img decoding=\"async\" src=\"https:\/\/www.mencare.org\/wp-content\/uploads\/2022\/09\/IMG_9670-1024x768.jpg\" alt=\"\" class=\"wp-image-7450\" width=\"-345\" height=\"-258\" srcset=\"https:\/\/www.mencare.org\/wp-content\/uploads\/2022\/09\/IMG_9670-1024x768.jpg 1024w, https:\/\/www.mencare.org\/wp-content\/uploads\/2022\/09\/IMG_9670-300x225.jpg 300w, https:\/\/www.mencare.org\/wp-content\/uploads\/2022\/09\/IMG_9670-768x576.jpg 768w, https:\/\/www.mencare.org\/wp-content\/uploads\/2022\/09\/IMG_9670-1536x1152.jpg 1536w, https:\/\/www.mencare.org\/wp-content\/uploads\/2022\/09\/IMG_9670-2048x1536.jpg 2048w\" sizes=\"(max-width: 1024px) 100vw, 1024px\" \/><\/a><figcaption><em>Foto da reuni\u00e3o do MenCare em junho de 2022.<\/em><\/figcaption><\/figure>\n<\/div>\n\n\n<p>Grande parte da conversa da reuni\u00e3o focou nos valores que devem informar as novas estruturas de governan\u00e7a. Al\u00e9m dos valores acordados nos Princ\u00edpios Orientadores do MenCare, o grupo tamb\u00e9m reconheceu a import\u00e2ncia dos seguintes valores para ancorar o novo conselho de parceiros:<\/p>\n\n\n\n<ul class=\"wp-block-list\"><li><strong>Reciprocidade<\/strong>: A filia\u00e7\u00e3o ao conselho parceiro ser\u00e1 um relacionamento rec\u00edproco bidirecional. A equipe de coordena\u00e7\u00e3o global da MenCare agregar\u00e1 valor \u00e0s iniciativas dos membros do conselho parceiro, e os membros do conselho parceiro agregar\u00e3o valor \u00e0 campanha geral. Este arranjo \u00e9 um ganha-ganha em rela\u00e7\u00e3o \u00e0 parceria mutuamente ben\u00e9fica com os membros do conselho.<\/li><\/ul>\n\n\n\n<ul class=\"wp-block-list\"><li><strong>Interseccionalidade: <\/strong>A Equipe de Coordena\u00e7\u00e3o Global do MenCare ter\u00e1 como objetivo melhorar o engajamento com grupos diversos e muitas vezes menos representados (por exemplo, grupos de mulheres locais e nacionais; grupos de migrantes ou deslocados; coletivos e grupos LGBTIQ+ e SOGIESC; e uma diversidade de pa\u00edses) com o apoio do conselho parceiro.<\/li><\/ul>\n\n\n\n<ul class=\"wp-block-list\"><li><strong>Princ\u00edpio de &quot;n\u00e3o causar danos&quot; e especificidade de cada pa\u00eds:<\/strong> Embora os contextos dos pa\u00edses signifiquem que \u00e0s vezes pode ser dif\u00edcil falar abertamente sobre o trabalho de transforma\u00e7\u00e3o de g\u00eanero, o comprometimento organizacional dos membros do conselho em rela\u00e7\u00e3o aos princ\u00edpios orientadores do MenCare ainda seria esperado. Isso n\u00e3o necessariamente determina que deve ser \u00f3bvio no trabalho dos membros do conselho parceiro. As decis\u00f5es dependeriam de uma an\u00e1lise de contexto culturalmente relevante com\/por membros e da ades\u00e3o ao princ\u00edpio &quot;N\u00e3o causar danos&quot;. Este princ\u00edpio tem apoiado como trabalhamos na pr\u00e1tica em contextos complexos. Foi e ser\u00e1 necess\u00e1rio que todos os associados ao MenCare (Parceiros do MenCare, membros do Conselho de Parceiros do MenCare e Equipe de Coordena\u00e7\u00e3o Global do MenCare) estejam cientes do contexto local e se adaptem constantemente de acordo. O padr\u00e3o anterior de acordo em princ\u00edpio com os valores da campanha e nenhum investimento em atividades que sejam contr\u00e1rias aos valores da campanha permanecer\u00e3o relevantes.<\/li><\/ul>\n\n\n\n<p>Agora estamos trabalhando com o atual Comit\u00ea Diretor e poss\u00edveis novos membros do Conselho de Parceiros para finalizar as cartas de acordo relevantes e esperamos anunciar os novos membros do conselho no pr\u00f3ximo boletim informativo MenCare.<\/p>\n\n\n\n<p>Os membros do conselho parceiro tamb\u00e9m est\u00e3o envolvidos na promo\u00e7\u00e3o da <a href=\"https:\/\/www.mencare.org\/pt\/what-we-do\/advocacy\/the-mencare-commitment\/\">Compromisso MenCare 50\/50<\/a> \u00e0 medida que nos envolvemos com novos parceiros institucionais que assinam o compromisso.<\/p>\n\n\n\n<h2 class=\"wp-block-heading\"><strong>Dando as boas-vindas a Wessel van den Berg como diretor da MenCare<\/strong><\/h2>\n\n\n\n<div class=\"wp-block-columns is-layout-flex wp-container-core-columns-is-layout-9d6595d7 wp-block-columns-is-layout-flex\">\n<div class=\"wp-block-column is-layout-flow wp-block-column-is-layout-flow\" style=\"flex-basis:50%\">\n<figure class=\"wp-block-image size-full\"><a href=\"https:\/\/www.mencare.org\/wp-content\/uploads\/2022\/09\/Wessel-August-2022-square.jpeg\"><img loading=\"lazy\" decoding=\"async\" width=\"901\" height=\"901\" src=\"https:\/\/www.mencare.org\/wp-content\/uploads\/2022\/09\/Wessel-August-2022-square.jpeg\" alt=\"wessel headshot\" class=\"wp-image-7447\" srcset=\"https:\/\/www.mencare.org\/wp-content\/uploads\/2022\/09\/Wessel-August-2022-square.jpeg 901w, https:\/\/www.mencare.org\/wp-content\/uploads\/2022\/09\/Wessel-August-2022-square-300x300.jpeg 300w, https:\/\/www.mencare.org\/wp-content\/uploads\/2022\/09\/Wessel-August-2022-square-768x768.jpeg 768w\" sizes=\"auto, (max-width: 901px) 100vw, 901px\" \/><\/a><\/figure>\n<\/div>\n\n\n\n<div class=\"wp-block-column is-layout-flow wp-block-column-is-layout-flow\" style=\"flex-basis:50%\">\n<p>Estamos muito felizes em receber voc\u00ea <strong>Wessel van den Berg<\/strong>, cofundador da Campanha Global de Paternidade MenCare e da s\u00e9rie de relat\u00f3rios sobre o Estado dos Pais na \u00c1frica do Sul, como o primeiro Oficial da MenCare. <\/p>\n\n\n\n<p>Wessel traz duas d\u00e9cadas de experi\u00eancia trabalhando em quest\u00f5es de igualdade de g\u00eanero e quase 18 anos de experi\u00eancia trabalhando com meninos e homens. Ele recebeu seu PhD em Sociologia e possui mestrado em Desenvolvimento Sustent\u00e1vel pela Stellenbosch University. \u00c9 uma del\u00edcia ter Wessel a bordo!<\/p>\n<\/div>\n<\/div>\n\n\n\n<h2 class=\"wp-block-heading\">Olhando para o futuro <strong>Situa\u00e7\u00e3o da Paternidade no Mundo<\/strong> 2023<\/h2>\n\n\n\n<p>O pr\u00f3ximo <strong>Situa\u00e7\u00e3o da Paternidade no Mundo 2023<\/strong> lan\u00e7ar\u00e1 luz sobre a defini\u00e7\u00e3o em expans\u00e3o do que significa ser um ser humano atencioso e os resultados positivos de ser um ser humano atencioso consigo mesmo, com os relacionamentos e com a comunidade. Com a pandemia, os pap\u00e9is de cuidado que mulheres e homens desempenham foram trazidos \u00e0 tona. Embora muitos homens tenham aumentado a quantidade que faziam, estudos destacaram que mulheres e meninas, que j\u00e1 faziam mais cuidados n\u00e3o remunerados e trabalho dom\u00e9stico do que os homens em todos os pa\u00edses do mundo, agora estavam fazendo ainda mais. Vale ressaltar que, com a pandemia, h\u00e1 um aumento no discurso p\u00fablico sobre o cuidado \u2014 cuidado consigo mesmo, cuidado com as crian\u00e7as, cuidado com os pais, cuidado com as comunidades e cuidado com a sa\u00fade p\u00fablica. Neste contexto \u00fanico e talvez mut\u00e1vel, \u00e9 fundamental pensar sobre o que homens, mulheres e pessoas de todos os g\u00eaneros acreditam que &quot;cuidar&quot; abrange. Em estudos cruciais sobre homens e masculinidades, a no\u00e7\u00e3o de <em>masculinidades atenciosas <\/em>foi postulado por te\u00f3ricos. Sabendo o que sabemos sobre o cuidado dos homens, \u00e9 aparente que o cuidado dos homens al\u00e9m do cuidado de crian\u00e7as pequenas e beb\u00eas (o per\u00edodo geralmente coberto pela licen\u00e7a-paternidade) se tornou urgente \u2013 incluindo: o cuidado dos homens com crian\u00e7as al\u00e9m dos primeiros anos, seu c\u00f4njuge\/parceiro, o cuidado dos homens com membros idosos da fam\u00edlia, a comunidade, o meio ambiente, a si mesmo e o contexto nacional e pol\u00edtico.<\/p>\n\n\n\n<p>O pr\u00f3ximo State of the World&#039;s Fathers 2023 lan\u00e7ar\u00e1 luz sobre o cuidado e os resultados positivos de ser um ser humano atencioso consigo mesmo, com os relacionamentos e com a comunidade. Durante a pandemia, os pap\u00e9is de cuidador ocupados por mulheres e homens foram trazidos \u00e0 tona; embora os homens tenham se destacado, as mulheres continuaram a fazer mais trabalho de cuidado do que os homens em todos os pa\u00edses do mundo. A pandemia aumentou o discurso p\u00fablico sobre o cuidado, incluindo discuss\u00f5es sobre a urg\u00eancia do envolvimento dos homens no cuidado.<\/p>","protected":false},"excerpt":{"rendered":"<p>Saindo de uma revis\u00e3o interna de 10 anos da Campanha MenCare, os coordenadores globais, Equimundo: Center for Masculinities and Social Justice e Sonke Gender Justice, est\u00e3o buscando mudar o trabalho da campanha para abordar algumas das preocupa\u00e7\u00f5es levantadas na revis\u00e3o. Em junho de 2022, v\u00e1rias organiza\u00e7\u00f5es parceiras da MenCare se reuniram em Coimbra, Portugal. Neste&nbsp;<a class=\"read-more-link\" href=\"https:\/\/www.mencare.org\/pt\/mencare-updates-september-2022\/\">\u2026<\/a><\/p>","protected":false},"author":180,"featured_media":7456,"comment_status":"closed","ping_status":"closed","sticky":false,"template":"","format":"standard","meta":{"footnotes":""},"categories":[1],"tags":[],"class_list":["post-7445","post","type-post","status-publish","format-standard","has-post-thumbnail","hentry","category-uncategorized"],"acf":[],"yoast_head":"<!-- This site is optimized with the Yoast SEO plugin v25.9 - https:\/\/yoast.com\/wordpress\/plugins\/seo\/ -->\n<title>MenCare News | September 2022 - MenCare<\/title>\n<meta name=\"robots\" content=\"index, follow, max-snippet:-1, max-image-preview:large, max-video-preview:-1\" \/>\n<link rel=\"canonical\" href=\"https:\/\/www.mencare.org\/pt\/mencare-updates-september-2022\/\" \/>\n<meta property=\"og:locale\" content=\"pt_BR\" \/>\n<meta property=\"og:type\" content=\"article\" \/>\n<meta property=\"og:title\" content=\"MenCare News | September 2022 - MenCare\" \/>\n<meta property=\"og:description\" content=\"Coming out of a 10-year internal review of the MenCare Campaign, the global co-coordinators, Equimundo: Center for Masculinities and Social Justice and Sonke Gender Justice, are seeking to shift the campaign&#8217;s work to address some of the concerns raised in the review. In June 2022, several MenCare partner organizations convened in Coimbra, Portugal. At this&nbsp;&hellip;\" \/>\n<meta property=\"og:url\" content=\"https:\/\/www.mencare.org\/pt\/mencare-updates-september-2022\/\" \/>\n<meta property=\"og:site_name\" content=\"MenCare\" \/>\n<meta property=\"article:published_time\" content=\"2022-09-08T20:27:49+00:00\" \/>\n<meta property=\"article:modified_time\" content=\"2023-04-19T18:48:51+00:00\" \/>\n<meta property=\"og:image\" content=\"https:\/\/www.mencare.org\/wp-content\/uploads\/2022\/09\/jonas-kakaroto-6mKYvWQF6yw-unsplash-1-scaled.jpg\" \/>\n\t<meta property=\"og:image:width\" content=\"2560\" \/>\n\t<meta property=\"og:image:height\" content=\"1707\" \/>\n\t<meta property=\"og:image:type\" content=\"image\/jpeg\" \/>\n<meta name=\"author\" content=\"Hannah Chosid\" \/>\n<meta name=\"twitter:card\" content=\"summary_large_image\" \/>\n<meta name=\"twitter:label1\" content=\"Written by\" \/>\n\t<meta name=\"twitter:data1\" content=\"Hannah Chosid\" \/>\n\t<meta name=\"twitter:label2\" content=\"Est. reading time\" \/>\n\t<meta name=\"twitter:data2\" content=\"6 minutes\" \/>\n<script type=\"application\/ld+json\" class=\"yoast-schema-graph\">{\"@context\":\"https:\/\/schema.org\",\"@graph\":[{\"@type\":\"WebPage\",\"@id\":\"https:\/\/www.mencare.org\/pt\/mencare-updates-september-2022\/\",\"url\":\"https:\/\/www.mencare.org\/pt\/mencare-updates-september-2022\/\",\"name\":\"MenCare News | September 2022 - MenCare\",\"isPartOf\":{\"@id\":\"https:\/\/www.mencare.org\/#website\"},\"primaryImageOfPage\":{\"@id\":\"https:\/\/www.mencare.org\/pt\/mencare-updates-september-2022\/#primaryimage\"},\"image\":{\"@id\":\"https:\/\/www.mencare.org\/pt\/mencare-updates-september-2022\/#primaryimage\"},\"thumbnailUrl\":\"https:\/\/www.mencare.org\/wp-content\/uploads\/2022\/09\/jonas-kakaroto-6mKYvWQF6yw-unsplash-1-scaled.jpg\",\"datePublished\":\"2022-09-08T20:27:49+00:00\",\"dateModified\":\"2023-04-19T18:48:51+00:00\",\"author\":{\"@id\":\"https:\/\/www.mencare.org\/#\/schema\/person\/98d4b70eb3715a6ffd25456caa468cf9\"},\"breadcrumb\":{\"@id\":\"https:\/\/www.mencare.org\/pt\/mencare-updates-september-2022\/#breadcrumb\"},\"inLanguage\":\"pt-BR\",\"potentialAction\":[{\"@type\":\"ReadAction\",\"target\":[\"https:\/\/www.mencare.org\/pt\/mencare-updates-september-2022\/\"]}]},{\"@type\":\"ImageObject\",\"inLanguage\":\"pt-BR\",\"@id\":\"https:\/\/www.mencare.org\/pt\/mencare-updates-september-2022\/#primaryimage\",\"url\":\"https:\/\/www.mencare.org\/wp-content\/uploads\/2022\/09\/jonas-kakaroto-6mKYvWQF6yw-unsplash-1-scaled.jpg\",\"contentUrl\":\"https:\/\/www.mencare.org\/wp-content\/uploads\/2022\/09\/jonas-kakaroto-6mKYvWQF6yw-unsplash-1-scaled.jpg\",\"width\":2560,\"height\":1707},{\"@type\":\"BreadcrumbList\",\"@id\":\"https:\/\/www.mencare.org\/pt\/mencare-updates-september-2022\/#breadcrumb\",\"itemListElement\":[{\"@type\":\"ListItem\",\"position\":1,\"name\":\"Home\",\"item\":\"https:\/\/www.mencare.org\/\"},{\"@type\":\"ListItem\",\"position\":2,\"name\":\"MenCare News | September 2022\"}]},{\"@type\":\"WebSite\",\"@id\":\"https:\/\/www.mencare.org\/#website\",\"url\":\"https:\/\/www.mencare.org\/\",\"name\":\"MenCare\",\"description\":\"A Global Fatherhood Campaign\",\"potentialAction\":[{\"@type\":\"SearchAction\",\"target\":{\"@type\":\"EntryPoint\",\"urlTemplate\":\"https:\/\/www.mencare.org\/?s={search_term_string}\"},\"query-input\":{\"@type\":\"PropertyValueSpecification\",\"valueRequired\":true,\"valueName\":\"search_term_string\"}}],\"inLanguage\":\"pt-BR\"},{\"@type\":\"Person\",\"@id\":\"https:\/\/www.mencare.org\/#\/schema\/person\/98d4b70eb3715a6ffd25456caa468cf9\",\"name\":\"Hannah Chosid\",\"image\":{\"@type\":\"ImageObject\",\"inLanguage\":\"pt-BR\",\"@id\":\"https:\/\/www.mencare.org\/#\/schema\/person\/image\/\",\"url\":\"https:\/\/secure.gravatar.com\/avatar\/7d588a6bab168c7bf315e0c02a9d216d3ae1cc96e6a277774b99cb60754213c6?s=96&d=mm&r=g\",\"contentUrl\":\"https:\/\/secure.gravatar.com\/avatar\/7d588a6bab168c7bf315e0c02a9d216d3ae1cc96e6a277774b99cb60754213c6?s=96&d=mm&r=g\",\"caption\":\"Hannah Chosid\"},\"url\":\"https:\/\/www.mencare.org\/pt\/author\/hchosid\/\"}]}<\/script>\n<!-- \/ Yoast SEO plugin. -->","yoast_head_json":{"title":"MenCare News | September 2022 - MenCare","robots":{"index":"index","follow":"follow","max-snippet":"max-snippet:-1","max-image-preview":"max-image-preview:large","max-video-preview":"max-video-preview:-1"},"canonical":"https:\/\/www.mencare.org\/pt\/mencare-updates-september-2022\/","og_locale":"pt_BR","og_type":"article","og_title":"MenCare News | September 2022 - MenCare","og_description":"Coming out of a 10-year internal review of the MenCare Campaign, the global co-coordinators, Equimundo: Center for Masculinities and Social Justice and Sonke Gender Justice, are seeking to shift the campaign&#8217;s work to address some of the concerns raised in the review. In June 2022, several MenCare partner organizations convened in Coimbra, Portugal. At this&nbsp;&hellip;","og_url":"https:\/\/www.mencare.org\/pt\/mencare-updates-september-2022\/","og_site_name":"MenCare","article_published_time":"2022-09-08T20:27:49+00:00","article_modified_time":"2023-04-19T18:48:51+00:00","og_image":[{"width":2560,"height":1707,"url":"https:\/\/www.mencare.org\/wp-content\/uploads\/2022\/09\/jonas-kakaroto-6mKYvWQF6yw-unsplash-1-scaled.jpg","type":"image\/jpeg"}],"author":"Hannah Chosid","twitter_card":"summary_large_image","twitter_misc":{"Written by":"Hannah Chosid","Est. reading time":"6 minutes"},"schema":{"@context":"https:\/\/schema.org","@graph":[{"@type":"WebPage","@id":"https:\/\/www.mencare.org\/pt\/mencare-updates-september-2022\/","url":"https:\/\/www.mencare.org\/pt\/mencare-updates-september-2022\/","name":"MenCare News | September 2022 - MenCare","isPartOf":{"@id":"https:\/\/www.mencare.org\/#website"},"primaryImageOfPage":{"@id":"https:\/\/www.mencare.org\/pt\/mencare-updates-september-2022\/#primaryimage"},"image":{"@id":"https:\/\/www.mencare.org\/pt\/mencare-updates-september-2022\/#primaryimage"},"thumbnailUrl":"https:\/\/www.mencare.org\/wp-content\/uploads\/2022\/09\/jonas-kakaroto-6mKYvWQF6yw-unsplash-1-scaled.jpg","datePublished":"2022-09-08T20:27:49+00:00","dateModified":"2023-04-19T18:48:51+00:00","author":{"@id":"https:\/\/www.mencare.org\/#\/schema\/person\/98d4b70eb3715a6ffd25456caa468cf9"},"breadcrumb":{"@id":"https:\/\/www.mencare.org\/pt\/mencare-updates-september-2022\/#breadcrumb"},"inLanguage":"pt-BR","potentialAction":[{"@type":"ReadAction","target":["https:\/\/www.mencare.org\/pt\/mencare-updates-september-2022\/"]}]},{"@type":"ImageObject","inLanguage":"pt-BR","@id":"https:\/\/www.mencare.org\/pt\/mencare-updates-september-2022\/#primaryimage","url":"https:\/\/www.mencare.org\/wp-content\/uploads\/2022\/09\/jonas-kakaroto-6mKYvWQF6yw-unsplash-1-scaled.jpg","contentUrl":"https:\/\/www.mencare.org\/wp-content\/uploads\/2022\/09\/jonas-kakaroto-6mKYvWQF6yw-unsplash-1-scaled.jpg","width":2560,"height":1707},{"@type":"BreadcrumbList","@id":"https:\/\/www.mencare.org\/pt\/mencare-updates-september-2022\/#breadcrumb","itemListElement":[{"@type":"ListItem","position":1,"name":"Home","item":"https:\/\/www.mencare.org\/"},{"@type":"ListItem","position":2,"name":"MenCare News | September 2022"}]},{"@type":"WebSite","@id":"https:\/\/www.mencare.org\/#website","url":"https:\/\/www.mencare.org\/","name":"Cuidados com os homens","description":"Uma Campanha Global de Paternidade","potentialAction":[{"@type":"SearchAction","target":{"@type":"EntryPoint","urlTemplate":"https:\/\/www.mencare.org\/?s={search_term_string}"},"query-input":{"@type":"PropertyValueSpecification","valueRequired":true,"valueName":"search_term_string"}}],"inLanguage":"pt-BR"},{"@type":"Person","@id":"https:\/\/www.mencare.org\/#\/schema\/person\/98d4b70eb3715a6ffd25456caa468cf9","name":"Hannah Chosid","image":{"@type":"ImageObject","inLanguage":"pt-BR","@id":"https:\/\/www.mencare.org\/#\/schema\/person\/image\/","url":"https:\/\/secure.gravatar.com\/avatar\/7d588a6bab168c7bf315e0c02a9d216d3ae1cc96e6a277774b99cb60754213c6?s=96&d=mm&r=g","contentUrl":"https:\/\/secure.gravatar.com\/avatar\/7d588a6bab168c7bf315e0c02a9d216d3ae1cc96e6a277774b99cb60754213c6?s=96&d=mm&r=g","caption":"Hannah Chosid"},"url":"https:\/\/www.mencare.org\/pt\/author\/hchosid\/"}]}},"_links":{"self":[{"href":"https:\/\/www.mencare.org\/pt\/wp-json\/wp\/v2\/posts\/7445","targetHints":{"allow":["GET"]}}],"collection":[{"href":"https:\/\/www.mencare.org\/pt\/wp-json\/wp\/v2\/posts"}],"about":[{"href":"https:\/\/www.mencare.org\/pt\/wp-json\/wp\/v2\/types\/post"}],"author":[{"embeddable":true,"href":"https:\/\/www.mencare.org\/pt\/wp-json\/wp\/v2\/users\/180"}],"replies":[{"embeddable":true,"href":"https:\/\/www.mencare.org\/pt\/wp-json\/wp\/v2\/comments?post=7445"}],"version-history":[{"count":3,"href":"https:\/\/www.mencare.org\/pt\/wp-json\/wp\/v2\/posts\/7445\/revisions"}],"predecessor-version":[{"id":7629,"href":"https:\/\/www.mencare.org\/pt\/wp-json\/wp\/v2\/posts\/7445\/revisions\/7629"}],"wp:featuredmedia":[{"embeddable":true,"href":"https:\/\/www.mencare.org\/pt\/wp-json\/wp\/v2\/media\/7456"}],"wp:attachment":[{"href":"https:\/\/www.mencare.org\/pt\/wp-json\/wp\/v2\/media?parent=7445"}],"wp:term":[{"taxonomy":"category","embeddable":true,"href":"https:\/\/www.mencare.org\/pt\/wp-json\/wp\/v2\/categories?post=7445"},{"taxonomy":"post_tag","embeddable":true,"href":"https:\/\/www.mencare.org\/pt\/wp-json\/wp\/v2\/tags?post=7445"}],"curies":[{"name":"wp","href":"https:\/\/api.w.org\/{rel}","templated":true}]}}