{"id":7664,"date":"2023-04-20T12:02:04","date_gmt":"2023-04-20T16:02:04","guid":{"rendered":"https:\/\/www.mencare.org\/?p=7664"},"modified":"2023-04-24T09:39:48","modified_gmt":"2023-04-24T13:39:48","slug":"caring-masculinities","status":"publish","type":"post","link":"https:\/\/www.mencare.org\/pt\/caring-masculinities\/","title":{"rendered":"Masculinidades atenciosas: o que s\u00e3o e por que s\u00e3o importantes?"},"content":{"rendered":"<p><em>Por Rodrigo Barraza, Codiretor Regional para as Am\u00e9ricas, Fundo Global para Crian\u00e7as<\/em><\/p>\n\n\n\n<figure class=\"wp-block-image size-large\"><a href=\"https:\/\/www.mencare.org\/wp-content\/uploads\/2023\/04\/pintando-1.jpg\"><img loading=\"lazy\" decoding=\"async\" width=\"1024\" height=\"768\" src=\"https:\/\/www.mencare.org\/wp-content\/uploads\/2023\/04\/pintando-1-1024x768.jpg\" alt=\"\" class=\"wp-image-7670\" srcset=\"https:\/\/www.mencare.org\/wp-content\/uploads\/2023\/04\/pintando-1-1024x768.jpg 1024w, https:\/\/www.mencare.org\/wp-content\/uploads\/2023\/04\/pintando-1-300x225.jpg 300w, https:\/\/www.mencare.org\/wp-content\/uploads\/2023\/04\/pintando-1-768x576.jpg 768w, https:\/\/www.mencare.org\/wp-content\/uploads\/2023\/04\/pintando-1-1536x1152.jpg 1536w, https:\/\/www.mencare.org\/wp-content\/uploads\/2023\/04\/pintando-1.jpg 2048w\" sizes=\"auto, (max-width: 1024px) 100vw, 1024px\" \/><\/a><\/figure>\n\n\n\n<p><em>Nota do editor: esta postagem tamb\u00e9m est\u00e1 dispon\u00edvel em <a href=\"https:\/\/www.mencare.org\/pt\/2023\/04\/20\/masculinidades-cuidadoras\/\">Espanhol<\/a>.<\/em><\/p>\n\n\n\n<p><em><br><\/em><strong>Para muitos homens e meninos na Am\u00e9rica Central, o cuidado \u00e9 usado para justificar o exerc\u00edcio de poder sobre os outros. A nova campanha regional de m\u00eddia social da GFC \u201cCuidar \u2013 nos hace bien\u201d (Cuidar \u2013 nos faz bem) incentiva meninos e jovens a repensar o cuidado como corresponsabilidade, apoio abrangente e empatia.<\/strong><\/p>\n\n\n\n<p>Quase desde o momento em que nascem, muitos meninos aprendem que cuidado \u00e9 equivalente a controle, provis\u00e3o e prote\u00e7\u00e3o.<\/p>\n\n\n\n<p>Para esses meninos e os homens que eles se tornam, cuidar significa comandar. Sob esse ditado, os homens fornecem cuidados como o chefe da casa, aquele que sempre tem a \u00faltima palavra, aquele que toma decis\u00f5es sozinho e sem ajuda. Para fornecer cuidados, muitos homens sentem que precisam sempre ter todas as respostas e n\u00e3o duvidar por um segundo de si mesmos e de suas a\u00e7\u00f5es.<\/p>\n\n\n\n<p>Sob os valores masculinos tradicionais, o cuidado tamb\u00e9m pode tolerar a viol\u00eancia. Os homens podem cair na armadilha de pensar que sabem o que \u00e9 melhor para as pessoas de quem cuidam \u2013 e que n\u00e3o devem hesitar em ter uma \u201cm\u00e3o forte\u201d se algu\u00e9m n\u00e3o agir de acordo com o que eles acham que \u00e9 correto. \u201cEu fa\u00e7o isso para o seu pr\u00f3prio bem. Um dia, voc\u00ea vai me agradecer.\u201d Infelizmente, muitos de n\u00f3s j\u00e1 ouvimos isso em algum momento de nossas vidas.<br>Essa vis\u00e3o tradicional do cuidado masculino d\u00e1 poder aos homens. Permite que eles exer\u00e7am dom\u00ednio sobre os outros sob o pretexto de cuidar deles. Permite que eles se sintam invulner\u00e1veis.<\/p>\n\n\n\n<p>Para as mulheres, por outro lado, o cuidado tem sido tradicionalmente associado \u00e0 cria\u00e7\u00e3o dos filhos e \u00e0s tarefas dom\u00e9sticas, tarefas com pouco ou nenhum reconhecimento econ\u00f4mico ou social.<\/p>\n\n\n\n<p>O cuidado feminino tem sido visto h\u00e1 muito tempo como um ato de amor, uma qualidade natural, mas que frequentemente requer sacrif\u00edcio. Cuidar sob essa rubrica pode significar abandonar quaisquer desejos individuais e subordinar as pr\u00f3prias necessidades \u00e0s necessidades da fam\u00edlia ou de entes queridos.<\/p>\n\n\n\n<p>Nas \u00faltimas d\u00e9cadas, por\u00e9m, essa forma de entender e abordar o cuidado tem sido profundamente questionada.<\/p>\n\n\n\n<p>O desaparecimento do estado de bem-estar social e a precariedade dos sistemas de prote\u00e7\u00e3o resultaram em um fluxo maci\u00e7o de mulheres para a for\u00e7a de trabalho, desestabilizando o modelo cl\u00e1ssico de um \u00fanico homem provedor.<br>Ao mesmo tempo, os movimentos feministas e de diversidade sexual levantaram suas vozes, exigindo pr\u00e1ticas e pol\u00edticas mais equitativas, al\u00e9m de questionar os pap\u00e9is e estere\u00f3tipos sexuais e de g\u00eanero que produzem e normalizam a viol\u00eancia, a injusti\u00e7a e o sofrimento.<\/p>\n\n\n\n<p>Gra\u00e7as a esses movimentos, agora sabemos que o modelo tradicional de assist\u00eancia baseado em pap\u00e9is sociais r\u00edgidos, divis\u00f5es injustas e estere\u00f3tipos de g\u00eanero \u00e9 insustent\u00e1vel.<\/p>\n\n\n\n<p>Para as mulheres, assumir o trabalho de cuidado quase exclusivamente no \u00e2mbito dom\u00e9stico implica cansa\u00e7o, sobrecarga e perda de oportunidades. Para os homens, o cuidado associado ao controle e \u00e0 responsabilidade exclusiva de prover a fam\u00edlia gera transtornos emocionais, doen\u00e7as e ado\u00e7\u00e3o de comportamentos de risco. Para homens e mulheres, o cuidado se torna um peso que os limita, isola e desgasta.<\/p>\n\n\n\n<p>Em resposta a este modelo injusto, surgiram novas propostas que defendem \u201cmasculinidades cuidadoras\u201d. Atrav\u00e9s da sua <a href=\"https:\/\/globalfundforchildren.org\/initiatives\/promoting-youth-leadership-for-gender-justice\/\">Iniciativa de promo\u00e7\u00e3o da lideran\u00e7a juvenil para a justi\u00e7a de g\u00eanero<\/a>, <a href=\"https:\/\/globalfundforchildren.org\/\">Fundo Global para Crian\u00e7as<\/a> (GFC) apoia grupos e redes liderados por jovens na Am\u00e9rica Central que promovem masculinidades saud\u00e1veis \u2013 incluindo conceitos saud\u00e1veis de cuidado \u2013 e promovem a justi\u00e7a de g\u00eanero por meio do envolvimento de meninos e homens jovens.<\/p>\n\n\n\n<figure class=\"wp-block-image size-large\"><a href=\"https:\/\/www.mencare.org\/wp-content\/uploads\/2023\/04\/masculinidades-cuidadoras.jpg\"><img loading=\"lazy\" decoding=\"async\" width=\"1024\" height=\"783\" src=\"https:\/\/www.mencare.org\/wp-content\/uploads\/2023\/04\/masculinidades-cuidadoras-1024x783.jpg\" alt=\"\" class=\"wp-image-7669\" srcset=\"https:\/\/www.mencare.org\/wp-content\/uploads\/2023\/04\/masculinidades-cuidadoras-1024x783.jpg 1024w, https:\/\/www.mencare.org\/wp-content\/uploads\/2023\/04\/masculinidades-cuidadoras-300x229.jpg 300w, https:\/\/www.mencare.org\/wp-content\/uploads\/2023\/04\/masculinidades-cuidadoras-768x587.jpg 768w, https:\/\/www.mencare.org\/wp-content\/uploads\/2023\/04\/masculinidades-cuidadoras-1536x1175.jpg 1536w, https:\/\/www.mencare.org\/wp-content\/uploads\/2023\/04\/masculinidades-cuidadoras.jpg 2048w\" sizes=\"auto, (max-width: 1024px) 100vw, 1024px\" \/><\/a><\/figure>\n\n\n\n<p>Masculinidades cuidadoras s\u00e3o simplesmente um convite para que o cuidado \u2013 tanto o cuidado coletivo quanto o cuidado pessoal \u2013 seja distribu\u00eddo equitativamente e para que os homens adotem valores como corresponsabilidade, apoio abrangente e empatia. Elas s\u00e3o um convite para que n\u00f3s, homens, nos tornemos \u201ccuidadores universais\u201d e nos envolvamos ativamente na luta pela justi\u00e7a de g\u00eanero. Elas s\u00e3o uma oportunidade para que os homens possam solicitar e oferecer cuidado n\u00e3o porque precisamos nos sentir no controle ou porque \u00e9 nossa obriga\u00e7\u00e3o, mas porque, ao cuidar, produzimos bem-estar, sustentamos a vida e nos enriquecemos individualmente e como comunidade.<\/p>\n\n\n\n<p>Sob a l\u00f3gica das masculinidades cuidadoras, cuidar \u00e9 um direito humano. E todos n\u00f3s devemos defend\u00ea-lo.<\/p>\n\n\n\n<p>Exercitar uma masculinidade atenciosa n\u00e3o \u00e9 uma tarefa f\u00e1cil. Implica desaprender muito do que nos foi ensinado, quebrar ciclos de viol\u00eancia, questionar normas de g\u00eanero, saber como pedir ajuda e abra\u00e7ar nossa pr\u00f3pria vulnerabilidade. N\u00e3o \u00e9 f\u00e1cil, mas podemos ganhar muito com essa mudan\u00e7a. Ao cuidar, podemos enriquecer nossos v\u00ednculos com o mundo, conosco mesmos e com os outros. Cuidar tamb\u00e9m nos permite fortalecer nossa intelig\u00eancia emocional e identificar pr\u00e1ticas e pol\u00edticas para garantir e democratizar o cuidado e promover o bem-estar da comunidade em todos os n\u00edveis.<\/p>\n\n\n\n<p>O cuidado \u00e9 pol\u00edtico, porque \u00e9 coletivo. Porque ele acende a transforma\u00e7\u00e3o social. E \u00e9 revolucion\u00e1rio, porque ele est\u00e1 comprometido com a vida e a justi\u00e7a em um mundo cada vez mais desigual.<\/p>\n\n\n\n<p>Na GFC, decidimos lan\u00e7ar, junto com nossos parceiros locais na Am\u00e9rica Central, a campanha regional de m\u00eddia \u201cCuidar \u2013 nos hace bien\u201d (Cuidar \u2013 nos faz bem) para promover modos saud\u00e1veis de cuidar. Acreditamos que distribuir o cuidado de forma equitativa e coloc\u00e1-lo no centro de nossas vidas e projetos \u00e9 um pequeno \u2013 e ao mesmo tempo enorme \u2013 passo em nossa busca cont\u00ednua para construir sociedades mais dignas, justas e felizes para todos.<\/p>\n\n\n\n<p><strong>Convidamos voc\u00ea a fazer parte da campanha e se tornar um cuidador universal. Voc\u00ea aceita o desafio?<\/strong><\/p>\n\n\n\n<p>Saiba mais sobre o <a href=\"https:\/\/cuidarnoshacebien.com\/\">campanha<\/a>.<\/p>\n\n\n\n<p>Descubra mais sobre <a href=\"https:\/\/www.instagram.com\/cuidarnoshacebien\/\">a\u00e7\u00f5es concretas<\/a> para exercer masculinidade atenciosa.<\/p>","protected":false},"excerpt":{"rendered":"<p>Por Rodrigo Barraza, Codiretor Regional para as Am\u00e9ricas, Global Fund for Children Nota do editor: Este post tamb\u00e9m est\u00e1 dispon\u00edvel em espanhol. Para muitos homens e meninos na Am\u00e9rica Central, o cuidado \u00e9 usado para justificar o exerc\u00edcio de poder sobre os outros. A nova campanha regional de m\u00eddia social do GFC \u201cCuidar \u2013 nos hace bien\u201d (Cuidar \u2013 nos faz bem) incentiva&nbsp;<a class=\"read-more-link\" href=\"https:\/\/www.mencare.org\/pt\/caring-masculinities\/\">\u2026<\/a><\/p>","protected":false},"author":180,"featured_media":7667,"comment_status":"closed","ping_status":"closed","sticky":false,"template":"","format":"standard","meta":{"footnotes":""},"categories":[653],"tags":[16,631,136],"class_list":["post-7664","post","type-post","status-publish","format-standard","has-post-thumbnail","hentry","category-fatherhood-and-caregiving","tag-americas","tag-central-america","tag-latin-america"],"acf":[],"yoast_head":"<!-- This site is optimized with the Yoast SEO plugin v25.9 - https:\/\/yoast.com\/wordpress\/plugins\/seo\/ -->\n<title>Caring masculinities: What are they, and why are they important? - MenCare<\/title>\n<meta name=\"robots\" content=\"index, follow, max-snippet:-1, max-image-preview:large, max-video-preview:-1\" \/>\n<link rel=\"canonical\" href=\"https:\/\/www.mencare.org\/pt\/caring-masculinities\/\" \/>\n<meta property=\"og:locale\" content=\"pt_BR\" \/>\n<meta property=\"og:type\" content=\"article\" \/>\n<meta property=\"og:title\" content=\"Caring masculinities: What are they, and why are they important? - MenCare\" \/>\n<meta property=\"og:description\" content=\"By&nbsp;Rodrigo Barraza, Regional Co-Director for the Americas, Global Fund for Children Editor\u2019s note: This post is also available in Spanish. For many men and boys in Central America, caring is used to justify exerting power over others. GFC\u2019s new regional \u201cCuidar \u2013 nos hace bien\u201d (Caring \u2013 it does us good) social media campaign encourages&nbsp;&hellip;\" \/>\n<meta property=\"og:url\" content=\"https:\/\/www.mencare.org\/pt\/caring-masculinities\/\" \/>\n<meta property=\"og:site_name\" content=\"MenCare\" \/>\n<meta property=\"article:published_time\" content=\"2023-04-20T16:02:04+00:00\" \/>\n<meta property=\"article:modified_time\" content=\"2023-04-24T13:39:48+00:00\" \/>\n<meta property=\"og:image\" content=\"https:\/\/www.mencare.org\/wp-content\/uploads\/2023\/04\/pintando.jpg\" \/>\n\t<meta property=\"og:image:width\" content=\"2048\" \/>\n\t<meta property=\"og:image:height\" content=\"1536\" \/>\n\t<meta property=\"og:image:type\" content=\"image\/jpeg\" \/>\n<meta name=\"author\" content=\"Hannah Chosid\" \/>\n<meta name=\"twitter:card\" content=\"summary_large_image\" \/>\n<meta name=\"twitter:label1\" content=\"Written by\" \/>\n\t<meta name=\"twitter:data1\" content=\"Hannah Chosid\" \/>\n\t<meta name=\"twitter:label2\" content=\"Est. reading time\" \/>\n\t<meta name=\"twitter:data2\" content=\"5 minutes\" \/>\n<script type=\"application\/ld+json\" class=\"yoast-schema-graph\">{\"@context\":\"https:\/\/schema.org\",\"@graph\":[{\"@type\":\"WebPage\",\"@id\":\"https:\/\/www.mencare.org\/pt\/caring-masculinities\/\",\"url\":\"https:\/\/www.mencare.org\/pt\/caring-masculinities\/\",\"name\":\"Caring masculinities: What are they, and why are they important? - MenCare\",\"isPartOf\":{\"@id\":\"https:\/\/www.mencare.org\/#website\"},\"primaryImageOfPage\":{\"@id\":\"https:\/\/www.mencare.org\/pt\/caring-masculinities\/#primaryimage\"},\"image\":{\"@id\":\"https:\/\/www.mencare.org\/pt\/caring-masculinities\/#primaryimage\"},\"thumbnailUrl\":\"https:\/\/www.mencare.org\/wp-content\/uploads\/2023\/04\/pintando.jpg\",\"datePublished\":\"2023-04-20T16:02:04+00:00\",\"dateModified\":\"2023-04-24T13:39:48+00:00\",\"author\":{\"@id\":\"https:\/\/www.mencare.org\/#\/schema\/person\/98d4b70eb3715a6ffd25456caa468cf9\"},\"breadcrumb\":{\"@id\":\"https:\/\/www.mencare.org\/pt\/caring-masculinities\/#breadcrumb\"},\"inLanguage\":\"pt-BR\",\"potentialAction\":[{\"@type\":\"ReadAction\",\"target\":[\"https:\/\/www.mencare.org\/pt\/caring-masculinities\/\"]}]},{\"@type\":\"ImageObject\",\"inLanguage\":\"pt-BR\",\"@id\":\"https:\/\/www.mencare.org\/pt\/caring-masculinities\/#primaryimage\",\"url\":\"https:\/\/www.mencare.org\/wp-content\/uploads\/2023\/04\/pintando.jpg\",\"contentUrl\":\"https:\/\/www.mencare.org\/wp-content\/uploads\/2023\/04\/pintando.jpg\",\"width\":2048,\"height\":1536},{\"@type\":\"BreadcrumbList\",\"@id\":\"https:\/\/www.mencare.org\/pt\/caring-masculinities\/#breadcrumb\",\"itemListElement\":[{\"@type\":\"ListItem\",\"position\":1,\"name\":\"Home\",\"item\":\"https:\/\/www.mencare.org\/\"},{\"@type\":\"ListItem\",\"position\":2,\"name\":\"Caring masculinities: What are they, and why are they important?\"}]},{\"@type\":\"WebSite\",\"@id\":\"https:\/\/www.mencare.org\/#website\",\"url\":\"https:\/\/www.mencare.org\/\",\"name\":\"MenCare\",\"description\":\"A Global Fatherhood Campaign\",\"potentialAction\":[{\"@type\":\"SearchAction\",\"target\":{\"@type\":\"EntryPoint\",\"urlTemplate\":\"https:\/\/www.mencare.org\/?s={search_term_string}\"},\"query-input\":{\"@type\":\"PropertyValueSpecification\",\"valueRequired\":true,\"valueName\":\"search_term_string\"}}],\"inLanguage\":\"pt-BR\"},{\"@type\":\"Person\",\"@id\":\"https:\/\/www.mencare.org\/#\/schema\/person\/98d4b70eb3715a6ffd25456caa468cf9\",\"name\":\"Hannah Chosid\",\"image\":{\"@type\":\"ImageObject\",\"inLanguage\":\"pt-BR\",\"@id\":\"https:\/\/www.mencare.org\/#\/schema\/person\/image\/\",\"url\":\"https:\/\/secure.gravatar.com\/avatar\/7d588a6bab168c7bf315e0c02a9d216d3ae1cc96e6a277774b99cb60754213c6?s=96&d=mm&r=g\",\"contentUrl\":\"https:\/\/secure.gravatar.com\/avatar\/7d588a6bab168c7bf315e0c02a9d216d3ae1cc96e6a277774b99cb60754213c6?s=96&d=mm&r=g\",\"caption\":\"Hannah Chosid\"},\"url\":\"https:\/\/www.mencare.org\/pt\/author\/hchosid\/\"}]}<\/script>\n<!-- \/ Yoast SEO plugin. -->","yoast_head_json":{"title":"Caring masculinities: What are they, and why are they important? - MenCare","robots":{"index":"index","follow":"follow","max-snippet":"max-snippet:-1","max-image-preview":"max-image-preview:large","max-video-preview":"max-video-preview:-1"},"canonical":"https:\/\/www.mencare.org\/pt\/caring-masculinities\/","og_locale":"pt_BR","og_type":"article","og_title":"Caring masculinities: What are they, and why are they important? - MenCare","og_description":"By&nbsp;Rodrigo Barraza, Regional Co-Director for the Americas, Global Fund for Children Editor\u2019s note: This post is also available in Spanish. For many men and boys in Central America, caring is used to justify exerting power over others. GFC\u2019s new regional \u201cCuidar \u2013 nos hace bien\u201d (Caring \u2013 it does us good) social media campaign encourages&nbsp;&hellip;","og_url":"https:\/\/www.mencare.org\/pt\/caring-masculinities\/","og_site_name":"MenCare","article_published_time":"2023-04-20T16:02:04+00:00","article_modified_time":"2023-04-24T13:39:48+00:00","og_image":[{"width":2048,"height":1536,"url":"https:\/\/www.mencare.org\/wp-content\/uploads\/2023\/04\/pintando.jpg","type":"image\/jpeg"}],"author":"Hannah Chosid","twitter_card":"summary_large_image","twitter_misc":{"Written by":"Hannah Chosid","Est. reading time":"5 minutes"},"schema":{"@context":"https:\/\/schema.org","@graph":[{"@type":"WebPage","@id":"https:\/\/www.mencare.org\/pt\/caring-masculinities\/","url":"https:\/\/www.mencare.org\/pt\/caring-masculinities\/","name":"Caring masculinities: What are they, and why are they important? - MenCare","isPartOf":{"@id":"https:\/\/www.mencare.org\/#website"},"primaryImageOfPage":{"@id":"https:\/\/www.mencare.org\/pt\/caring-masculinities\/#primaryimage"},"image":{"@id":"https:\/\/www.mencare.org\/pt\/caring-masculinities\/#primaryimage"},"thumbnailUrl":"https:\/\/www.mencare.org\/wp-content\/uploads\/2023\/04\/pintando.jpg","datePublished":"2023-04-20T16:02:04+00:00","dateModified":"2023-04-24T13:39:48+00:00","author":{"@id":"https:\/\/www.mencare.org\/#\/schema\/person\/98d4b70eb3715a6ffd25456caa468cf9"},"breadcrumb":{"@id":"https:\/\/www.mencare.org\/pt\/caring-masculinities\/#breadcrumb"},"inLanguage":"pt-BR","potentialAction":[{"@type":"ReadAction","target":["https:\/\/www.mencare.org\/pt\/caring-masculinities\/"]}]},{"@type":"ImageObject","inLanguage":"pt-BR","@id":"https:\/\/www.mencare.org\/pt\/caring-masculinities\/#primaryimage","url":"https:\/\/www.mencare.org\/wp-content\/uploads\/2023\/04\/pintando.jpg","contentUrl":"https:\/\/www.mencare.org\/wp-content\/uploads\/2023\/04\/pintando.jpg","width":2048,"height":1536},{"@type":"BreadcrumbList","@id":"https:\/\/www.mencare.org\/pt\/caring-masculinities\/#breadcrumb","itemListElement":[{"@type":"ListItem","position":1,"name":"Home","item":"https:\/\/www.mencare.org\/"},{"@type":"ListItem","position":2,"name":"Caring masculinities: What are they, and why are they important?"}]},{"@type":"WebSite","@id":"https:\/\/www.mencare.org\/#website","url":"https:\/\/www.mencare.org\/","name":"Cuidados com os homens","description":"Uma Campanha Global de Paternidade","potentialAction":[{"@type":"SearchAction","target":{"@type":"EntryPoint","urlTemplate":"https:\/\/www.mencare.org\/?s={search_term_string}"},"query-input":{"@type":"PropertyValueSpecification","valueRequired":true,"valueName":"search_term_string"}}],"inLanguage":"pt-BR"},{"@type":"Person","@id":"https:\/\/www.mencare.org\/#\/schema\/person\/98d4b70eb3715a6ffd25456caa468cf9","name":"Hannah Chosid","image":{"@type":"ImageObject","inLanguage":"pt-BR","@id":"https:\/\/www.mencare.org\/#\/schema\/person\/image\/","url":"https:\/\/secure.gravatar.com\/avatar\/7d588a6bab168c7bf315e0c02a9d216d3ae1cc96e6a277774b99cb60754213c6?s=96&d=mm&r=g","contentUrl":"https:\/\/secure.gravatar.com\/avatar\/7d588a6bab168c7bf315e0c02a9d216d3ae1cc96e6a277774b99cb60754213c6?s=96&d=mm&r=g","caption":"Hannah Chosid"},"url":"https:\/\/www.mencare.org\/pt\/author\/hchosid\/"}]}},"_links":{"self":[{"href":"https:\/\/www.mencare.org\/pt\/wp-json\/wp\/v2\/posts\/7664","targetHints":{"allow":["GET"]}}],"collection":[{"href":"https:\/\/www.mencare.org\/pt\/wp-json\/wp\/v2\/posts"}],"about":[{"href":"https:\/\/www.mencare.org\/pt\/wp-json\/wp\/v2\/types\/post"}],"author":[{"embeddable":true,"href":"https:\/\/www.mencare.org\/pt\/wp-json\/wp\/v2\/users\/180"}],"replies":[{"embeddable":true,"href":"https:\/\/www.mencare.org\/pt\/wp-json\/wp\/v2\/comments?post=7664"}],"version-history":[{"count":2,"href":"https:\/\/www.mencare.org\/pt\/wp-json\/wp\/v2\/posts\/7664\/revisions"}],"predecessor-version":[{"id":7688,"href":"https:\/\/www.mencare.org\/pt\/wp-json\/wp\/v2\/posts\/7664\/revisions\/7688"}],"wp:featuredmedia":[{"embeddable":true,"href":"https:\/\/www.mencare.org\/pt\/wp-json\/wp\/v2\/media\/7667"}],"wp:attachment":[{"href":"https:\/\/www.mencare.org\/pt\/wp-json\/wp\/v2\/media?parent=7664"}],"wp:term":[{"taxonomy":"category","embeddable":true,"href":"https:\/\/www.mencare.org\/pt\/wp-json\/wp\/v2\/categories?post=7664"},{"taxonomy":"post_tag","embeddable":true,"href":"https:\/\/www.mencare.org\/pt\/wp-json\/wp\/v2\/tags?post=7664"}],"curies":[{"name":"wp","href":"https:\/\/api.w.org\/{rel}","templated":true}]}}