{"id":7716,"date":"2023-06-16T10:18:06","date_gmt":"2023-06-16T14:18:06","guid":{"rendered":"https:\/\/www.mencare.org\/?p=7716"},"modified":"2023-06-16T10:18:08","modified_gmt":"2023-06-16T14:18:08","slug":"my-house-is-a-laboratory-for-my-work-and-my-work-is-an-expression-of-my-personal-life","status":"publish","type":"post","link":"https:\/\/www.mencare.org\/pt\/my-house-is-a-laboratory-for-my-work-and-my-work-is-an-expression-of-my-personal-life\/","title":{"rendered":"\u201cA minha casa \u00e9 um laborat\u00f3rio para o meu trabalho e o meu trabalho \u00e9 uma express\u00e3o da minha vida pessoal\u201d"},"content":{"rendered":"<h2 class=\"wp-block-heading\">Um retrato de Wessel van den Berg, MenCare Officer na Equimundo <\/h2>\n\n\n<div class=\"wp-block-image\">\n<figure class=\"aligncenter size-large is-resized\"><a href=\"https:\/\/www.mencare.org\/wp-content\/uploads\/2023\/06\/Wessel-picture-MenCare.jpg\"><img loading=\"lazy\" decoding=\"async\" src=\"https:\/\/www.mencare.org\/wp-content\/uploads\/2023\/06\/Wessel-picture-MenCare-1024x976.jpg\" alt=\"\" class=\"wp-image-7717\" width=\"516\" height=\"491\" srcset=\"https:\/\/www.mencare.org\/wp-content\/uploads\/2023\/06\/Wessel-picture-MenCare-1024x976.jpg 1024w, https:\/\/www.mencare.org\/wp-content\/uploads\/2023\/06\/Wessel-picture-MenCare-300x286.jpg 300w, https:\/\/www.mencare.org\/wp-content\/uploads\/2023\/06\/Wessel-picture-MenCare-768x732.jpg 768w, https:\/\/www.mencare.org\/wp-content\/uploads\/2023\/06\/Wessel-picture-MenCare-1536x1464.jpg 1536w, https:\/\/www.mencare.org\/wp-content\/uploads\/2023\/06\/Wessel-picture-MenCare.jpg 1592w\" sizes=\"auto, (max-width: 516px) 100vw, 516px\" \/><\/a><figcaption>Wessel em seu escrit\u00f3rio em casa na Cidade do Cabo, \u00c1frica do Sul<\/figcaption><\/figure>\n<\/div>\n\n\n<p><strong>Conte-nos um pouco sobre voc\u00ea.<\/strong><\/p>\n\n\n\n<p>Meu nome \u00e9 Wessel Van Den Berg e sou pai. Sou marido. Sou irm\u00e3o. Na verdade, tamb\u00e9m sou tio. E ainda n\u00e3o sou av\u00f4. Moro na \u00c1frica do Sul. E moro em uma cidade na regi\u00e3o vin\u00edcola perto da Cidade do Cabo. Adoro correr ou fazer trilhas nas montanhas ao redor de onde moro. E as montanhas t\u00eam uma conex\u00e3o legal porque meu nome, Van den Berg, na verdade significa &quot;da montanha&quot;. Atualmente, trabalho como MenCare Officer na Equimundo.<\/p>\n\n\n\n<p><strong>Quando voc\u00ea come\u00e7ou a fazer esse trabalho e o que o atraiu?<\/strong><\/p>\n\n\n\n<p>Pensando no meu pr\u00f3prio envolvimento no trabalho de cuidado, acho que um momento que foi importante foi quando trabalhei como professora de jardim de inf\u00e2ncia por tr\u00eas anos com um grupo de brincadeiras para crian\u00e7as. Foi ent\u00e3o que comecei a me perguntar sobre como os pap\u00e9is de g\u00eanero eram constru\u00eddos em torno do cuidado. Acho que tamb\u00e9m realmente gostei e me senti naturalmente em casa no contexto de cuidado. Realmente parecia um privil\u00e9gio maravilhoso fazer trabalho de cuidado diariamente como um trabalho.&nbsp;<\/p>\n\n\n\n<p>Cresci em uma fam\u00edlia muito amorosa e atenciosa, com ambos os pais trabalhando em profiss\u00f5es de assist\u00eancia, ent\u00e3o o foco parece natural para mim.&nbsp;<\/p>\n\n\n\n<p><strong>O que motiva voc\u00ea a continuar trabalhando na paternidade\/cuidado masculino?<\/strong><\/p>\n\n\n\n<p>Quando eu estava fazendo meu doutorado, eu o fiz sobre o engajamento dos homens em uma \u00e9tica de cuidado. E na \u00e9poca, eu tamb\u00e9m estava envolvido na coordena\u00e7\u00e3o do MenCare. N\u00f3s adotamos meu filho durante esse per\u00edodo, e minha filha tinha tr\u00eas anos. Ent\u00e3o eu tinha essa camada tripla de engajamento na paternidade \u2013 sendo um novo pai \u2013 pensando teoricamente sobre o que isso significava em termos da minha pesquisa, mas tamb\u00e9m trabalhando no meu trabalho di\u00e1rio e motivando outros a fazerem isso. Foi uma experi\u00eancia muito intensiva porque eu realmente percebi o qu\u00e3o importante meu comportamento pessoal \u00e9 para meu trabalho profissional, e como quando voc\u00ea diz &quot;o pessoal \u00e9 pol\u00edtico&quot;, ou &quot;o pol\u00edtico \u00e9 pessoal&quot;, o qu\u00e3o real isso \u00e9 em termos de trabalho de cuidado e parentalidade no lar. Minha casa \u00e9 como um laborat\u00f3rio para meu trabalho e meu trabalho \u00e9 como uma express\u00e3o da minha vida pessoal e [entre] os dois h\u00e1 esse relacionamento rec\u00edproco \u2013 isso \u00e9 algo que eu realmente gosto, e que realmente me motiva a continuar fazendo esse tipo de trabalho.<\/p>\n\n\n\n<p><strong>Qual \u00e9 a parte mais gratificante de trabalhar na MenCare?<\/strong><\/p>\n\n\n\n<p>Estou come\u00e7ando a ver resultados do nosso trabalho que antes eram invis\u00edveis para mim, que eu n\u00e3o conhecia. Um exemplo \u00e9 de um dos membros do conselho dos nossos parceiros MenCare, <a href=\"https:\/\/mfj.se\/en?_gl=1*11zb3e9*_up*MQ..*_ga*MjA4MTQ5NTgyNC4xNjgyNTI1ODA2*_ga_2ZQN0KYN2C*MTY4MjUyNTgwNS4xLjEuMTY4MjUyNTg0My4wLjAuMA..\">HOMEM<\/a> na Su\u00e9cia. Adam, que trabalha l\u00e1, participou de uma reuni\u00e3o da MenCare que organizamos em Uganda h\u00e1 sete anos. Ele agora est\u00e1 trabalhando na M\u00c4N, como membro do Partners&#039; Council, e trabalhando com paternidade porque ele participou daquela reuni\u00e3o de tr\u00eas dias, e isso o inspirou a explorar esse trabalho como uma carreira.<\/p>\n\n\n\n<p>Na outra ponta do espectro em termos de escala \u00e9 quando o trabalho program\u00e1tico que oferecemos \u00e9 realmente assumido por uma organiza\u00e7\u00e3o e implementado depois que fizemos o treinamento de instrutores. Na minha experi\u00eancia, muitas vezes fiz workshops de treinamento de instrutores e ent\u00e3o, esse \u00e9 o fim e os participantes aplicam principalmente o conhecimento em seu pr\u00f3prio trabalho. Mas ent\u00e3o, algumas vezes ao longo dos anos, eu ouvia de uma organiza\u00e7\u00e3o que continuou fazendo <a href=\"https:\/\/www.equimundo.org\/programs\/program-p\/\">Programa P<\/a> e ainda est\u00e3o fazendo isso. <a href=\"https:\/\/www.worldvision.ca\/\">Vis\u00e3o Mundial<\/a> \u00e9 o exemplo mais recente disso. Nossas colegas Jane Kato-Wallace e Kate Doyle fizeram alguns eventos de treinamento MenCare e Program P com a World Vision em v\u00e1rios pa\u00edses, incluindo Sri Lanka, Indon\u00e9sia e Bangladesh. Descobri recentemente na CSW, quando estava em um painel com a World Vision, que esses workshops inspiraram a WorldVision a adaptar e implementar a interven\u00e7\u00e3o. Eles a implementaram em v\u00e1rios pa\u00edses e alcan\u00e7aram milhares de pessoas com MenCare\/Program P sem nosso envolvimento direto como Equimundo. \u00c9 esse maravilhoso efeito domin\u00f3 das consequ\u00eancias do nosso trabalho no mundo. Isso realmente me mant\u00e9m ativo. Gosto de ouvir sobre isso e depois me envolver novamente, mas tamb\u00e9m \u00e9 muito legal que as coisas aconte\u00e7am independentemente de n\u00f3s. \u00c9 muito mais sustent\u00e1vel assim.<\/p>\n\n\n\n<p><strong>Como o seu trabalho como cuidador foi afetado por trabalhar nesse espa\u00e7o?<\/strong><\/p>\n\n\n\n<p>Quero destrinchar um pouco &quot;o pessoal \u00e9 pol\u00edtico, o pol\u00edtico \u00e9 pessoal&quot;. Ler sobre algo \u00e9 muito diferente de faz\u00ea-lo, ou mesmo escrever sobre isso. Ent\u00e3o, a ironia que frequentemente enfrento \u00e9 que eu estaria negligenciando o trabalho de cuidado que posso fazer em minha casa com meus filhos para escrever sobre homens tendo que fazer trabalho de cuidado, ou viajar para outro pa\u00eds para motivar outros homens a se envolverem no trabalho de cuidado. Meu parceiro e eu estamos muito cientes disso, e tentamos mitigar isso. Tentei reduzir as viagens e estou consciente de como administro meu tempo fora do trabalho remunerado para que eu possa contribuir para chegar a um ponto em que o trabalho de cuidado seja equitativo.<\/p>\n\n\n\n<p>A outra coisa \u00e9 apenas uma experi\u00eancia visceral de me perguntar por que n\u00e3o vejo as coisas que minha esposa v\u00ea. Se eu viajo por uma semana e volto, n\u00e3o tenho ideia de qual \u00e9 a prefer\u00eancia de lancheira dos meus filhos \u2014 muda em uma semana. E \u00e0s vezes tive que verificar com minha esposa qual camisa da escola \u00e9 a camisa da minha filha, qual \u00e9 a camisa do meu filho. Agora eu sei, mas \u00e9 porque eu fiz esse trabalho. Eu realmente, realmente me tornei sens\u00edvel a cair no modo de pedir ao meu parceiro para fazer o trabalho mental em meu nome e me instruir sobre os v\u00e1rios itens de trabalho de cuidado. Chegamos a um acordo porque \u00e0s vezes tenho que me ausentar e ent\u00e3o perco o contato. Ent\u00e3o, o que aprendi sobre mim mesmo \u00e9 que \u00e9 constante e um bom ponto de partida \u00e9 realmente ver o que est\u00e1 acontecendo, e a melhor maneira de fazer isso \u00e9 ser respons\u00e1vel por fazer isso. \u00c9 muito mais f\u00e1cil para mim rastrear quanta manteiga de amendoim sobrou no pote de manteiga de amendoim se eu estiver sozinha e sozinha com as crian\u00e7as por um fim de semana. Quando estou com meu parceiro, \u00e9 subliminar. \u00c9 inconsciente. Ele facilmente desliza para &quot;outra pessoa est\u00e1 fazendo isso; eu realmente n\u00e3o preciso me envolver com isso&quot;. Exemplos dom\u00e9sticos parecem mundanos, mas eles realmente se acumulam em fadiga mental e f\u00edsica. [Fazer esse trabalho] traz benef\u00edcios maravilhosos, mas \u00e9 um trabalho duro.<\/p>\n\n\n\n<p><br><em>Wessel tem trabalhado com a Equimundo como MenCare Officer desde setembro de 2022. Este primeiro artigo faz parte de uma s\u00e9rie que destaca o trabalho e as pessoas dentro do MenCare. Fique ligado nos pr\u00f3ximos artigos. Explore nosso site para saber mais sobre a campanha MenCare, seus parceiros e suas iniciativas<\/em>.<\/p>\n\n\n\n<div class=\"radius-fix\"><\/div>\n\n\n\n<div class=\"radius-fix\"><\/div>","protected":false},"excerpt":{"rendered":"<p>Um retrato de Wessel van den Berg, MenCare Officer na Equimundo Conte-nos um pouco sobre voc\u00ea. Meu nome \u00e9 Wessel Van Den Berg e sou pai. Sou marido. Sou irm\u00e3o. Na verdade, tamb\u00e9m sou tio. E ainda n\u00e3o sou av\u00f4. Moro na \u00c1frica do Sul. E eu&nbsp;<a class=\"read-more-link\" href=\"https:\/\/www.mencare.org\/pt\/my-house-is-a-laboratory-for-my-work-and-my-work-is-an-expression-of-my-personal-life\/\">\u2026<\/a><\/p>","protected":false},"author":180,"featured_media":7717,"comment_status":"closed","ping_status":"closed","sticky":false,"template":"","format":"standard","meta":{"footnotes":""},"categories":[1],"tags":[],"class_list":["post-7716","post","type-post","status-publish","format-standard","has-post-thumbnail","hentry","category-uncategorized"],"acf":[],"yoast_head":"<!-- This site is optimized with the Yoast SEO plugin v25.9 - https:\/\/yoast.com\/wordpress\/plugins\/seo\/ -->\n<title>&quot;My house is a laboratory for my work and my work is an expression of my personal life\u201d - MenCare<\/title>\n<meta name=\"robots\" content=\"index, follow, max-snippet:-1, max-image-preview:large, max-video-preview:-1\" \/>\n<link rel=\"canonical\" href=\"https:\/\/www.mencare.org\/pt\/my-house-is-a-laboratory-for-my-work-and-my-work-is-an-expression-of-my-personal-life\/\" \/>\n<meta property=\"og:locale\" content=\"pt_BR\" \/>\n<meta property=\"og:type\" content=\"article\" \/>\n<meta property=\"og:title\" content=\"&quot;My house is a laboratory for my work and my work is an expression of my personal life\u201d - MenCare\" \/>\n<meta property=\"og:description\" content=\"A Portrait of Wessel van den Berg, MenCare Officer at Equimundo Tell us a bit about who you are. My name is Wessel Van Den Berg and I am a father. I&#8217;m a husband. I&#8217;m a brother. I&#8217;m actually an uncle also. And I&#8217;m not yet a grandfather. I live in South Africa. And I&nbsp;&hellip;\" \/>\n<meta property=\"og:url\" content=\"https:\/\/www.mencare.org\/pt\/my-house-is-a-laboratory-for-my-work-and-my-work-is-an-expression-of-my-personal-life\/\" \/>\n<meta property=\"og:site_name\" content=\"MenCare\" \/>\n<meta property=\"article:published_time\" content=\"2023-06-16T14:18:06+00:00\" \/>\n<meta property=\"article:modified_time\" content=\"2023-06-16T14:18:08+00:00\" \/>\n<meta property=\"og:image\" content=\"https:\/\/www.mencare.org\/wp-content\/uploads\/2023\/06\/Wessel-picture-MenCare.jpg\" \/>\n\t<meta property=\"og:image:width\" content=\"1592\" \/>\n\t<meta property=\"og:image:height\" content=\"1517\" \/>\n\t<meta property=\"og:image:type\" content=\"image\/jpeg\" \/>\n<meta name=\"author\" content=\"Hannah Chosid\" \/>\n<meta name=\"twitter:card\" content=\"summary_large_image\" \/>\n<meta name=\"twitter:label1\" content=\"Written by\" \/>\n\t<meta name=\"twitter:data1\" content=\"Hannah Chosid\" \/>\n\t<meta name=\"twitter:label2\" content=\"Est. reading time\" \/>\n\t<meta name=\"twitter:data2\" content=\"6 minutes\" \/>\n<script type=\"application\/ld+json\" class=\"yoast-schema-graph\">{\"@context\":\"https:\/\/schema.org\",\"@graph\":[{\"@type\":\"WebPage\",\"@id\":\"https:\/\/www.mencare.org\/my-house-is-a-laboratory-for-my-work-and-my-work-is-an-expression-of-my-personal-life\/\",\"url\":\"https:\/\/www.mencare.org\/my-house-is-a-laboratory-for-my-work-and-my-work-is-an-expression-of-my-personal-life\/\",\"name\":\"\\\"My house is a laboratory for my work and my work is an expression of my personal life\u201d - MenCare\",\"isPartOf\":{\"@id\":\"https:\/\/www.mencare.org\/#website\"},\"primaryImageOfPage\":{\"@id\":\"https:\/\/www.mencare.org\/my-house-is-a-laboratory-for-my-work-and-my-work-is-an-expression-of-my-personal-life\/#primaryimage\"},\"image\":{\"@id\":\"https:\/\/www.mencare.org\/my-house-is-a-laboratory-for-my-work-and-my-work-is-an-expression-of-my-personal-life\/#primaryimage\"},\"thumbnailUrl\":\"https:\/\/www.mencare.org\/wp-content\/uploads\/2023\/06\/Wessel-picture-MenCare.jpg\",\"datePublished\":\"2023-06-16T14:18:06+00:00\",\"dateModified\":\"2023-06-16T14:18:08+00:00\",\"author\":{\"@id\":\"https:\/\/www.mencare.org\/#\/schema\/person\/98d4b70eb3715a6ffd25456caa468cf9\"},\"breadcrumb\":{\"@id\":\"https:\/\/www.mencare.org\/my-house-is-a-laboratory-for-my-work-and-my-work-is-an-expression-of-my-personal-life\/#breadcrumb\"},\"inLanguage\":\"pt-BR\",\"potentialAction\":[{\"@type\":\"ReadAction\",\"target\":[\"https:\/\/www.mencare.org\/my-house-is-a-laboratory-for-my-work-and-my-work-is-an-expression-of-my-personal-life\/\"]}]},{\"@type\":\"ImageObject\",\"inLanguage\":\"pt-BR\",\"@id\":\"https:\/\/www.mencare.org\/my-house-is-a-laboratory-for-my-work-and-my-work-is-an-expression-of-my-personal-life\/#primaryimage\",\"url\":\"https:\/\/www.mencare.org\/wp-content\/uploads\/2023\/06\/Wessel-picture-MenCare.jpg\",\"contentUrl\":\"https:\/\/www.mencare.org\/wp-content\/uploads\/2023\/06\/Wessel-picture-MenCare.jpg\",\"width\":1592,\"height\":1517},{\"@type\":\"BreadcrumbList\",\"@id\":\"https:\/\/www.mencare.org\/my-house-is-a-laboratory-for-my-work-and-my-work-is-an-expression-of-my-personal-life\/#breadcrumb\",\"itemListElement\":[{\"@type\":\"ListItem\",\"position\":1,\"name\":\"Home\",\"item\":\"https:\/\/www.mencare.org\/\"},{\"@type\":\"ListItem\",\"position\":2,\"name\":\"&#8220;My house is a laboratory for my work and my work is an expression of my personal life\u201d\"}]},{\"@type\":\"WebSite\",\"@id\":\"https:\/\/www.mencare.org\/#website\",\"url\":\"https:\/\/www.mencare.org\/\",\"name\":\"MenCare\",\"description\":\"A Global Fatherhood Campaign\",\"potentialAction\":[{\"@type\":\"SearchAction\",\"target\":{\"@type\":\"EntryPoint\",\"urlTemplate\":\"https:\/\/www.mencare.org\/?s={search_term_string}\"},\"query-input\":{\"@type\":\"PropertyValueSpecification\",\"valueRequired\":true,\"valueName\":\"search_term_string\"}}],\"inLanguage\":\"pt-BR\"},{\"@type\":\"Person\",\"@id\":\"https:\/\/www.mencare.org\/#\/schema\/person\/98d4b70eb3715a6ffd25456caa468cf9\",\"name\":\"Hannah Chosid\",\"image\":{\"@type\":\"ImageObject\",\"inLanguage\":\"pt-BR\",\"@id\":\"https:\/\/www.mencare.org\/#\/schema\/person\/image\/\",\"url\":\"https:\/\/secure.gravatar.com\/avatar\/7d588a6bab168c7bf315e0c02a9d216d3ae1cc96e6a277774b99cb60754213c6?s=96&d=mm&r=g\",\"contentUrl\":\"https:\/\/secure.gravatar.com\/avatar\/7d588a6bab168c7bf315e0c02a9d216d3ae1cc96e6a277774b99cb60754213c6?s=96&d=mm&r=g\",\"caption\":\"Hannah Chosid\"},\"url\":\"https:\/\/www.mencare.org\/pt\/author\/hchosid\/\"}]}<\/script>\n<!-- \/ Yoast SEO plugin. -->","yoast_head_json":{"title":"\"My house is a laboratory for my work and my work is an expression of my personal life\u201d - MenCare","robots":{"index":"index","follow":"follow","max-snippet":"max-snippet:-1","max-image-preview":"max-image-preview:large","max-video-preview":"max-video-preview:-1"},"canonical":"https:\/\/www.mencare.org\/pt\/my-house-is-a-laboratory-for-my-work-and-my-work-is-an-expression-of-my-personal-life\/","og_locale":"pt_BR","og_type":"article","og_title":"\"My house is a laboratory for my work and my work is an expression of my personal life\u201d - MenCare","og_description":"A Portrait of Wessel van den Berg, MenCare Officer at Equimundo Tell us a bit about who you are. My name is Wessel Van Den Berg and I am a father. I&#8217;m a husband. I&#8217;m a brother. I&#8217;m actually an uncle also. And I&#8217;m not yet a grandfather. I live in South Africa. And I&nbsp;&hellip;","og_url":"https:\/\/www.mencare.org\/pt\/my-house-is-a-laboratory-for-my-work-and-my-work-is-an-expression-of-my-personal-life\/","og_site_name":"MenCare","article_published_time":"2023-06-16T14:18:06+00:00","article_modified_time":"2023-06-16T14:18:08+00:00","og_image":[{"width":1592,"height":1517,"url":"https:\/\/www.mencare.org\/wp-content\/uploads\/2023\/06\/Wessel-picture-MenCare.jpg","type":"image\/jpeg"}],"author":"Hannah Chosid","twitter_card":"summary_large_image","twitter_misc":{"Written by":"Hannah Chosid","Est. reading time":"6 minutes"},"schema":{"@context":"https:\/\/schema.org","@graph":[{"@type":"WebPage","@id":"https:\/\/www.mencare.org\/my-house-is-a-laboratory-for-my-work-and-my-work-is-an-expression-of-my-personal-life\/","url":"https:\/\/www.mencare.org\/my-house-is-a-laboratory-for-my-work-and-my-work-is-an-expression-of-my-personal-life\/","name":"\"My house is a laboratory for my work and my work is an expression of my personal life\u201d - MenCare","isPartOf":{"@id":"https:\/\/www.mencare.org\/#website"},"primaryImageOfPage":{"@id":"https:\/\/www.mencare.org\/my-house-is-a-laboratory-for-my-work-and-my-work-is-an-expression-of-my-personal-life\/#primaryimage"},"image":{"@id":"https:\/\/www.mencare.org\/my-house-is-a-laboratory-for-my-work-and-my-work-is-an-expression-of-my-personal-life\/#primaryimage"},"thumbnailUrl":"https:\/\/www.mencare.org\/wp-content\/uploads\/2023\/06\/Wessel-picture-MenCare.jpg","datePublished":"2023-06-16T14:18:06+00:00","dateModified":"2023-06-16T14:18:08+00:00","author":{"@id":"https:\/\/www.mencare.org\/#\/schema\/person\/98d4b70eb3715a6ffd25456caa468cf9"},"breadcrumb":{"@id":"https:\/\/www.mencare.org\/my-house-is-a-laboratory-for-my-work-and-my-work-is-an-expression-of-my-personal-life\/#breadcrumb"},"inLanguage":"pt-BR","potentialAction":[{"@type":"ReadAction","target":["https:\/\/www.mencare.org\/my-house-is-a-laboratory-for-my-work-and-my-work-is-an-expression-of-my-personal-life\/"]}]},{"@type":"ImageObject","inLanguage":"pt-BR","@id":"https:\/\/www.mencare.org\/my-house-is-a-laboratory-for-my-work-and-my-work-is-an-expression-of-my-personal-life\/#primaryimage","url":"https:\/\/www.mencare.org\/wp-content\/uploads\/2023\/06\/Wessel-picture-MenCare.jpg","contentUrl":"https:\/\/www.mencare.org\/wp-content\/uploads\/2023\/06\/Wessel-picture-MenCare.jpg","width":1592,"height":1517},{"@type":"BreadcrumbList","@id":"https:\/\/www.mencare.org\/my-house-is-a-laboratory-for-my-work-and-my-work-is-an-expression-of-my-personal-life\/#breadcrumb","itemListElement":[{"@type":"ListItem","position":1,"name":"Home","item":"https:\/\/www.mencare.org\/"},{"@type":"ListItem","position":2,"name":"&#8220;My house is a laboratory for my work and my work is an expression of my personal life\u201d"}]},{"@type":"WebSite","@id":"https:\/\/www.mencare.org\/#website","url":"https:\/\/www.mencare.org\/","name":"Cuidados com os homens","description":"Uma Campanha Global de Paternidade","potentialAction":[{"@type":"SearchAction","target":{"@type":"EntryPoint","urlTemplate":"https:\/\/www.mencare.org\/?s={search_term_string}"},"query-input":{"@type":"PropertyValueSpecification","valueRequired":true,"valueName":"search_term_string"}}],"inLanguage":"pt-BR"},{"@type":"Person","@id":"https:\/\/www.mencare.org\/#\/schema\/person\/98d4b70eb3715a6ffd25456caa468cf9","name":"Hannah Chosid","image":{"@type":"ImageObject","inLanguage":"pt-BR","@id":"https:\/\/www.mencare.org\/#\/schema\/person\/image\/","url":"https:\/\/secure.gravatar.com\/avatar\/7d588a6bab168c7bf315e0c02a9d216d3ae1cc96e6a277774b99cb60754213c6?s=96&d=mm&r=g","contentUrl":"https:\/\/secure.gravatar.com\/avatar\/7d588a6bab168c7bf315e0c02a9d216d3ae1cc96e6a277774b99cb60754213c6?s=96&d=mm&r=g","caption":"Hannah Chosid"},"url":"https:\/\/www.mencare.org\/pt\/author\/hchosid\/"}]}},"_links":{"self":[{"href":"https:\/\/www.mencare.org\/pt\/wp-json\/wp\/v2\/posts\/7716","targetHints":{"allow":["GET"]}}],"collection":[{"href":"https:\/\/www.mencare.org\/pt\/wp-json\/wp\/v2\/posts"}],"about":[{"href":"https:\/\/www.mencare.org\/pt\/wp-json\/wp\/v2\/types\/post"}],"author":[{"embeddable":true,"href":"https:\/\/www.mencare.org\/pt\/wp-json\/wp\/v2\/users\/180"}],"replies":[{"embeddable":true,"href":"https:\/\/www.mencare.org\/pt\/wp-json\/wp\/v2\/comments?post=7716"}],"version-history":[{"count":2,"href":"https:\/\/www.mencare.org\/pt\/wp-json\/wp\/v2\/posts\/7716\/revisions"}],"predecessor-version":[{"id":7719,"href":"https:\/\/www.mencare.org\/pt\/wp-json\/wp\/v2\/posts\/7716\/revisions\/7719"}],"wp:featuredmedia":[{"embeddable":true,"href":"https:\/\/www.mencare.org\/pt\/wp-json\/wp\/v2\/media\/7717"}],"wp:attachment":[{"href":"https:\/\/www.mencare.org\/pt\/wp-json\/wp\/v2\/media?parent=7716"}],"wp:term":[{"taxonomy":"category","embeddable":true,"href":"https:\/\/www.mencare.org\/pt\/wp-json\/wp\/v2\/categories?post=7716"},{"taxonomy":"post_tag","embeddable":true,"href":"https:\/\/www.mencare.org\/pt\/wp-json\/wp\/v2\/tags?post=7716"}],"curies":[{"name":"wp","href":"https:\/\/api.w.org\/{rel}","templated":true}]}}